{"id":8432,"date":"2020-02-04T03:59:18","date_gmt":"2020-02-04T03:59:18","guid":{"rendered":"http:\/\/hormigaradio.com\/?p=8432"},"modified":"2020-02-04T15:15:45","modified_gmt":"2020-02-04T15:15:45","slug":"premios-esta-noche-un-hijo-sabanetero-que-llega-su-mayoria-de-edad-con-una-gala-de-alto-nivel","status":"publish","type":"post","link":"https:\/\/hormigaradio.com\/?p=8432","title":{"rendered":"\u201cPREMIOS ESTA NOCHE\u201d UN HIJO SABANETERO QUE LLEGA SU MAYOR\u00cdA DE EDAD, CON UNA GALA  DE ALTO NIVEL"},"content":{"rendered":"<p><a href=\"https:\/\/acento.com.do\/author\/mlaureano\/\">M\u00e1ximo Laureano<\/a><\/p>\n<figure id=\"attachment_8438\" aria-describedby=\"caption-attachment-8438\" style=\"width: 715px\" class=\"wp-caption alignright\"><img loading=\"lazy\" class=\"wp-image-8438 size-large\" src=\"http:\/\/hormigaradio.com\/wp-content\/uploads\/2020\/02\/rconocidos-esta-1024x1024.jpg\" alt=\"\" width=\"715\" height=\"715\" srcset=\"https:\/\/hormigaradio.com\/wp-content\/uploads\/2020\/02\/rconocidos-esta-1024x1024.jpg 1024w, https:\/\/hormigaradio.com\/wp-content\/uploads\/2020\/02\/rconocidos-esta-150x150.jpg 150w, https:\/\/hormigaradio.com\/wp-content\/uploads\/2020\/02\/rconocidos-esta-300x300.jpg 300w, https:\/\/hormigaradio.com\/wp-content\/uploads\/2020\/02\/rconocidos-esta-768x768.jpg 768w, https:\/\/hormigaradio.com\/wp-content\/uploads\/2020\/02\/rconocidos-esta-215x215.jpg 215w, https:\/\/hormigaradio.com\/wp-content\/uploads\/2020\/02\/rconocidos-esta.jpg 1080w\" sizes=\"(max-width: 715px) 100vw, 715px\" \/><figcaption id=\"caption-attachment-8438\" class=\"wp-caption-text\"><strong><em>Los reconocidos de la XVIII &#8220;Premios Esta Noche&#8221;, Mart\u00edn Rodr\u00edguez, Adrian Rodr\u00edguez (de Loyalty) Jorge P\u00e9rez, Williana Torres y Bolivar J\u00e1quez.<\/em><\/strong><\/figcaption><\/figure>\n<p>&nbsp;<\/p>\n<p>Decenas de personas\u00a0 fueron testigos\u00a0 del ceremonial n\u00famero 18 de \u201cPremios Esta Noche\u201d, una creaci\u00f3n nacida del municipio Sabaneta, de la provincia\u00a0 de Santiago Rodr\u00edguez, con la finalidad de reconocer\u00a0 a sus mejores hombres y mujeres, sus aportes.<\/p>\n<p><a href=\"https:\/\/www.google.com\/search?q=santiago+rodriguez+provincia&amp;oq=santiago+ro&amp;aqs=chrome.1.69i57j0l7.6394j0j8&amp;sourceid=chrome&amp;ie=UTF-8\">Santiago Rodr\u00edguez.<\/a><\/p>\n<p><a href=\"https:\/\/www.facebook.com\/Premios-Esta-Noche-Santiago-Rodr%C3%ADguez-1540593302899781\/\">Premios Esta Noche.<\/a><\/p>\n<p><a href=\"https:\/\/coopsano.com\/\">Coopsano.<\/a><\/p>\n<p>Son estos elegidos que en cada de una de estas versiones han puesto un sello de autenticidad a esta iniciativa, acogida desde sus \u201cpininos\u201d, por la Cooperativa Coopsano, principal patrocinador y que ha visto crecer el premio con todo su\u00a0 esplendor y con el respaldo de todo una comunidad que celebra cada entrega, como la primera.<\/p>\n<p>Como en\u00a0 versiones anteriores, el equipo organizador de \u201cPremios Esta Noche\u201d, encabezado por los periodistas,\u00a0 Raymundo Infante y Yacquelyn Castillo, pusieron la chispa extra, para desarrollar una\u00a0 gala, con una producci\u00f3n amena y muy profesional,\u00a0 digna de la etapa que vive la premiaci\u00f3n.<\/p>\n<p>Como\u00a0 aspecto a resaltar,\u00a0 la XVIII entrega de \u201cPremios Esta Noche\u201d, estuvo dedicada a\u00a0 hombres y mujeres nativos de Santiago Rodr\u00edguez, que residen fuera de la Rep\u00fablica Dominicana, espec\u00edficamente, en los Estados Unidos; y quienes desde la distancia, est\u00e1n pendiente de sus comunidades y hacen aportes sociales\u00a0\u00a0\u00a0 importantes.<\/p>\n<p><strong>Los reconocidos.<\/strong><\/p>\n<p>Como protagonistas de esta versi\u00f3n fueron reconocidos por sus grandes aportes a la comunidad, Mart\u00edn Rodr\u00edguez de Villa Los Alm\u00e1cigos, Bol\u00edvar J\u00e1quez, de Monci\u00f3n y por Sabaneta, Jorge P\u00e9rez y la doctora Williana J\u00e1quez, adem\u00e1s de la empresa Loyalty Transport\u00a0 Corp.<\/p>\n<p>\u201cLos Premios Esta Noche\u201d, promueven y resaltan los valores y la calidad de las personas nacidas en la Cuna de la Restauraci\u00f3n de la Independencia\u201d,\u00a0 afirman los organizadores del evento.<\/p>\n<p><strong>El compromiso.<\/strong><\/p>\n<figure id=\"attachment_8435\" aria-describedby=\"caption-attachment-8435\" style=\"width: 300px\" class=\"wp-caption alignright\"><img loading=\"lazy\" class=\"wp-image-8435 size-medium\" src=\"http:\/\/hormigaradio.com\/wp-content\/uploads\/2020\/02\/nicanor-ROD-300x200.jpg\" alt=\"\" width=\"300\" height=\"200\" srcset=\"https:\/\/hormigaradio.com\/wp-content\/uploads\/2020\/02\/nicanor-ROD-300x200.jpg 300w, https:\/\/hormigaradio.com\/wp-content\/uploads\/2020\/02\/nicanor-ROD-768x512.jpg 768w, https:\/\/hormigaradio.com\/wp-content\/uploads\/2020\/02\/nicanor-ROD-1024x683.jpg 1024w, https:\/\/hormigaradio.com\/wp-content\/uploads\/2020\/02\/nicanor-ROD.jpg 2043w\" sizes=\"(max-width: 300px) 100vw, 300px\" \/><figcaption id=\"caption-attachment-8435\" class=\"wp-caption-text\"><em><strong>Nicanor Rodr\u00edguez, gerente Coopsano.<\/strong><\/em><\/figcaption><\/figure>\n<p>Durante la ceremonia, realizada en las instalaciones del Club Coopsano en El Guanal, Nicanor Rodr\u00edguez, el gerente general de la cooperativa, reiter\u00f3 el compromiso de la entidad financiera en apoyar este tipo de actividad.<\/p>\n<p>La gala de \u201cPremios Esta Noche\u201d, tuvo en\u00a0 su escenario,\u00a0 un desfile de artistas, desde la\u00a0 ceremonia protocolar hasta\u00a0 el llamado\u00a0 \u201cAfter Party\u201d,\u00a0 especialmente exponentes de esta tierra, sobresalieron en sus presentaciones, Chama Sax, Adriana Villa, Manny Jhovanny,\u00a0 Peter Cruz, Jhonny Betances (doctor swin), Frandy Sax, Kerubanda y el Grupo Reducido, esta \u00faltima menci\u00f3n un grupo local, con una calidad extraordinaria.<\/p>\n<figure id=\"attachment_8449\" aria-describedby=\"caption-attachment-8449\" style=\"width: 300px\" class=\"wp-caption alignright\"><img loading=\"lazy\" class=\"wp-image-8449 size-medium\" src=\"http:\/\/hormigaradio.com\/wp-content\/uploads\/2020\/02\/reducido-300x225.jpg\" alt=\"\" width=\"300\" height=\"225\" srcset=\"https:\/\/hormigaradio.com\/wp-content\/uploads\/2020\/02\/reducido-300x225.jpg 300w, https:\/\/hormigaradio.com\/wp-content\/uploads\/2020\/02\/reducido-768x576.jpg 768w, https:\/\/hormigaradio.com\/wp-content\/uploads\/2020\/02\/reducido-1024x768.jpg 1024w, https:\/\/hormigaradio.com\/wp-content\/uploads\/2020\/02\/reducido.jpg 1040w\" sizes=\"(max-width: 300px) 100vw, 300px\" \/><figcaption id=\"caption-attachment-8449\" class=\"wp-caption-text\"><em><strong>Grupo Reducido en su presentaci\u00f3n.<\/strong><\/em><\/figcaption><\/figure>\n<p><strong>Las caras.<\/strong><\/p>\n<p>Esta versi\u00f3n n\u00famero 18 de\u00a0 \u201cPremios Esta\u00a0 Noche\u201d , fue organizada por un gran equipo integrado\u00a0 por Magdeline\u00a0 Reyes, Reynaldo Est\u00e9vez, Elinalfrad N\u00fa\u00f1ez, Ariardy\u00a0 Pichardo, Solanyi B\u00e1ez, Hip\u00f3lito Peralta, Roberto Reyes, Luis Manuel Lima, Dariel Rodr\u00edguez, Raymundo Ernesto Infante, Manaury Vargas, Gerlyn Paulino, Mike Rodr\u00edguez, Alba Rosario y Alex Torres.<\/p>\n<p><strong>La propuesta.<\/strong><\/p>\n<p>En relaci\u00f3n a la premiaci\u00f3n, Esteban Rosario,\u00a0 productor y presentador del programa \u201cDetr\u00e1s de la Noticia\u201d,\u00a0 destac\u00f3 que por\u00a0 la trascendencia que ha tenido el evento, se debe ponderar la idea de que\u00a0 \u201cPremios\u00a0\u00a0 Esta Noche\u201d, se extienda hasta\u00a0 las cuatro provincias de la L\u00ednea Noroeste. Esto ser\u00eda sumar, Dajab\u00f3n, Valverde y Montecristi.<\/p>\n<p>Impactos: 163<\/p>","protected":false},"excerpt":{"rendered":"<p>M\u00e1ximo Laureano &nbsp; Decenas de personas\u00a0 fueron testigos\u00a0 del ceremonial n\u00famero 18 de \u201cPremios Esta Noche\u201d, una creaci\u00f3n nacida del municipio Sabaneta, de la<\/p>\n","protected":false},"author":3,"featured_media":8439,"comment_status":"closed","ping_status":"closed","sticky":false,"template":"","format":"standard","meta":[],"categories":[3],"tags":[],"_links":{"self":[{"href":"https:\/\/hormigaradio.com\/index.php?rest_route=\/wp\/v2\/posts\/8432"}],"collection":[{"href":"https:\/\/hormigaradio.com\/index.php?rest_route=\/wp\/v2\/posts"}],"about":[{"href":"https:\/\/hormigaradio.com\/index.php?rest_route=\/wp\/v2\/types\/post"}],"author":[{"embeddable":true,"href":"https:\/\/hormigaradio.com\/index.php?rest_route=\/wp\/v2\/users\/3"}],"replies":[{"embeddable":true,"href":"https:\/\/hormigaradio.com\/index.php?rest_route=%2Fwp%2Fv2%2Fcomments&post=8432"}],"version-history":[{"count":8,"href":"https:\/\/hormigaradio.com\/index.php?rest_route=\/wp\/v2\/posts\/8432\/revisions"}],"predecessor-version":[{"id":8452,"href":"https:\/\/hormigaradio.com\/index.php?rest_route=\/wp\/v2\/posts\/8432\/revisions\/8452"}],"wp:featuredmedia":[{"embeddable":true,"href":"https:\/\/hormigaradio.com\/index.php?rest_route=\/wp\/v2\/media\/8439"}],"wp:attachment":[{"href":"https:\/\/hormigaradio.com\/index.php?rest_route=%2Fwp%2Fv2%2Fmedia&parent=8432"}],"wp:term":[{"taxonomy":"category","embeddable":true,"href":"https:\/\/hormigaradio.com\/index.php?rest_route=%2Fwp%2Fv2%2Fcategories&post=8432"},{"taxonomy":"post_tag","embeddable":true,"href":"https:\/\/hormigaradio.com\/index.php?rest_route=%2Fwp%2Fv2%2Ftags&post=8432"}],"curies":[{"name":"wp","href":"https:\/\/api.w.org\/{rel}","templated":true}]}}