{"id":8474,"date":"2020-02-06T02:55:52","date_gmt":"2020-02-06T02:55:52","guid":{"rendered":"http:\/\/hormigaradio.com\/?p=8474"},"modified":"2020-02-06T03:20:14","modified_gmt":"2020-02-06T03:20:14","slug":"hospitalizado-ciudadano-denuncio-fue-golpeado-por-policias-municipales-en-caravana-abel-martinez","status":"publish","type":"post","link":"https:\/\/hormigaradio.com\/?p=8474","title":{"rendered":"HOSPITALIZADO CIUDADANO DENUNCI\u00d3 FUE GOLPEADO POR POLIC\u00cdAS MUNICIPALES EN CARAVANA ABEL MART\u00cdNEZ"},"content":{"rendered":"<article id=\"post-8777644\" class=\"row post-8777644 post type-post status-publish format-standard has-post-thumbnail hentry category-actualidad category-politica tag-hospitalizado-ciudadano-denuncio-fue-golpeado-por-policias-municipales-caravana-abel-martinez\" data-post-path=\"\/2020\/actualidad\/8777644-hospitalizado-ciudadano-denuncio-fue-golpeado-por-policias-municipales-en-caravana-abel-martinez\/\" data-disqus-id=\"8777644\" data-disqus-id-url=\"http:\/\/acento.com.do\/?p=8777644\" data-new-disqus-id-url=\"8777644 http:\/\/acento.com.do\/?p=8777644\" data-post-url=\"https:\/\/acento.com.do\/2020\/actualidad\/8777644-hospitalizado-ciudadano-denuncio-fue-golpeado-por-policias-municipales-en-caravana-abel-martinez\/\" data-title=\"Hospitalizado ciudadano denunci\u00f3 fue golpeado por polic\u00edas municipales en caravana Abel Mart\u00ednez\">\n<div class=\"entry-content col-12 col-md-6 col-lg-8\">\n<p><a href=\"https:\/\/acento.com.do\/author\/mlaureano\/\">M\u00e1ximo Laureano<\/a><\/p>\n<figure id=\"attachment_8477\" aria-describedby=\"caption-attachment-8477\" style=\"width: 715px\" class=\"wp-caption aligncenter\"><img loading=\"lazy\" class=\"wp-image-8477 size-large\" src=\"http:\/\/hormigaradio.com\/wp-content\/uploads\/2020\/02\/abel-en-caRAVANA-1024x846.jpg\" alt=\"\" width=\"715\" height=\"591\" srcset=\"https:\/\/hormigaradio.com\/wp-content\/uploads\/2020\/02\/abel-en-caRAVANA.jpg 1024w, https:\/\/hormigaradio.com\/wp-content\/uploads\/2020\/02\/abel-en-caRAVANA-300x248.jpg 300w, https:\/\/hormigaradio.com\/wp-content\/uploads\/2020\/02\/abel-en-caRAVANA-768x635.jpg 768w\" sizes=\"(max-width: 715px) 100vw, 715px\" \/><figcaption id=\"caption-attachment-8477\" class=\"wp-caption-text\"><em><strong>Actividad pol\u00edtica de Abel Mart\u00ednez en Santiago.<\/strong><\/em><\/figcaption><\/figure>\n<p>SANTIAGO, Rep\u00fablica Dominicana.- Jos\u00e9 Pericles G\u00f3mez, un ciudadano dedicado a labores comerciales,\u00a0 a\u00fan es atendido en un centro de salud de administraci\u00f3n privada, en Santiago de los Caballeros, luego que fuera\u00a0 golpeado por empleados del Ayuntamiento de Santiago,\u00a0 cuando coincidi\u00f3 con una caravana\u00a0 en el favor de Abel Mart\u00ednez, actual alcalde de esta demarcaci\u00f3n y candidato a la reelecci\u00f3n.<\/p>\n<p>La situaci\u00f3n de G\u00f3mez de 48 a\u00f1os edad,\u00a0 es de cuidado,\u00a0 ya\u00a0 que seg\u00fan ha referido su\u00a0 esposa,\u00a0\u00a0 se le ha diagnosticado un trauma en su cabeza,\u00a0 como consecuencia de los golpes propinados por los empleados de la Alcald\u00eda, a quien la v\u00edctima, habr\u00eda identificado como\u00a0 polic\u00edas municipales. Adem\u00e1s tiene fracturas en un brazo y una pierna.<\/p>\n<p>G\u00f3mez y su esposa han denunciado a los medios\u00a0 informativos locales, que el viernes 31 de enero del 2020, coincidi\u00f3 con el desfile de promoci\u00f3n electoral, en\u00a0 la intersecci\u00f3n de las avenidas Salvador Estrella\u00a0\u00a0 Sadhal\u00e1 y Juan Pablo Duarte y\u00a0 que cuando intent\u00f3 pasar fue\u00a0 impedido por los hombres al servicio de la caravana de Abel Mart\u00ednez.<\/p>\n<div class=\"wp-video\">El ciudadano agrega que fue enca\u00f1onado, esposado como\u00a0 si se tratara de un delincuente, dijo que \u00a0fue llevado a un cuartel de la Polic\u00eda Municipal y que luego fue trasladado a un destacamento de la Polic\u00eda Nacional, en el sector El Ejido, donde\u00a0 lo dejaron hasta el s\u00e1bado 02 de febrero del 2020, cuando fue liberado tras algunas diligencias de mediaciones de amigos\u00a0 y relacionados.<\/div>\n<p>G\u00f3mez, cuenta que en todo este proceso fue golpeado mientras estaba con las esposas puestas, es decir, que fue torturado, por los empleados municipales, quienes incluso lo amenazaron con matarlo, si manten\u00eda la resistencia y se burlaban de su situaci\u00f3n.<\/p>\n<p>Seg\u00fan ha contado Luis G\u00f3mez,\u00a0 cuando fue interceptado por los empleados municipales, ten\u00eda en su poder un arma de fuego (escopeta) y un bolso con pertenencias de su negocio, las cuales\u00a0 fueron tocadas por los actuantes en su contra, agrega que\u00a0 hab\u00eda un monto\u00a0 no especificado de \u00a0dinero y un tel\u00e9fono celular, que no ha sido recuperado.<\/p>\n<p><strong>La otra versi\u00f3n.<\/strong><\/p>\n<p>Sobre la situaci\u00f3n denunciada por Jos\u00e9 Pericles G\u00f3mez, no ha habido un pronunciamiento\u00a0 de parte de las autoridades municipales, \u00a0al menos\u00a0 de manera oficial y p\u00fablica.<\/p>\n<p>Hasta ahora solo se ha manejado una versi\u00f3n,\u00a0 de que el conflicto no fue con polic\u00edas municipales, sino, con un grupo de \u201cmotoristas\u201d, que en el Ayuntamiento de Santiago, dicen desconocer.<\/p>\n<p>En las versiones atribuidas a la administraci\u00f3n del Ayuntamiento, se establece que se trata de \u201cmotoristas\u201d, que se cuelan en las actividades y que aprovechan el escenario para atropellar,\u00a0 no obstante, en estas mismas declaraciones, se admite que el ciudadano fue llevado a la Alcald\u00eda.<\/p>\n<p>Desde el Ayuntamiento, se ha dicho que\u00a0 el comerciante \u00a0no acat\u00f3 el llamado de los \u00a0encargados de log\u00edstica de la caravana, alegan que el ciudadano que hizo la denuncia, sac\u00f3 su arma de fuego para y \u201cenca\u00f1on\u00f3\u201d al personal de la caravana y que esto desat\u00f3 el conflicto denunciado.<\/p>\n<\/div>\n<\/article>\n<p>Impactos: 304<\/p>","protected":false},"excerpt":{"rendered":"<p>M\u00e1ximo Laureano SANTIAGO, Rep\u00fablica Dominicana.- Jos\u00e9 Pericles G\u00f3mez, un ciudadano dedicado a labores comerciales,\u00a0 a\u00fan es atendido en un centro de salud de administraci\u00f3n<\/p>\n","protected":false},"author":3,"featured_media":8477,"comment_status":"closed","ping_status":"closed","sticky":false,"template":"","format":"standard","meta":[],"categories":[6],"tags":[],"_links":{"self":[{"href":"https:\/\/hormigaradio.com\/index.php?rest_route=\/wp\/v2\/posts\/8474"}],"collection":[{"href":"https:\/\/hormigaradio.com\/index.php?rest_route=\/wp\/v2\/posts"}],"about":[{"href":"https:\/\/hormigaradio.com\/index.php?rest_route=\/wp\/v2\/types\/post"}],"author":[{"embeddable":true,"href":"https:\/\/hormigaradio.com\/index.php?rest_route=\/wp\/v2\/users\/3"}],"replies":[{"embeddable":true,"href":"https:\/\/hormigaradio.com\/index.php?rest_route=%2Fwp%2Fv2%2Fcomments&post=8474"}],"version-history":[{"count":4,"href":"https:\/\/hormigaradio.com\/index.php?rest_route=\/wp\/v2\/posts\/8474\/revisions"}],"predecessor-version":[{"id":8479,"href":"https:\/\/hormigaradio.com\/index.php?rest_route=\/wp\/v2\/posts\/8474\/revisions\/8479"}],"wp:featuredmedia":[{"embeddable":true,"href":"https:\/\/hormigaradio.com\/index.php?rest_route=\/wp\/v2\/media\/8477"}],"wp:attachment":[{"href":"https:\/\/hormigaradio.com\/index.php?rest_route=%2Fwp%2Fv2%2Fmedia&parent=8474"}],"wp:term":[{"taxonomy":"category","embeddable":true,"href":"https:\/\/hormigaradio.com\/index.php?rest_route=%2Fwp%2Fv2%2Fcategories&post=8474"},{"taxonomy":"post_tag","embeddable":true,"href":"https:\/\/hormigaradio.com\/index.php?rest_route=%2Fwp%2Fv2%2Ftags&post=8474"}],"curies":[{"name":"wp","href":"https:\/\/api.w.org\/{rel}","templated":true}]}}