{"id":8551,"date":"2020-02-10T18:57:48","date_gmt":"2020-02-10T18:57:48","guid":{"rendered":"http:\/\/hormigaradio.com\/?p=8551"},"modified":"2020-02-10T18:57:48","modified_gmt":"2020-02-10T18:57:48","slug":"carnaval-de-santiago-2020-con-una-exitosa-segunda-jornada","status":"publish","type":"post","link":"https:\/\/hormigaradio.com\/?p=8551","title":{"rendered":"CARNAVAL DE SANTIAGO 2020 CON UNA EXITOSA SEGUNDA JORNADA"},"content":{"rendered":"<p><strong>Firma invitada\/Hormiga Radio Group.<\/strong><\/p>\n<figure id=\"attachment_8553\" aria-describedby=\"caption-attachment-8553\" style=\"width: 715px\" class=\"wp-caption alignright\"><img loading=\"lazy\" class=\"wp-image-8553 size-large\" src=\"http:\/\/hormigaradio.com\/wp-content\/uploads\/2020\/02\/DSC_5941-1024x678.jpg\" alt=\"\" width=\"715\" height=\"473\" srcset=\"https:\/\/hormigaradio.com\/wp-content\/uploads\/2020\/02\/DSC_5941-1024x678.jpg 1024w, https:\/\/hormigaradio.com\/wp-content\/uploads\/2020\/02\/DSC_5941-300x199.jpg 300w, https:\/\/hormigaradio.com\/wp-content\/uploads\/2020\/02\/DSC_5941-768x509.jpg 768w\" sizes=\"(max-width: 715px) 100vw, 715px\" \/><figcaption id=\"caption-attachment-8553\" class=\"wp-caption-text\"><em><strong>Robalagallina, perosnaje del carnaval de Santiago.<\/strong><\/em><\/figcaption><\/figure>\n<p>&nbsp;<\/p>\n<p style=\"font-weight: 400;\">El Carnaval de Santiago 2020 continu\u00f3 este domingo 9 de febrero con una segunda jornada creativa y participativa y la asistencia de miles de personas.<\/p>\n<p style=\"font-weight: 400;\">La fiesta del pueblo, como tambi\u00e9n se denomina este carnaval, est\u00e1 dedicada a la artista Maridalia Hern\u00e1ndez. En su segunda entrega inici\u00f3 pasada las tres de la tarde, un desfile encabezado \u00a0por el Rey Lech\u00f3n, el gestor cultural e investigador Rafael Alm\u00e1nzar, as\u00ed como las reinas de esta festividad Madheline Sarante, Emely Marte, Nathalia V\u00e1zquez y Aurelis de la Cruz.<\/p>\n<p style=\"font-weight: 400;\">Los principales grupos de lechones desfilaron por la\u00a0Gran Zona de Carnaval comprendida entre las Avenidas Las Carreras, Francia y las calles del Sol, Daniel Espinal, \u00e1rea monumental y boulevard del teatro regional.<\/p>\n<p style=\"font-weight: 400;\">Como invitados especiales de esta segunda convocatoria estuvieron presentes Elio Millares \u201cHombre Carroza\u201d, quien imparti\u00f3 un taller sobre las carrozas, uno de los elementos m\u00e1s vistosos de este tipo de celebraciones y \u00a0Orlando Verg\u00e9s director de Casa del Caribe de Cultura de Cuba y quien imparti\u00f3 conferencias sobre \u201cLos Carnavales en El Caribe\u201d a las principales instituciones culturales locales, en una iniciativa de la Corporaci\u00f3n Carnavalesca de Santiago (Corcasan), en coordinaci\u00f3n con el Centro Le\u00f3n y el Centro Cultural Utesa.<\/p>\n<p style=\"font-weight: 400;\">Cabe destacar que el Carnaval de Santiago har\u00e1 una pausa el domingo 16 debido al llamado a nivel nacional de elecciones municipales y retornar\u00e1 con sus actividades festivas el domingo 23 de febrero.<\/p>\n<p style=\"font-weight: 400;\">El desfile final est\u00e1 pautado para el domingo 1 de marzo donde se espera la asistencia masiva del p\u00fablico.<\/p>\n<figure id=\"attachment_8554\" aria-describedby=\"caption-attachment-8554\" style=\"width: 715px\" class=\"wp-caption aligncenter\"><img loading=\"lazy\" class=\"wp-image-8554 size-large\" src=\"http:\/\/hormigaradio.com\/wp-content\/uploads\/2020\/02\/DSC_6047-1024x627.jpg\" alt=\"\" width=\"715\" height=\"438\" srcset=\"https:\/\/hormigaradio.com\/wp-content\/uploads\/2020\/02\/DSC_6047-1024x627.jpg 1024w, https:\/\/hormigaradio.com\/wp-content\/uploads\/2020\/02\/DSC_6047-300x184.jpg 300w, https:\/\/hormigaradio.com\/wp-content\/uploads\/2020\/02\/DSC_6047-768x470.jpg 768w\" sizes=\"(max-width: 715px) 100vw, 715px\" \/><figcaption id=\"caption-attachment-8554\" class=\"wp-caption-text\"><em><strong>V\u00edctor Erarte, en su faena carnavalezca.<\/strong><\/em><\/figcaption><\/figure>\n<p style=\"font-weight: 400;\">\u00a0La organizaci\u00f3n de este a\u00f1o est\u00e1 a cargo de las principales autoridades de la provincia entre los que se destacan\u00a0\u00a0la se\u00f1ora Ana Mar\u00eda Dom\u00ednguez, Gobernadora de Santiago, Abel Mart\u00ednez Alcalde Municipal, Julio C\u00e9sar Valent\u00edn Senador de Santiago, Jos\u00e9 N\u00fa\u00f1ez de la Direcci\u00f3n Regional de Cultura, Brenda S\u00e1nchez directora del Gran Teatro del Cibao, Jos\u00e9 Antu\u00f1ano del Monumentos a los H\u00e9roes de la Restauraci\u00f3n, Fausto Dom\u00ednguez (Kiwa), Miguel Jim\u00e9nez,\u00a0\u00a0Manuel Ulises Bonnelly, V\u00edctor Erarte, Mar\u00eda Mart\u00ednez la Corporaci\u00f3n Carnavalesca de Santiago y Medios Unidos del Cibao.<\/p>\n<p style=\"font-weight: 400;\">\u00a0Los patrocinadores del Carnaval de Santiago 2020 son Cervecer\u00eda Nacional Dominicana, Asociaci\u00f3n Cibao de Ahorros y Pr\u00e9stamos, Ayuntamiento de Santiago, Corporaci\u00f3n de Acueducto y Alcantarillado de Santiago, Banco de Reservas, Corporaci\u00f3n Zona Franca, Induveca, Industrias Banilejas, Fonper, Baldom, Edenorte, Presidencia de la Rep\u00fablica, Senado de la Rep\u00fablica y Direcci\u00f3n General de Impuestos Internos.<\/p>\n<p><strong>Afradecimientos a Susana Veras, H.R.<\/strong><\/p>\n<p>Impactos: 107<\/p>","protected":false},"excerpt":{"rendered":"<p>Firma invitada\/Hormiga Radio Group. &nbsp; El Carnaval de Santiago 2020 continu\u00f3 este domingo 9 de febrero con una segunda jornada creativa y participativa y<\/p>\n","protected":false},"author":3,"featured_media":8552,"comment_status":"closed","ping_status":"closed","sticky":false,"template":"","format":"standard","meta":[],"categories":[4],"tags":[],"_links":{"self":[{"href":"https:\/\/hormigaradio.com\/index.php?rest_route=\/wp\/v2\/posts\/8551"}],"collection":[{"href":"https:\/\/hormigaradio.com\/index.php?rest_route=\/wp\/v2\/posts"}],"about":[{"href":"https:\/\/hormigaradio.com\/index.php?rest_route=\/wp\/v2\/types\/post"}],"author":[{"embeddable":true,"href":"https:\/\/hormigaradio.com\/index.php?rest_route=\/wp\/v2\/users\/3"}],"replies":[{"embeddable":true,"href":"https:\/\/hormigaradio.com\/index.php?rest_route=%2Fwp%2Fv2%2Fcomments&post=8551"}],"version-history":[{"count":1,"href":"https:\/\/hormigaradio.com\/index.php?rest_route=\/wp\/v2\/posts\/8551\/revisions"}],"predecessor-version":[{"id":8555,"href":"https:\/\/hormigaradio.com\/index.php?rest_route=\/wp\/v2\/posts\/8551\/revisions\/8555"}],"wp:featuredmedia":[{"embeddable":true,"href":"https:\/\/hormigaradio.com\/index.php?rest_route=\/wp\/v2\/media\/8552"}],"wp:attachment":[{"href":"https:\/\/hormigaradio.com\/index.php?rest_route=%2Fwp%2Fv2%2Fmedia&parent=8551"}],"wp:term":[{"taxonomy":"category","embeddable":true,"href":"https:\/\/hormigaradio.com\/index.php?rest_route=%2Fwp%2Fv2%2Fcategories&post=8551"},{"taxonomy":"post_tag","embeddable":true,"href":"https:\/\/hormigaradio.com\/index.php?rest_route=%2Fwp%2Fv2%2Ftags&post=8551"}],"curies":[{"name":"wp","href":"https:\/\/api.w.org\/{rel}","templated":true}]}}