{"id":8561,"date":"2020-02-11T03:09:03","date_gmt":"2020-02-11T03:09:03","guid":{"rendered":"http:\/\/hormigaradio.com\/?p=8561"},"modified":"2020-02-11T03:17:20","modified_gmt":"2020-02-11T03:17:20","slug":"8561","status":"publish","type":"post","link":"https:\/\/hormigaradio.com\/?p=8561","title":{"rendered":"SORPRENDE MUERTE DEL MAESTRO Y LOCUTOR WILLIAM GARC\u00cdA"},"content":{"rendered":"<p><em><strong>Firma invitada\/El Jaya\/Hormiga Radio Group.<\/strong><\/em><\/p>\n<figure id=\"attachment_8562\" aria-describedby=\"caption-attachment-8562\" style=\"width: 300px\" class=\"wp-caption alignleft\"><img loading=\"lazy\" class=\"wp-image-8562 size-medium\" src=\"http:\/\/hormigaradio.com\/wp-content\/uploads\/2020\/02\/locutor-300x201.jpg\" alt=\"\" width=\"300\" height=\"201\" srcset=\"https:\/\/hormigaradio.com\/wp-content\/uploads\/2020\/02\/locutor-300x201.jpg 300w, https:\/\/hormigaradio.com\/wp-content\/uploads\/2020\/02\/locutor-768x514.jpg 768w, https:\/\/hormigaradio.com\/wp-content\/uploads\/2020\/02\/locutor.jpg 960w\" sizes=\"(max-width: 300px) 100vw, 300px\" \/><figcaption id=\"caption-attachment-8562\" class=\"wp-caption-text\"><em><strong>Williamas Garc\u00eda.<\/strong><\/em><\/figcaption><\/figure>\n<p>SAN FRANCISCO DE MACORIS.- Gran sorpresa recibe la comunidad francomacorisana y nacional por el fallecimiento del reconocido locutor y productor televisivo francomacorisano William Garc\u00eda.<\/p>\n<p>Garc\u00eda fue conducido a un centro de salud privado luego de sufrir un paro al miocardio mientras impart\u00eda clases en la Universidad Cat\u00f3lica Nordestana, pasadas las 7 de la noche del lunes 10 de febrero.<\/p>\n<p>William Garc\u00eda fue un destacado locutor de San Francisco de Macor\u00eds, que durante 20 a\u00f1os produjo el programa Viva San Francisco, adem\u00e1s una de las voces de mayor distinci\u00f3n de la ciudad por su calidad.<\/p>\n<p>Maestro de ceremonias por excelencia.<\/p>\n<p>Impactos: 90<\/p>","protected":false},"excerpt":{"rendered":"<p>Firma invitada\/El Jaya\/Hormiga Radio Group. SAN FRANCISCO DE MACORIS.- Gran sorpresa recibe la comunidad francomacorisana y nacional por el fallecimiento del reconocido locutor y<\/p>\n","protected":false},"author":3,"featured_media":8562,"comment_status":"closed","ping_status":"closed","sticky":false,"template":"","format":"standard","meta":[],"categories":[3],"tags":[],"_links":{"self":[{"href":"https:\/\/hormigaradio.com\/index.php?rest_route=\/wp\/v2\/posts\/8561"}],"collection":[{"href":"https:\/\/hormigaradio.com\/index.php?rest_route=\/wp\/v2\/posts"}],"about":[{"href":"https:\/\/hormigaradio.com\/index.php?rest_route=\/wp\/v2\/types\/post"}],"author":[{"embeddable":true,"href":"https:\/\/hormigaradio.com\/index.php?rest_route=\/wp\/v2\/users\/3"}],"replies":[{"embeddable":true,"href":"https:\/\/hormigaradio.com\/index.php?rest_route=%2Fwp%2Fv2%2Fcomments&post=8561"}],"version-history":[{"count":4,"href":"https:\/\/hormigaradio.com\/index.php?rest_route=\/wp\/v2\/posts\/8561\/revisions"}],"predecessor-version":[{"id":8566,"href":"https:\/\/hormigaradio.com\/index.php?rest_route=\/wp\/v2\/posts\/8561\/revisions\/8566"}],"wp:featuredmedia":[{"embeddable":true,"href":"https:\/\/hormigaradio.com\/index.php?rest_route=\/wp\/v2\/media\/8562"}],"wp:attachment":[{"href":"https:\/\/hormigaradio.com\/index.php?rest_route=%2Fwp%2Fv2%2Fmedia&parent=8561"}],"wp:term":[{"taxonomy":"category","embeddable":true,"href":"https:\/\/hormigaradio.com\/index.php?rest_route=%2Fwp%2Fv2%2Fcategories&post=8561"},{"taxonomy":"post_tag","embeddable":true,"href":"https:\/\/hormigaradio.com\/index.php?rest_route=%2Fwp%2Fv2%2Ftags&post=8561"}],"curies":[{"name":"wp","href":"https:\/\/api.w.org\/{rel}","templated":true}]}}