{"id":8592,"date":"2020-02-13T13:05:23","date_gmt":"2020-02-13T13:05:23","guid":{"rendered":"http:\/\/hormigaradio.com\/?p=8592"},"modified":"2020-02-13T13:06:17","modified_gmt":"2020-02-13T13:06:17","slug":"respuesta-ministerio-publico-ante-querella-prm-logros-abel-martinez-lo-ha-visto-el-mundo","status":"publish","type":"post","link":"https:\/\/hormigaradio.com\/?p=8592","title":{"rendered":"RESPUESTA MINISTERIO P\u00daBLICO ANTE QUERELLA PRM; LOGROS ABEL MART\u00cdNEZ LO HA VISTO EL MUNDO"},"content":{"rendered":"<p><a href=\"https:\/\/acento.com.do\/author\/mlaureano\/\">M\u00e1ximo Laureano<\/a><\/p>\n<figure id=\"attachment_8477\" aria-describedby=\"caption-attachment-8477\" style=\"width: 715px\" class=\"wp-caption alignright\"><img loading=\"lazy\" class=\"wp-image-8477 size-large\" src=\"http:\/\/hormigaradio.com\/wp-content\/uploads\/2020\/02\/abel-en-caRAVANA-1024x846.jpg\" alt=\"\" width=\"715\" height=\"591\" srcset=\"https:\/\/hormigaradio.com\/wp-content\/uploads\/2020\/02\/abel-en-caRAVANA.jpg 1024w, https:\/\/hormigaradio.com\/wp-content\/uploads\/2020\/02\/abel-en-caRAVANA-300x248.jpg 300w, https:\/\/hormigaradio.com\/wp-content\/uploads\/2020\/02\/abel-en-caRAVANA-768x635.jpg 768w\" sizes=\"(max-width: 715px) 100vw, 715px\" \/><figcaption id=\"caption-attachment-8477\" class=\"wp-caption-text\"><em><strong>Abel Mart\u00ednez, en caravana en las calles de Santiago de los Caballeros.<\/strong><\/em><\/figcaption><\/figure>\n<p>SANTIAGO, Rep\u00fablica Dominicana.-Un informe del Ministerio P\u00fablico en respuesta a una querella contra el alcalde Abel Mart\u00ednez, interpuesta el 9 de julio del 2019 por dirigentes del Partido Revolucionario Moderno (PRM), por supuesto malgasto de RD$ 1, 017 millones, concluye entre otras consideraciones con un elogio de matiz pol\u00edtico m\u00e1s que con un argumento jur\u00eddico, al afirmar que los logros del funcionario municipal los ha visto \u00abel pa\u00eds y gran parte del mundo\u00bb.<\/p>\n<p>En el documento tambi\u00e9n se critica que el PRM tenga cinco regidores en el Concejo Municipal y que supuestamente en ning\u00fan momento levantaran las manos para hacer las denuncias.<\/p>\n<p>\u201cAbel Mart\u00ednez fue autorizado por el Concejo de Regidores para tomar las medidas necesarias para devolverles a los mun\u00edcipes una ciudad limpia, saludable y organizada, dando ya inicio a la recuperaci\u00f3n total de lo que el pa\u00eds y gran parte del mundo han sido testigos\u201d, se establece en el informe del Ministerio P\u00fablico.<\/p>\n<blockquote><p>\u201cEn tal sentido, no se observa ninguna falta que d\u00e9 lugar a poner en movimiento la acci\u00f3n p\u00fablica\u201d, se lee en el documento, al cual tuvo acceso la redacci\u00f3n de acento.com.do en Santiago de los Caballeros<\/p>\n<div class=\"quote-share\"><\/div>\n<\/blockquote>\n<p>El documento sostiene que pese a las denuncias que ha hecho el PRM, las decisiones administrativas adoptadas por el alcalde Mart\u00ednez estuvieron amparadas en las resoluciones 3133-16 y 3143-16, que dieron poderes especiales al funcionario para actuar tras ser declarado el municipio de Santiago en \u201cestado de emergencia\u201d al inicio de la gesti\u00f3n en agosto del 2016.<\/p>\n<p>Asimismo establece que todas las ejecutorias presupuestarias de la gesti\u00f3n de Abel Mart\u00ednez se realizaron con apego a las reglas establecidas por la Ley 176-07, que rige los ayuntamientos, la Ley de Compras y Contrataciones 340-06, y la Ley 10-04 de la C\u00e1mara de Cuentas, entre otras legislaciones.<\/p>\n<p>\u201cEn tal sentido, no se observa ninguna falta que d\u00e9 lugar a poner en movimiento la acci\u00f3n p\u00fablica\u201d, se lee en el documento, al cual tuvo acceso la redacci\u00f3n de acento.com.do en Santiago de los Caballeros.<\/p>\n<p><strong>\u201cEn en el curso de nuestras indagatorias procedimos a compararlas con las conciliaciones bancarias y no se pudo establecer incongruencias, que conllevaran la observaci\u00f3n de alg\u00fan il\u00edcito de car\u00e1cter procesal municipal o de tipo penal\u201d, es otra de las valoraciones.<\/strong><\/p>\n<p>Seg\u00fan lo reportado por el Ministerio P\u00fablico, el PRM habr\u00eda presentado informaciones incompletas en sus denuncias, porque solo se basa en las informaciones colgadas en la p\u00e1gina web del Ayuntamiento, sin consultar los departamentos correspondientes para hacer las comparaciones.<\/p>\n<p>Con relaci\u00f3n al supuesto desv\u00edo de los fondos aprobados para el pago de las prestaciones laborales, el Ministerio P\u00fablico consider\u00f3 que hay un proceso en curso en ese sentido, en el cual se ha hecho una evaluaci\u00f3n de los casos para establecer los derechos de cada uno de los afectados.<\/p>\n<p>En el documento se indica, adem\u00e1s, que el PRM, como partido, no puede convertirse en parte actuante en nombre de los afectados en estos casos, porque se trata de derechos individuales y que por tanto la comisi\u00f3n del PRM no se ha sido apoderada para estos fines.<\/p>\n<p>\u201cSe pudo constatar que ciertamente, el proceso de entrega de prestaciones laborales no pudo ser llevado con la regularidad procesal debido a que por disposici\u00f3n institucional, previo al pago de cada prestaci\u00f3n se debe depurar para establecer la pertinencia o no de dicho pago. Sin embargo, es preciso establecer que el reclamo del cumplimiento corresponde al titular de cada uno de esos derechos, no como en el caso de la especie, que est\u00e1 siendo solicitado por un partido pol\u00edtico, sin haber si autorizados por sus titulares\u201d, se lee en el informe.<\/p>\n<p><strong>Los hechos<\/strong><\/p>\n<p>El 15 de enero del 2019, los dirigentes y t\u00e9cnicos de PRM presentaron un reporte, llamado Auditor\u00eda Social, en el cual denunciaron que el alcalde de Santiago, Abel Mart\u00ednez, hab\u00eda malgastado RD$ 1, 017,132, 608.57, caso que los perremeistas justificaron con detalles de las ejecuciones presupuestarias.<br \/>\nPor tal raz\u00f3n llevaron ante el procurador de la Corte de Apelaci\u00f3n del distrito judicial de Santiago, V\u00edctor Gonz\u00e1lez, una querella, el 9 de julio del 2019.<\/p>\n<p><strong>Insisten<\/strong><\/p>\n<p>A pesar de que no obtuvieron los resultados esperados, los activistas del PRM denunciaron este lunes 10 de febrero del 2020 que los gastos injustificados de la Gesti\u00f3n de Abel Mart\u00ednez, ya suman RD$ 3 mil millones.<\/p>\n<p>La segunda evaluaci\u00f3n del PRM abarc\u00f3 el per\u00edodo de agosto del 2016 a noviembre del 2019, y utiliz\u00f3 como fuente de datos la informaci\u00f3n oficial publicada en la p\u00e1gina de Internet del propio Ayuntamiento.<\/p>\n<p>El PRM documenta que se trata de \u201cContratos Irregulares y Gastos Presupuestarios\u201d con un manejo indebido por un monto de RD$ 3, 031, 889, 840.74\u201d.<\/p>\n<p>Impactos: 138<\/p>","protected":false},"excerpt":{"rendered":"<p>M\u00e1ximo Laureano SANTIAGO, Rep\u00fablica Dominicana.-Un informe del Ministerio P\u00fablico en respuesta a una querella contra el alcalde Abel Mart\u00ednez, interpuesta el 9 de julio<\/p>\n","protected":false},"author":3,"featured_media":8548,"comment_status":"closed","ping_status":"closed","sticky":false,"template":"","format":"standard","meta":[],"categories":[6],"tags":[],"_links":{"self":[{"href":"https:\/\/hormigaradio.com\/index.php?rest_route=\/wp\/v2\/posts\/8592"}],"collection":[{"href":"https:\/\/hormigaradio.com\/index.php?rest_route=\/wp\/v2\/posts"}],"about":[{"href":"https:\/\/hormigaradio.com\/index.php?rest_route=\/wp\/v2\/types\/post"}],"author":[{"embeddable":true,"href":"https:\/\/hormigaradio.com\/index.php?rest_route=\/wp\/v2\/users\/3"}],"replies":[{"embeddable":true,"href":"https:\/\/hormigaradio.com\/index.php?rest_route=%2Fwp%2Fv2%2Fcomments&post=8592"}],"version-history":[{"count":1,"href":"https:\/\/hormigaradio.com\/index.php?rest_route=\/wp\/v2\/posts\/8592\/revisions"}],"predecessor-version":[{"id":8593,"href":"https:\/\/hormigaradio.com\/index.php?rest_route=\/wp\/v2\/posts\/8592\/revisions\/8593"}],"wp:featuredmedia":[{"embeddable":true,"href":"https:\/\/hormigaradio.com\/index.php?rest_route=\/wp\/v2\/media\/8548"}],"wp:attachment":[{"href":"https:\/\/hormigaradio.com\/index.php?rest_route=%2Fwp%2Fv2%2Fmedia&parent=8592"}],"wp:term":[{"taxonomy":"category","embeddable":true,"href":"https:\/\/hormigaradio.com\/index.php?rest_route=%2Fwp%2Fv2%2Fcategories&post=8592"},{"taxonomy":"post_tag","embeddable":true,"href":"https:\/\/hormigaradio.com\/index.php?rest_route=%2Fwp%2Fv2%2Ftags&post=8592"}],"curies":[{"name":"wp","href":"https:\/\/api.w.org\/{rel}","templated":true}]}}