{"id":86,"date":"2017-11-09T11:47:44","date_gmt":"2017-11-09T11:47:44","guid":{"rendered":"http:\/\/hormigaradio.com\/?p=86"},"modified":"2017-11-09T11:47:44","modified_gmt":"2017-11-09T11:47:44","slug":"sergio-vargas-dice-que-el-merengue-no-esta-en-crisis-y-acusa-a-los-politicos-de-danar-todo","status":"publish","type":"post","link":"https:\/\/hormigaradio.com\/?p=86","title":{"rendered":"Sergio Vargas dice que el merengue no est\u00e1 en crisis y acusa a los pol\u00edticos de da\u00f1ar \u201ctodo\u201d"},"content":{"rendered":"<h2><span class=\"author\"><a href=\"https:\/\/acento.com.do\/author\/mlaureano\/\">M\u00e1ximo Laureano y Evelin Valdez<\/a><\/span><\/h2>\n<p>&nbsp;<\/p>\n<figure style=\"width: 4496px\" class=\"wp-caption aligncenter\"><img loading=\"lazy\" class=\"attachment-full wp-post-image\" src=\"https:\/\/acento-main-cdn-odsoluciones.netdna-ssl.com\/wp-content\/uploads\/DSC_0095-2.jpg\" alt=\"\" width=\"4496\" height=\"3000\" \/><figcaption class=\"wp-caption-text\"><strong>Sergio Vargas y Rafael Almanzar, director de Casa de Arte.<\/strong><\/figcaption><\/figure>\n<p>SANTIAGO DE LOS CABALLEROS.-Para Sergio Pascual Vargas Valdez (Sergio Vargas), uno de los artistas populares m\u00e1s destacados de la Rep\u00fablica Dominicana, el merengue, no est\u00e1 en crisis, afirma que lo que est\u00e1 en crisis, es la sociedad, la cultura, en un pa\u00eds que seg\u00fan se\u00f1ala,\u00a0 los pol\u00edticos han propiciado la desgracia de la gente pobre.<!--more--><\/p>\n<p>En conversaci\u00f3n con el p\u00fablico\u00a0 que asisti\u00f3 a la versi\u00f3n n\u00famero 42 de \u201cEncuentro con los Grandes\u201d, en Casa de Arte, en Santiago de los Caballeros, el cantante deplor\u00f3 que el merengue haya sido sacado de las estaciones de\u00a0 radio para dar paso a\u00a0 ritmos como el regget\u00f3n, el dembow y otros.<\/p>\n<p>Seg\u00fan Sergio Vargas, la raz\u00f3n de la crisis del merengue, tiene mucho que ver con la falta de apoyo desde el Estado, la falta de inversi\u00f3n, para la formaci\u00f3n art\u00edstica, entre otros aspectos.<\/p>\n<p>\u201cShakira, no fuera Shakira, sin la inversi\u00f3n del estado colombiano,\u00a0 artistas como Pablo Milan\u00e9s y Silvio Rodr\u00edguez, sobreviven, porque son prioridad de la cultura y del\u00a0\u00a0 gobierno de Cuba\u201d,\u00a0 se\u00f1al\u00f3, el ex diputado.<\/p>\n<p>\u201cEn \u00a0nuestro pa\u00eds (Rep\u00fablica Dominicana), los artistas, tienen que morir cantando, si no, mueren de hambre\u201d, proclam\u00f3 el artista, quien agrega que no se opone a que se destaquen otros ritmos, pero\u00a0 aboga, porque se le ponga atenci\u00f3n\u00a0 al merengue.<\/p>\n<p>\u201cAqu\u00ed \u00a0se baila m\u00e1s dembow que el pa\u00eds donde naci\u00f3 el dembow\u201d, dijo Vargas.<\/p>\n<p><b>Pol\u00edtica<\/b><\/p>\n<p>Sergio (El negrito de Villa), cont\u00f3 an\u00e9cdotas, ligadas al inicio de sus carrera art\u00edstica, en su pueblo natal,\u00a0 Villa Altagracia-provincia San Crist\u00f3bal, cant\u00f3 algunos de sus temas, pero insisti\u00f3 en el tema social. Dijo que el sistema pol\u00edtico dominicano, lo \u00fanico que no ha podido quebrar es la esperanza del pueblo.<\/p>\n<p>\u201cNuestras esperanza los pol\u00edticos, no la podr\u00e1n quebrar\u201d, proclam\u00f3 el merenguero, establece que los pol\u00edticos\u00a0 han da\u00f1ado todo.<\/p>\n<p>Sergio cuenta que en t\u00e9rmino pol\u00edtico,\u00a0 su paso por la C\u00e1mara de Diputados, como legislador, \u00a0fue caer un gancho, en ese momento sal\u00ed de Villa Altagracia, porque no logr\u00f3 los objetivos que procuraba, una de esta estas metas, era propiciar que su municipio, se cambiar\u00e1 la ubicaci\u00f3n del sur al Cibao.<\/p>\n<p>Agreg\u00f3 que es il\u00f3gico que siendo Villa Altagracia, la puerta del Cibao, sea parte de la provincia de San Crist\u00f3bal, solo por cuestiones\u00a0 pol\u00edticas.<\/p>\n<p>El artista considera que\u00a0 a pesar de la falta de los pol\u00edticos, no ha habido un despertar de la poblaci\u00f3n para reclamar sus derechos.<\/p>\n<p>\u201cMientras\u00a0 \u00a0la gente este de espalda a la responsabilidad de elegir gente con valor, estaremos\u00a0 en esta situaci\u00f3n\u00a0 da\u00f1ada por los pol\u00edticos\u201d, se\u00f1al\u00f3.<\/p>\n<p>\u201cLos \u00a0funcionarios est\u00e1n \u00a0comprando los cargos, durmiendo en una alcoba de novela en Arroyo Hondo y pueblo pasando hambre\u201d, consider\u00f3\u00a0 Vargas.<a href=\"https:\/\/acento-main-cdn-odsoluciones.netdna-ssl.com\/wp-content\/uploads\/DSC_0128-1.jpg\" data-slb-active=\"1\" data-slb-asset=\"785068121\" data-slb-internal=\"0\" data-slb-group=\"8507489\"><img class=\"aligncenter size-large wp-image-8507500\" src=\"https:\/\/acento-main-cdn-odsoluciones.netdna-ssl.com\/wp-content\/uploads\/DSC_0128-1-700x467.jpg\" alt=\"\" \/><\/a><\/p>\n<p><b>Del hambre a la sobrevivencia y de la sobrevivencia a la fama<\/b><\/p>\n<p>En el evento \u201cEncuentro con los Grandes\u201d\u00a0 fue reconocida la trayectoria del merenguero, en consonancia con la declaratoria del merengue como Patrimonio Inmaterial de la Humanidad, por la Organizaci\u00f3n de las Naciones Unidas para la Educacion, la Ciencia y la Cultura, (UNESCO).<\/p>\n<p>El merenguero\u00a0cont\u00f3\u00a0lo que ha sido su vida en m\u00e1s de 30 a\u00f1os\u00a0de trayectoria. Expres\u00f3 que para \u00e9l la m\u00fasica pas\u00f3 a ser una forma de salir de la pobreza y sacar a su familia de las precariedades en las que viv\u00edan.<\/p>\n<p>\u201cExtra\u00f1o el olor del guarapo de ca\u00f1a\u201d, dijo Sergio Vargas, que de inmediato record\u00f3 el ingenio azucarero Catarey, y dijo que los pol\u00edticos lo quebraron, al igual que la industria de papel.<\/p>\n<p>Record\u00f3 que su primer trabajo en el arte fue cantar serenatas\u00a0 por\u00a0 25 pesos en cada actuaci\u00f3n. Esta labor la hac\u00eda con V\u00edctor, un amigo de Villa Altagracia.<\/p>\n<p>\u201cDe \u00a0ah\u00ed en adelante comenzaron hablar del Negrito del batey\u201d, expres\u00f3 Sergio. Luego pasar\u00eda a cantar con Geraldo Veras.<\/p>\n<p>\u201cLa voz me \u00a0aprob\u00f3 para estar en el grupo, pero el baterista med\u00eda la apariencia y por\u00a0 eso tuve que dejar la\u00a0 orquesta\u201d, dijo.<\/p>\n<p>Cont\u00f3 que luego llegar\u00eda el maestro Dioni Fernpandez, a quien considera el mejor arreglista de la Rep\u00fablica Dominicana,\u00a0 Los Hijos del Rey y en 1986, el tema\u00a0 \u201cLa quiero a morir\u201d,\u00a0 que grabara a sugerencia del empresario Bienvenido Rodr\u00edguez.<\/p>\n<p>El cantante agreg\u00f3 que con este tema resolvi\u00f3 el problema m\u00e1s grande que habr\u00eda en su familia, el hambre, porque este acontecimiento fue un ante y un despu\u00e9s en su carrera art\u00edstica, pues ya pasaba del hambre a la sobrevivencia y de la sobrevivencia a la fama.<a href=\"https:\/\/acento-main-cdn-odsoluciones.netdna-ssl.com\/wp-content\/uploads\/DSC_0076-2.jpg\" data-slb-active=\"1\" data-slb-asset=\"1749044441\" data-slb-internal=\"0\" data-slb-group=\"8507489\"><img class=\"aligncenter size-large wp-image-8507501\" src=\"https:\/\/acento-main-cdn-odsoluciones.netdna-ssl.com\/wp-content\/uploads\/DSC_0076-2-700x467.jpg\" alt=\"\" \/><\/a><\/p>\n<p><b>Premios<br \/>\n<\/b>En relaci\u00f3n a los reconocimientos a su carrera de de m\u00e1s de 30 a\u00f1os el merenguero, conocido adem\u00e1s de su m\u00fasica por sus planteamientos controversiales, dijo que\u00a0 ser premiado o no, ya no le quita el sue\u00f1o.<\/p>\n<p>\u201cLos premios dominicanos est\u00e1n todos contaminados\u201d, dijo el int\u00e9rprete de temas de Luis Dias, como \u201cMarola\u201d, \u201cToro bravo\u201d y \u201cPerdida\u201d.<\/p>\n<p><b>\u00a0Chance para Omega\u00a0<\/b><\/p>\n<p>El Negrito de Villa, quien dijo\u00a0 tienen su casa abierta para todo aquel que lo necesite. Dijo que \u00a0est\u00e1 de acuerdo, para que se le d\u00e9 una oportunidad al cantante de merengue urbano Antonio Peter De la Rosa (Omega), condenado por violencia intrafamiliar.<\/p>\n<p>\u201cSi \u00a0los pol\u00edticos merecen una oportunidad \u00bfPor que \u00e9l (Omega) no?\u201d, predic\u00f3 Sergio Vargas.<\/p>\n<p>Impactos: 78<\/p>","protected":false},"excerpt":{"rendered":"<p>M\u00e1ximo Laureano y Evelin Valdez &nbsp; SANTIAGO DE LOS CABALLEROS.-Para Sergio Pascual Vargas Valdez (Sergio Vargas), uno de los artistas populares m\u00e1s destacados de<\/p>\n","protected":false},"author":3,"featured_media":0,"comment_status":"open","ping_status":"closed","sticky":false,"template":"","format":"standard","meta":[],"categories":[4],"tags":[],"_links":{"self":[{"href":"https:\/\/hormigaradio.com\/index.php?rest_route=\/wp\/v2\/posts\/86"}],"collection":[{"href":"https:\/\/hormigaradio.com\/index.php?rest_route=\/wp\/v2\/posts"}],"about":[{"href":"https:\/\/hormigaradio.com\/index.php?rest_route=\/wp\/v2\/types\/post"}],"author":[{"embeddable":true,"href":"https:\/\/hormigaradio.com\/index.php?rest_route=\/wp\/v2\/users\/3"}],"replies":[{"embeddable":true,"href":"https:\/\/hormigaradio.com\/index.php?rest_route=%2Fwp%2Fv2%2Fcomments&post=86"}],"version-history":[{"count":1,"href":"https:\/\/hormigaradio.com\/index.php?rest_route=\/wp\/v2\/posts\/86\/revisions"}],"predecessor-version":[{"id":87,"href":"https:\/\/hormigaradio.com\/index.php?rest_route=\/wp\/v2\/posts\/86\/revisions\/87"}],"wp:attachment":[{"href":"https:\/\/hormigaradio.com\/index.php?rest_route=%2Fwp%2Fv2%2Fmedia&parent=86"}],"wp:term":[{"taxonomy":"category","embeddable":true,"href":"https:\/\/hormigaradio.com\/index.php?rest_route=%2Fwp%2Fv2%2Fcategories&post=86"},{"taxonomy":"post_tag","embeddable":true,"href":"https:\/\/hormigaradio.com\/index.php?rest_route=%2Fwp%2Fv2%2Ftags&post=86"}],"curies":[{"name":"wp","href":"https:\/\/api.w.org\/{rel}","templated":true}]}}