{"id":8624,"date":"2020-02-17T18:53:36","date_gmt":"2020-02-17T18:53:36","guid":{"rendered":"http:\/\/hormigaradio.com\/?p=8624"},"modified":"2020-02-17T19:31:21","modified_gmt":"2020-02-17T19:31:21","slug":"activistas-civicos-de-santiago-exigen-responsabilidad-y-consecuencia-por-crisis-electoral-video","status":"publish","type":"post","link":"https:\/\/hormigaradio.com\/?p=8624","title":{"rendered":"ACTIVISTAS C\u00cdVICOS DE SANTIAGO EXIGEN RESPONSABILIDAD Y CONSECUENCIA POR CRISIS ELECTORAL (v\u00eddeo)"},"content":{"rendered":"<p><a href=\"https:\/\/acento.com.do\/author\/mlaureano\/\">M\u00e1ximo Laureano<\/a><\/p>\n<p>SANTIAGO.-Activistas sociales de Santiago se presentaron\u00a0 a la Junta Electoral\u00a0 local para reclamar una explicaci\u00f3n de lo sucedido alrededor de la suspensi\u00f3n de las elecciones municipales.<\/p>\n<p>Dijeron que en estos comicios anulados se ha invertido millones de pesos del contribuyente dominicano.<\/p>\n<p>Mario Arturo\u00a0 Fern\u00e1ndez, quien habl\u00f3 en nombre de los\u00a0 activistas sociales, dijo que adem\u00e1s\u00a0 se deben identificar cuanto antes a los responsables\u00a0 de lo ocurrido para que se apliquen sanciones al respeto.<\/p>\n<p>\u201cAqu\u00ed se ha burlado a pueblo dominicano, en un hecho sin precedentes, la suspensi\u00f3n de un proceso electoral y por eso demandamos responsabilidades y consecuencias\u201d, afirma Mario Fern\u00e1ndez.<\/p>\n<p>Se quejaron de que los responsables de la Junta Central Electoral no pueden dejar\u00a0 todo en la suspensi\u00f3n del proceso de las votaciones, sin dar las explicaciones de lugar, sobre qui\u00e9n o qui\u00e9nes\u00a0 fueron los responsables del colapso del sistema de la votaci\u00f3n automatizada de las elecciones de este 16 de febrero del 2020.<\/p>\n<p><iframe loading=\"lazy\" src=\"https:\/\/www.youtube.com\/embed\/FUfnfeIDQFQ\" width=\"100%\" height=\"500\" frameborder=\"0\" allowfullscreen=\"allowfullscreen\" data-mce-fragment=\"1\"><\/iframe><\/p>\n<p>Impactos: 155<\/p>","protected":false},"excerpt":{"rendered":"<p>M\u00e1ximo Laureano SANTIAGO.-Activistas sociales de Santiago se presentaron\u00a0 a la Junta Electoral\u00a0 local para reclamar una explicaci\u00f3n de lo sucedido alrededor de la suspensi\u00f3n<\/p>\n","protected":false},"author":3,"featured_media":8626,"comment_status":"closed","ping_status":"closed","sticky":false,"template":"","format":"standard","meta":[],"categories":[6],"tags":[],"_links":{"self":[{"href":"https:\/\/hormigaradio.com\/index.php?rest_route=\/wp\/v2\/posts\/8624"}],"collection":[{"href":"https:\/\/hormigaradio.com\/index.php?rest_route=\/wp\/v2\/posts"}],"about":[{"href":"https:\/\/hormigaradio.com\/index.php?rest_route=\/wp\/v2\/types\/post"}],"author":[{"embeddable":true,"href":"https:\/\/hormigaradio.com\/index.php?rest_route=\/wp\/v2\/users\/3"}],"replies":[{"embeddable":true,"href":"https:\/\/hormigaradio.com\/index.php?rest_route=%2Fwp%2Fv2%2Fcomments&post=8624"}],"version-history":[{"count":1,"href":"https:\/\/hormigaradio.com\/index.php?rest_route=\/wp\/v2\/posts\/8624\/revisions"}],"predecessor-version":[{"id":8625,"href":"https:\/\/hormigaradio.com\/index.php?rest_route=\/wp\/v2\/posts\/8624\/revisions\/8625"}],"wp:featuredmedia":[{"embeddable":true,"href":"https:\/\/hormigaradio.com\/index.php?rest_route=\/wp\/v2\/media\/8626"}],"wp:attachment":[{"href":"https:\/\/hormigaradio.com\/index.php?rest_route=%2Fwp%2Fv2%2Fmedia&parent=8624"}],"wp:term":[{"taxonomy":"category","embeddable":true,"href":"https:\/\/hormigaradio.com\/index.php?rest_route=%2Fwp%2Fv2%2Fcategories&post=8624"},{"taxonomy":"post_tag","embeddable":true,"href":"https:\/\/hormigaradio.com\/index.php?rest_route=%2Fwp%2Fv2%2Ftags&post=8624"}],"curies":[{"name":"wp","href":"https:\/\/api.w.org\/{rel}","templated":true}]}}