{"id":8644,"date":"2020-02-18T00:23:45","date_gmt":"2020-02-18T00:23:45","guid":{"rendered":"http:\/\/hormigaradio.com\/?p=8644"},"modified":"2020-02-18T00:26:05","modified_gmt":"2020-02-18T00:26:05","slug":"gobernadora-de-santiago-pide-al-pastor-pablo-urena-que-la-deje-trabajar-video","status":"publish","type":"post","link":"https:\/\/hormigaradio.com\/?p=8644","title":{"rendered":"GOBERNADORA DE SANTIAGO PIDE AL PASTOR PABLO URE\u00d1A QUE LA DEJE TRABAJAR (v\u00eddeo)"},"content":{"rendered":"<p><a href=\"https:\/\/acento.com.do\/author\/evaldez\/\">Evelin Valdez<\/a><\/p>\n<figure id=\"attachment_7794\" aria-describedby=\"caption-attachment-7794\" style=\"width: 715px\" class=\"wp-caption alignright\"><img loading=\"lazy\" class=\"wp-image-7794 size-large\" src=\"http:\/\/hormigaradio.com\/wp-content\/uploads\/2019\/12\/reuni\u00f3n-comunitarios-con-la-gobernadora-1024x681.jpg\" alt=\"\" width=\"715\" height=\"476\" srcset=\"https:\/\/hormigaradio.com\/wp-content\/uploads\/2019\/12\/reuni\u00f3n-comunitarios-con-la-gobernadora-1024x681.jpg 1024w, https:\/\/hormigaradio.com\/wp-content\/uploads\/2019\/12\/reuni\u00f3n-comunitarios-con-la-gobernadora-300x200.jpg 300w, https:\/\/hormigaradio.com\/wp-content\/uploads\/2019\/12\/reuni\u00f3n-comunitarios-con-la-gobernadora-768x511.jpg 768w, https:\/\/hormigaradio.com\/wp-content\/uploads\/2019\/12\/reuni\u00f3n-comunitarios-con-la-gobernadora.jpg 1160w\" sizes=\"(max-width: 715px) 100vw, 715px\" \/><figcaption id=\"caption-attachment-7794\" class=\"wp-caption-text\"><em><strong>Reuni\u00f3n de la gobernadora Ana Mar\u00eda Dom\u00ednguez y otras autoridades con los comunitarios Santiago Oeste, diciembre 2019.<\/strong><\/em><\/figcaption><\/figure>\n<p>SANTIAGO DE LOS CABALLEROS, Rep\u00fablica Dominicana.- Ana Mar\u00eda Dom\u00ednguez Hern\u00e1ndez, gobernadora de Santiago, le pidi\u00f3 al pastor Pablo Ure\u00f1a que la deje trabajar.<\/p>\n<p>Hace unos meses el pastor Pablo Ure\u00f1a, se encaden\u00f3 junto a algunos comunitarios del distrito municipal Santiago Oeste (Cienfuegos), frente a la sede de la Gobernaci\u00f3n, en reclamo de los arreglos de calles de los barrios de esta demarcaci\u00f3n.<\/p>\n<p>Luego de varios d\u00edas de estar encadenados, la gobernadora convers\u00f3 con ellos, con la promesa que se iba a trabajar lo m\u00e1s pronto posible para el acondicionamiento y asfaltado de\u00a0 las calles.<\/p>\n<p>No obstante, la lucha del pastor Pablo Ure\u00f1a contin\u00faa de manera insistente con las manifestaciones, situaci\u00f3n que llev\u00f3 a la funcionaria a pedirle que dejara que el trabajo contin\u00fae su curso.<\/p>\n<p>Dom\u00ednguez expres\u00f3 que el pastor, cada vez que los equipos se detienen o falta alg\u00fan material, amenaza con volver a encadenarse.<\/p>\n<p>\u00abNos hemos reunido con la junta de vecinos, la cual no est\u00e1n de acuerdo con el m\u00e9todo de presi\u00f3n del Pastor\u00bb, expres\u00f3 la funcionaria.<\/p>\n<p><iframe loading=\"lazy\" src=\"https:\/\/www.youtube.com\/embed\/CgWTu-QwkRM\" width=\"100%\" height=\"500\" frameborder=\"0\" allowfullscreen=\"allowfullscreen\" data-mce-fragment=\"1\"><\/iframe><\/p>\n<p>\u00abNos hemos reunido con la junta de vecinos, la cual no est\u00e1n de acuerdo con el m\u00e9todo de presi\u00f3n del Pastor\u00bb, expres\u00f3 la funcionaria.<\/p>\n<p>Impactos: 163<\/p>","protected":false},"excerpt":{"rendered":"<p>Evelin Valdez SANTIAGO DE LOS CABALLEROS, Rep\u00fablica Dominicana.- Ana Mar\u00eda Dom\u00ednguez Hern\u00e1ndez, gobernadora de Santiago, le pidi\u00f3 al pastor Pablo Ure\u00f1a que la deje<\/p>\n","protected":false},"author":3,"featured_media":3671,"comment_status":"closed","ping_status":"closed","sticky":false,"template":"","format":"standard","meta":[],"categories":[6],"tags":[],"_links":{"self":[{"href":"https:\/\/hormigaradio.com\/index.php?rest_route=\/wp\/v2\/posts\/8644"}],"collection":[{"href":"https:\/\/hormigaradio.com\/index.php?rest_route=\/wp\/v2\/posts"}],"about":[{"href":"https:\/\/hormigaradio.com\/index.php?rest_route=\/wp\/v2\/types\/post"}],"author":[{"embeddable":true,"href":"https:\/\/hormigaradio.com\/index.php?rest_route=\/wp\/v2\/users\/3"}],"replies":[{"embeddable":true,"href":"https:\/\/hormigaradio.com\/index.php?rest_route=%2Fwp%2Fv2%2Fcomments&post=8644"}],"version-history":[{"count":3,"href":"https:\/\/hormigaradio.com\/index.php?rest_route=\/wp\/v2\/posts\/8644\/revisions"}],"predecessor-version":[{"id":8647,"href":"https:\/\/hormigaradio.com\/index.php?rest_route=\/wp\/v2\/posts\/8644\/revisions\/8647"}],"wp:featuredmedia":[{"embeddable":true,"href":"https:\/\/hormigaradio.com\/index.php?rest_route=\/wp\/v2\/media\/3671"}],"wp:attachment":[{"href":"https:\/\/hormigaradio.com\/index.php?rest_route=%2Fwp%2Fv2%2Fmedia&parent=8644"}],"wp:term":[{"taxonomy":"category","embeddable":true,"href":"https:\/\/hormigaradio.com\/index.php?rest_route=%2Fwp%2Fv2%2Fcategories&post=8644"},{"taxonomy":"post_tag","embeddable":true,"href":"https:\/\/hormigaradio.com\/index.php?rest_route=%2Fwp%2Fv2%2Ftags&post=8644"}],"curies":[{"name":"wp","href":"https:\/\/api.w.org\/{rel}","templated":true}]}}