{"id":8649,"date":"2020-02-18T02:20:37","date_gmt":"2020-02-18T02:20:37","guid":{"rendered":"http:\/\/hormigaradio.com\/?p=8649"},"modified":"2020-02-18T02:20:37","modified_gmt":"2020-02-18T02:20:37","slug":"presidente-medina-insta-a-la-jce-a-preservar-la-legitimidad-de-la-institucion","status":"publish","type":"post","link":"https:\/\/hormigaradio.com\/?p=8649","title":{"rendered":"PRESIDENTE MEDINA INSTA A LA JCE A PRESERVAR LA LEGITIMIDAD DE LA INSTITUCI\u00d3N"},"content":{"rendered":"<p><a href=\"https:\/\/acento.com.do\/author\/cbatista\/\">Carolina Batista\/Acento.com.do<\/a><\/p>\n<p><img loading=\"lazy\" class=\"alignright size-medium wp-image-4943\" src=\"http:\/\/hormigaradio.com\/wp-content\/uploads\/2019\/01\/danilo-medina-300x169.jpg\" alt=\"\" width=\"300\" height=\"169\" srcset=\"https:\/\/hormigaradio.com\/wp-content\/uploads\/2019\/01\/danilo-medina-300x169.jpg 300w, https:\/\/hormigaradio.com\/wp-content\/uploads\/2019\/01\/danilo-medina-768x432.jpg 768w, https:\/\/hormigaradio.com\/wp-content\/uploads\/2019\/01\/danilo-medina-1024x576.jpg 1024w, https:\/\/hormigaradio.com\/wp-content\/uploads\/2019\/01\/danilo-medina-715x400.jpg 715w, https:\/\/hormigaradio.com\/wp-content\/uploads\/2019\/01\/danilo-medina.jpg 1600w\" sizes=\"(max-width: 300px) 100vw, 300px\" \/><\/p>\n<p>SANTO DOMINGO, Rep\u00fablica Dominicana.- El presidente de la Rep\u00fablica, Danilo Mediana, isnt\u00f3 a la Junta Central Electoral \u00aba \u00a0tomar los debidos correctivos y a dar cumplida respuesta, hasta las \u00faltimas consecuencias, a los cuestionamientos que se presentan, para preservar la legitimidad de la instituci\u00f3n\u00bb, en el marco de un discurso pronunciado a la naci\u00f3n luego de la suspensi\u00f3n de las elecciones municipales de este domingo.<\/p>\n<p>\u201cAsimismo, consideramos que deben poner todo su empe\u00f1o en llevar a cabo los procesos electivos que marca la ley en este a\u00f1o 2020 y garantizar, as\u00ed, el ejercicio de la soberan\u00eda popular a los dominicanos y dominicanas\u201d expres\u00f3.<\/p>\n<p>El mandatario expres\u00f3 que pueden contar con que desde el gobierno se apoyar\u00e1 los debidos procesos, afianzando los plazos legales y garantizando los recursos necesarios para que se celebren los procesos eleccionarios.<\/p>\n<p>Record\u00f3 que la Constituci\u00f3n de la Rep\u00fablica establece, en primer lugar, que las elecciones municipales y las presidenciales deben celebrarse en procesos independientes, y \u00a0en segundo lugar, que las autoridades municipales electas deben tomar posesi\u00f3n el 24 de abril de este a\u00f1o\u201d.<\/p>\n<p>Medina tambi\u00e9n llam\u00f3 a todos los actores pol\u00edticos del pa\u00eds y a los l\u00edderes de opini\u00f3n \u00aba la cordura y a la responsabilidad\u00bb.<\/p>\n<p>\u201cEs momento de reflexionar, de rectificar errores y de sacar lo mejor de nosotros mismos. \u00a0 Eso es lo que necesita el pa\u00eds en este momento. Eso es actuar con verdadero patriotismo\u201d.<\/p>\n<p>\u201cNo podemos permitir que unos pocos que no quieren regirse por las reglas democr\u00e1ticas manchen la reputaci\u00f3n de nuestro pa\u00eds, propaguen noticias falsas, pongan en entredicho nuestras instituciones y amenacen la senda de progreso que venimos recorriendo\u201d.<\/p>\n<p>El Presidente de la Rep\u00fablica se dirigi\u00f3 al pa\u00eds, en una alocuci\u00f3n que dur\u00f3 unos siete minutos y fue transmitida a trav\u00e9s de una cadena de radio, televisi\u00f3n y redes sociales.<\/p>\n<p><strong>El discurso<\/strong><\/p>\n<p>Discurso del Excelent\u00edsimo Se\u00f1or Presidente Constitucional de la Rep\u00fablica Dominicana, Lic. Danilo Medina.<br \/>\n17 de febrero de 2020<\/p>\n<p>Pueblo dominicano,<\/p>\n<p>La decisi\u00f3n de la Junta Central Electoral de suspender las elecciones municipales convocadas para el d\u00eda de ayer amerita sin duda que, desde mi responsabilidad como Jefe de Estado, me dirija a todos ustedes.<\/p>\n<p>Lamentamos realmente esta decisi\u00f3n y las circunstancias que han llevado a que se tomara, pues ha impedido que millones de ciudadanos pudieran ejercer su derecho al voto.<\/p>\n<p>Nos encontramos ante una situaci\u00f3n sin precedentes en nuestra historia reciente y es nuestro deber reaccionar con firmeza y prontitud, para preservar nuestro Estado de Derecho y llevar tranquilidad a todos los hogares dominicanos.<\/p>\n<p>Con este objetivo, llamamos a los poderes del Estado a actuar conjuntamente en pro de los mejores intereses de nuestra naci\u00f3n.<\/p>\n<p>En este sentido, respetando la autonom\u00eda e independencia de la Junta Central Electoral, le instamos a ponerse a la altura de las demandas leg\u00edtimas del pueblo dominicano, a tomar los debidos correctivos y a dar cumplida respuesta, hasta las \u00faltimas consecuencias, a los cuestionamientos que se presentan, para preservar la legitimidad de la instituci\u00f3n.<\/p>\n<p>Asimismo, consideramos que deben poner todo su empe\u00f1o en llevar a cabo los procesos electivos que marca la ley en este a\u00f1o 2020 y garantizar, as\u00ed, el ejercicio de la soberan\u00eda popular a los dominicanos y dominicanas.<\/p>\n<p>Desde el gobierno, tenemos el firme compromiso de proteger la institucionalidad democr\u00e1tica y garantizar el respeto a nuestro orden constitucional.<\/p>\n<p>Y lo haremos apoyando los debidos procesos, afianzando los plazos legales y garantizando los recursos necesarios para que se celebren los procesos eleccionarios.<\/p>\n<p>En ese orden, la Constituci\u00f3n de la Rep\u00fablica establece, en primer lugar, que las elecciones municipales y las presidenciales deben celebrarse en procesos independientes.<\/p>\n<p>Y, en segundo lugar, que las autoridades municipales electas deben tomar posesi\u00f3n el 24 de abril de este a\u00f1o.<\/p>\n<p>Asimismo, en respuesta a la situaci\u00f3n de suspensi\u00f3n en que nos encontramos, nuestra ley electoral establece que se deben convocar nuevamente las elecciones en un plazo no mayor de 30 d\u00edas y, desde el gobierno, vamos a colaborar porque as\u00ed sea.<\/p>\n<p>Pueden estar seguros, el gobierno actuar\u00e1 con responsabilidad y dar\u00e1 el respaldo necesario a las instituciones, para preservar el Estado de Derecho.<\/p>\n<p>Confiamos tambi\u00e9n en que seguiremos contando con el apoyo de la OEA y el resto de observadores internacionales que nos est\u00e1n acompa\u00f1ando, para que contin\u00faen en el pa\u00eds dando seguimiento a los acontecimientos, en beneficio de la credibilidad internacional de las dos elecciones que se celebrar\u00e1n este a\u00f1o.<\/p>\n<p>Se\u00f1oras y se\u00f1ores,<\/p>\n<p>Quisiera tambi\u00e9n en esta ocasi\u00f3n hacer un llamado a todos los actores pol\u00edticos del pa\u00eds y a los l\u00edderes de opini\u00f3n. Un llamado a la cordura y a la responsabilidad.<\/p>\n<p>Es en situaciones como \u00e9sta cuando debemos mostrar la medida de nuestro liderazgo, actuando con la debida prudencia y poniendo en todo momento los intereses del pa\u00eds por encima de los intereses partidarios.<\/p>\n<p>Como dije anteriormente, esta situaci\u00f3n cuenta con los cauces institucionales para resolverse y deber\u00e1 ser resuelta de acuerdo a la Constituci\u00f3n y las leyes.<\/p>\n<p>Por tanto, insto a todas las instituciones p\u00fablicas y privadas a continuar su normal funcionamiento, al igual que invito a toda la poblaci\u00f3n a mantener la tranquilidad y la convivencia pac\u00edfica que ha caracterizado siempre a los dominicanos y dominicanas.<\/p>\n<p>Creo, sinceramente, que si miramos m\u00e1s all\u00e1 del cortoplacismo que puede estar cargando a algunos, todos los actores pol\u00edticos, sociales y econ\u00f3micos del pa\u00eds se benefician de un proceso democr\u00e1tico leg\u00edtimo y con credibilidad.<\/p>\n<p>Y, por el contrario, es mucho lo que podemos perder si nos dejamos llevar por la senda del fanatismo. No es momento de sembrar el caos, ni de actuar de manera impulsiva.<\/p>\n<p>No podemos permitir que unos pocos que no quieren regirse por las reglas democr\u00e1ticas manchen la reputaci\u00f3n de nuestro pa\u00eds, propaguen noticias falsas, pongan en entredicho nuestras instituciones y amenacen la senda de progreso que venimos recorriendo.<\/p>\n<p>Es momento de reflexionar, de rectificar errores y de sacar lo mejor de nosotros mismos.<\/p>\n<p>Eso es lo que necesita el pa\u00eds en este momento. Eso es actuar con verdadero patriotismo.<\/p>\n<p>Comunidad Internacional;<\/p>\n<p>Pueden estar seguros. Nuestra patria es fuerte, nuestros pilares democr\u00e1ticos son s\u00f3lidos y nuestra gente quiere seguir viviendo en paz.<\/p>\n<p>Dominicanos y dominicanas;<\/p>\n<p>Sigamos enfoc\u00e1ndonos en llevar adelante este pa\u00eds, en encontrar soluciones constructivas, en hacer las cosas bien y en permitir a nuestros ciudadanos expresar su voluntad, en un ejercicio democr\u00e1tico limpio, transparente y justo, que nos permita seguir construyendo confianza.<\/p>\n<p>Muchas gracias y buenas noches.<\/p>\n<p>Impactos: 124<\/p>","protected":false},"excerpt":{"rendered":"<p>Carolina Batista\/Acento.com.do SANTO DOMINGO, Rep\u00fablica Dominicana.- El presidente de la Rep\u00fablica, Danilo Mediana, isnt\u00f3 a la Junta Central Electoral \u00aba \u00a0tomar los debidos correctivos<\/p>\n","protected":false},"author":3,"featured_media":1970,"comment_status":"closed","ping_status":"closed","sticky":false,"template":"","format":"standard","meta":[],"categories":[6],"tags":[],"_links":{"self":[{"href":"https:\/\/hormigaradio.com\/index.php?rest_route=\/wp\/v2\/posts\/8649"}],"collection":[{"href":"https:\/\/hormigaradio.com\/index.php?rest_route=\/wp\/v2\/posts"}],"about":[{"href":"https:\/\/hormigaradio.com\/index.php?rest_route=\/wp\/v2\/types\/post"}],"author":[{"embeddable":true,"href":"https:\/\/hormigaradio.com\/index.php?rest_route=\/wp\/v2\/users\/3"}],"replies":[{"embeddable":true,"href":"https:\/\/hormigaradio.com\/index.php?rest_route=%2Fwp%2Fv2%2Fcomments&post=8649"}],"version-history":[{"count":1,"href":"https:\/\/hormigaradio.com\/index.php?rest_route=\/wp\/v2\/posts\/8649\/revisions"}],"predecessor-version":[{"id":8650,"href":"https:\/\/hormigaradio.com\/index.php?rest_route=\/wp\/v2\/posts\/8649\/revisions\/8650"}],"wp:featuredmedia":[{"embeddable":true,"href":"https:\/\/hormigaradio.com\/index.php?rest_route=\/wp\/v2\/media\/1970"}],"wp:attachment":[{"href":"https:\/\/hormigaradio.com\/index.php?rest_route=%2Fwp%2Fv2%2Fmedia&parent=8649"}],"wp:term":[{"taxonomy":"category","embeddable":true,"href":"https:\/\/hormigaradio.com\/index.php?rest_route=%2Fwp%2Fv2%2Fcategories&post=8649"},{"taxonomy":"post_tag","embeddable":true,"href":"https:\/\/hormigaradio.com\/index.php?rest_route=%2Fwp%2Fv2%2Ftags&post=8649"}],"curies":[{"name":"wp","href":"https:\/\/api.w.org\/{rel}","templated":true}]}}