{"id":8653,"date":"2020-02-18T23:43:45","date_gmt":"2020-02-18T23:43:45","guid":{"rendered":"http:\/\/hormigaradio.com\/?p=8653"},"modified":"2020-02-18T23:56:24","modified_gmt":"2020-02-18T23:56:24","slug":"alianza-pais-en-santiago-marcha-para-exigir-se-aclare-fallo-voto-en-automatizado-video","status":"publish","type":"post","link":"https:\/\/hormigaradio.com\/?p=8653","title":{"rendered":"ALIANZA PA\u00cdS EN SANTIAGO MARCHA PARA EXIGIR SE ACLARE FALLO VOTO EN AUTOMATIZADO (v\u00eddeo)"},"content":{"rendered":"<article id=\"post-8784490\" class=\"row post-8784490 post type-post status-publish format-standard has-post-thumbnail hentry category-politica category-videos tag-alianza-pais-en-santiago-marcha-para-exigir-se-aclare-fallo-voto-automatizado\" data-post-path=\"\/2020\/video\/videos\/8784490-alianza-pais-en-santiago-marcha-para-exigir-se-aclare-fallo-en-voto-automatizado\/\" data-disqus-id=\"8784490\" data-disqus-id-url=\"http:\/\/acento.com.do\/?p=8784490\" data-new-disqus-id-url=\"8784490 http:\/\/acento.com.do\/?p=8784490\" data-post-url=\"https:\/\/acento.com.do\/2020\/video\/videos\/8784490-alianza-pais-en-santiago-marcha-para-exigir-se-aclare-fallo-en-voto-automatizado\/\" data-title=\"Alianza Pa\u00eds en Santiago marcha para exigir se aclare fallo voto en automatizado\">\n<div class=\"entry-content col-12 col-md-6 col-lg-8\">\n<p><a href=\"https:\/\/acento.com.do\/author\/mlaureano\/\">M\u00e1ximo Laureano<\/a><\/p>\n<p>&nbsp;<\/p>\n<p>SANTIAGO DE LOS CABALLEROS, Rep\u00fablica Dominicana.- Dirigentes y simpatizantes del Partido Alianza Pa\u00eds (Alpa\u00eds), en Santiago se manifestaron en las calles de esta ciudad,\u00a0para llamar la atenci\u00f3n sobre el fracaso del sistema de voto automatizado, que provoc\u00f3 la suspensi\u00f3n de las elecciones del domingo 16 de febrero del 2020.<\/p>\n<p>Los activistas del Alpa\u00eds, entre los cuales hab\u00eda candidatos a cargos municipales y congresuales, se manifestaron para reiterar la posici\u00f3n de su partido de exigir que se aclare lo sucedido con el boicot a los equipos usados para las elecciones municipales.<a href=\"https:\/\/acento.com.do\/wp-content\/uploads\/ALPAIS-MILITARES-EN-LA-JUNTA.jpg\" data-slb-active=\"1\" data-slb-asset=\"1052659479\" data-slb-internal=\"0\" data-slb-group=\"8784490\"><img loading=\"lazy\" class=\"aligncenter size-full wp-image-8784511\" src=\"https:\/\/acento.com.do\/wp-content\/uploads\/ALPAIS-MILITARES-EN-LA-JUNTA.jpg\" sizes=\"(max-width: 1082px) 100vw, 1082px\" srcset=\"https:\/\/acento.com.do\/wp-content\/uploads\/ALPAIS-MILITARES-EN-LA-JUNTA.jpg 1082w, https:\/\/acento.com.do\/wp-content\/uploads\/ALPAIS-MILITARES-EN-LA-JUNTA-250x166.jpg 250w, https:\/\/acento.com.do\/wp-content\/uploads\/ALPAIS-MILITARES-EN-LA-JUNTA-700x465.jpg 700w, https:\/\/acento.com.do\/wp-content\/uploads\/ALPAIS-MILITARES-EN-LA-JUNTA-768x511.jpg 768w, https:\/\/acento.com.do\/wp-content\/uploads\/ALPAIS-MILITARES-EN-LA-JUNTA-120x79.jpg 120w, https:\/\/acento.com.do\/wp-content\/uploads\/ALPAIS-MILITARES-EN-LA-JUNTA-12x8.jpg 12w\" alt=\"\" width=\"1082\" height=\"720\" \/><\/a><\/p>\n<p>Los aliancistas y los representantes del partido Opci\u00f3n Democr\u00e1tica, marcharon desde el local de Alpa\u00eds, hasta la sede de la Junta Electoral de Santiago (JES), donde se propon\u00edan entregar un documento para formalizar sus reclamos, en los cuales incluyen tambi\u00e9n la renuncia de los jueces de la Junta Central Electoral.<\/p>\n<p>Aunque los aliancistas no llegaron hasta las oficinas de la JES,\u00a0debido al cerco policial-militar, lograron llevar el mensaje de rechazo al trabajo que se\u00a0ha realizado desde el principal organismo electoral.<a href=\"https:\/\/acento.com.do\/wp-content\/uploads\/ALPAIS-FOTO-2.jpg\" data-slb-active=\"1\" data-slb-asset=\"791371570\" data-slb-internal=\"0\" data-slb-group=\"8784490\"><img loading=\"lazy\" class=\"aligncenter size-full wp-image-8784512\" src=\"https:\/\/acento.com.do\/wp-content\/uploads\/ALPAIS-FOTO-2.jpg\" sizes=\"(max-width: 1280px) 100vw, 1280px\" srcset=\"https:\/\/acento.com.do\/wp-content\/uploads\/ALPAIS-FOTO-2.jpg 1280w, https:\/\/acento.com.do\/wp-content\/uploads\/ALPAIS-FOTO-2-250x140.jpg 250w, https:\/\/acento.com.do\/wp-content\/uploads\/ALPAIS-FOTO-2-700x393.jpg 700w, https:\/\/acento.com.do\/wp-content\/uploads\/ALPAIS-FOTO-2-768x432.jpg 768w, https:\/\/acento.com.do\/wp-content\/uploads\/ALPAIS-FOTO-2-120x67.jpg 120w, https:\/\/acento.com.do\/wp-content\/uploads\/ALPAIS-FOTO-2-12x7.jpg 12w\" alt=\"\" width=\"1280\" height=\"720\" \/><\/a><\/p>\n<p>Los activistas de Alianza Pa\u00eds tambi\u00e9n se quejaron por la desigualdad en el sistema pol\u00edtico para la competencia electoral. En relaci\u00f3n a ese tema se manifest\u00f3 el pastor y candidato a diputado Pablo Ure\u00f1a, quien ha dicho que\u00a0en el caso de Santiago, el alcalde\u00a0Abel Mart\u00ednez, quien busca la reelecci\u00f3n por el Partido de la Liberaci\u00f3n Dominicana (PLD) se apoder\u00f3\u00a0de todos los espacios de la ciudad para la colocaci\u00f3n de vallas.<\/p>\n<p>Entre los motivadores de Alianza Pa\u00eds estuvieron los candidatos y candidatas a diputados Ram\u00f3n Estrella (Monchy), \u00c1ngela Cruz, Sergia Pe\u00f1a, Llaniris Espinal, Mariana Moreno, Alexander Germoso,\u00a0 entre otros, as\u00ed como\u00a0 inscritos en la boleta para cargo a regidores.<\/p>\n<p><iframe loading=\"lazy\" src=\"https:\/\/www.youtube.com\/embed\/oABiCX8K5Mo\" width=\"100%\" height=\"500\" frameborder=\"0\" allowfullscreen=\"allowfullscreen\" data-mce-fragment=\"1\"><\/iframe><\/p>\n<\/div>\n<\/article>\n<div class=\"container\">\n<div class=\"col-md-8\"><\/div>\n<\/div>\n<p>Impactos: 121<\/p>","protected":false},"excerpt":{"rendered":"<p>M\u00e1ximo Laureano &nbsp; SANTIAGO DE LOS CABALLEROS, Rep\u00fablica Dominicana.- Dirigentes y simpatizantes del Partido Alianza Pa\u00eds (Alpa\u00eds), en Santiago se manifestaron en las calles<\/p>\n","protected":false},"author":3,"featured_media":8655,"comment_status":"closed","ping_status":"closed","sticky":false,"template":"","format":"standard","meta":[],"categories":[6],"tags":[],"_links":{"self":[{"href":"https:\/\/hormigaradio.com\/index.php?rest_route=\/wp\/v2\/posts\/8653"}],"collection":[{"href":"https:\/\/hormigaradio.com\/index.php?rest_route=\/wp\/v2\/posts"}],"about":[{"href":"https:\/\/hormigaradio.com\/index.php?rest_route=\/wp\/v2\/types\/post"}],"author":[{"embeddable":true,"href":"https:\/\/hormigaradio.com\/index.php?rest_route=\/wp\/v2\/users\/3"}],"replies":[{"embeddable":true,"href":"https:\/\/hormigaradio.com\/index.php?rest_route=%2Fwp%2Fv2%2Fcomments&post=8653"}],"version-history":[{"count":2,"href":"https:\/\/hormigaradio.com\/index.php?rest_route=\/wp\/v2\/posts\/8653\/revisions"}],"predecessor-version":[{"id":8656,"href":"https:\/\/hormigaradio.com\/index.php?rest_route=\/wp\/v2\/posts\/8653\/revisions\/8656"}],"wp:featuredmedia":[{"embeddable":true,"href":"https:\/\/hormigaradio.com\/index.php?rest_route=\/wp\/v2\/media\/8655"}],"wp:attachment":[{"href":"https:\/\/hormigaradio.com\/index.php?rest_route=%2Fwp%2Fv2%2Fmedia&parent=8653"}],"wp:term":[{"taxonomy":"category","embeddable":true,"href":"https:\/\/hormigaradio.com\/index.php?rest_route=%2Fwp%2Fv2%2Fcategories&post=8653"},{"taxonomy":"post_tag","embeddable":true,"href":"https:\/\/hormigaradio.com\/index.php?rest_route=%2Fwp%2Fv2%2Ftags&post=8653"}],"curies":[{"name":"wp","href":"https:\/\/api.w.org\/{rel}","templated":true}]}}