{"id":8657,"date":"2020-02-19T17:20:06","date_gmt":"2020-02-19T17:20:06","guid":{"rendered":"http:\/\/hormigaradio.com\/?p=8657"},"modified":"2020-02-19T17:22:04","modified_gmt":"2020-02-19T17:22:04","slug":"frente-amplio-reclama-solucion-a-crisis-generada-por-anulacion-de-elecciones-videos","status":"publish","type":"post","link":"https:\/\/hormigaradio.com\/?p=8657","title":{"rendered":"FRENTE AMPLIO RECLAMA SOLUCI\u00d3N A CRISIS GENERADA POR ANULACI\u00d3N DE ELECCIONES (V\u00eddeo)"},"content":{"rendered":"<p><a href=\"https:\/\/acento.com.do\/author\/mlaureano\/\">M\u00e1ximo Laureano<\/a><\/p>\n<p>SANTO DOMINGO, Rep\u00fablica Dominicana.-El partido Frente Amplio y otras organizaciones reclamaron una soluci\u00f3n a la crisis pol\u00edtica generada por la anulaci\u00f3n de las elecciones municipales el pasado domingo 16 de febrero, por el colapso del sistema de voto autom\u00e1tico de la Junta Central Electoral (JCE).<\/p>\n<p>Grupos comunitarios y sociales se unieron a militantes del partido Frente Amplio y otras agrupaciones pol\u00edticas de izquierda en una manifestaci\u00f3n que tuvo como objetivo recordar al coronel de la Polic\u00eda Nacional, Francisco Alberto Caama\u00f1o De\u00f1o, tras cumplirse 47 a\u00f1os de su asesinato, el domingo 16 de febrero.<\/p>\n<p><img loading=\"lazy\" class=\"aligncenter size-large wp-image-8784401\" src=\"https:\/\/acento.com.do\/wp-content\/uploads\/DSC_0006-6-700x467.jpg\" sizes=\"(max-width: 640px) 100vw, 640px\" srcset=\"https:\/\/acento.com.do\/wp-content\/uploads\/DSC_0006-6-700x467.jpg 700w, https:\/\/acento.com.do\/wp-content\/uploads\/DSC_0006-6-250x166.jpg 250w, https:\/\/acento.com.do\/wp-content\/uploads\/DSC_0006-6-768x512.jpg 768w, https:\/\/acento.com.do\/wp-content\/uploads\/DSC_0006-6-1536x1025.jpg 1536w, https:\/\/acento.com.do\/wp-content\/uploads\/DSC_0006-6-2048x1367.jpg 2048w, https:\/\/acento.com.do\/wp-content\/uploads\/DSC_0006-6-120x80.jpg 120w, https:\/\/acento.com.do\/wp-content\/uploads\/DSC_0006-6-12x8.jpg 12w\" alt=\"\" width=\"640\" height=\"427\" \/><\/p>\n<p>Reunidos en el monumento que rinde homenaje\u00a0 al comandante\u00a0 de la\u00a0 Revoluci\u00f3n de\u00a0 abril de 1965 los militantes del Frente Amplio en Santiago llamaron la atenci\u00f3n para que en la\u00a0 Rep\u00fablica Dominicana no se olviden los ideales de Caama\u00f1o.<\/p>\n<p>Reynaldo Brito,\u00a0 quien habl\u00f3 en en nombre de los manifestantes, dijo que aprovechaban\u00a0 el acto para llamar\u00a0 a poblaci\u00f3n dominicana a una reflexi\u00f3n sobre lo sucedido con las elecciones\u00a0 municipales.<\/p>\n<p><img loading=\"lazy\" class=\"aligncenter size-large wp-image-8784402\" src=\"https:\/\/acento.com.do\/wp-content\/uploads\/DSC_0025-3-700x467.jpg\" sizes=\"(max-width: 640px) 100vw, 640px\" srcset=\"https:\/\/acento.com.do\/wp-content\/uploads\/DSC_0025-3-700x467.jpg 700w, https:\/\/acento.com.do\/wp-content\/uploads\/DSC_0025-3-250x166.jpg 250w, https:\/\/acento.com.do\/wp-content\/uploads\/DSC_0025-3-768x512.jpg 768w, https:\/\/acento.com.do\/wp-content\/uploads\/DSC_0025-3-1536x1025.jpg 1536w, https:\/\/acento.com.do\/wp-content\/uploads\/DSC_0025-3-2048x1367.jpg 2048w, https:\/\/acento.com.do\/wp-content\/uploads\/DSC_0025-3-120x80.jpg 120w, https:\/\/acento.com.do\/wp-content\/uploads\/DSC_0025-3-12x8.jpg 12w\" alt=\"\" width=\"640\" height=\"427\" \/><\/p>\n<p>Agreg\u00f3 que la responsabilidad del fracaso de las elecciones es de las autoridades de la Junta Central Electoral, las cuales deben de decir qu\u00e9 pas\u00f3 con sistema del voto automatizado, por qu\u00e9 pas\u00f3 y qui\u00e9n lo hizo, adem\u00e1s de que tiene que haber sanciones.<\/p>\n<p>\u201cAcompa\u00f1ar el pueblo en su lucha, con los votos y con la lucha, para que regrese la democracia y la institucionalidad, en nuestro pa\u00eds. En ese sentido las organizaciones presentes aqu\u00ed hacen estos reclamos en favor de la transparencia\u201d,\u00a0 afirm\u00f3 Brito.<\/p>\n<p>Junto a los representativos del Frente Amplio,\u00a0 estuvieron promotores del Partido Comunista del Trabajo,\u00a0 Movimiento Popular Dominicano (PMD) y activistas de grupos comunitarios y sociales que se identifican con estos ideales.<\/p>\n<p>\u201cLa democracia no perecer\u00e1, estos hombres y mujeres, lo impedir\u00e1n\u201d, manifestaron.<\/p>\n<p><iframe loading=\"lazy\" src=\"https:\/\/www.youtube.com\/embed\/gKiXU6i3Vgg\" width=\"100%\" height=\"500\" frameborder=\"0\" allowfullscreen=\"allowfullscreen\" data-mce-fragment=\"1\"><\/iframe><\/p>\n<p>Impactos: 90<\/p>","protected":false},"excerpt":{"rendered":"<p>M\u00e1ximo Laureano SANTO DOMINGO, Rep\u00fablica Dominicana.-El partido Frente Amplio y otras organizaciones reclamaron una soluci\u00f3n a la crisis pol\u00edtica generada por la anulaci\u00f3n de<\/p>\n","protected":false},"author":3,"featured_media":8658,"comment_status":"closed","ping_status":"closed","sticky":false,"template":"","format":"standard","meta":[],"categories":[6],"tags":[],"_links":{"self":[{"href":"https:\/\/hormigaradio.com\/index.php?rest_route=\/wp\/v2\/posts\/8657"}],"collection":[{"href":"https:\/\/hormigaradio.com\/index.php?rest_route=\/wp\/v2\/posts"}],"about":[{"href":"https:\/\/hormigaradio.com\/index.php?rest_route=\/wp\/v2\/types\/post"}],"author":[{"embeddable":true,"href":"https:\/\/hormigaradio.com\/index.php?rest_route=\/wp\/v2\/users\/3"}],"replies":[{"embeddable":true,"href":"https:\/\/hormigaradio.com\/index.php?rest_route=%2Fwp%2Fv2%2Fcomments&post=8657"}],"version-history":[{"count":2,"href":"https:\/\/hormigaradio.com\/index.php?rest_route=\/wp\/v2\/posts\/8657\/revisions"}],"predecessor-version":[{"id":8660,"href":"https:\/\/hormigaradio.com\/index.php?rest_route=\/wp\/v2\/posts\/8657\/revisions\/8660"}],"wp:featuredmedia":[{"embeddable":true,"href":"https:\/\/hormigaradio.com\/index.php?rest_route=\/wp\/v2\/media\/8658"}],"wp:attachment":[{"href":"https:\/\/hormigaradio.com\/index.php?rest_route=%2Fwp%2Fv2%2Fmedia&parent=8657"}],"wp:term":[{"taxonomy":"category","embeddable":true,"href":"https:\/\/hormigaradio.com\/index.php?rest_route=%2Fwp%2Fv2%2Fcategories&post=8657"},{"taxonomy":"post_tag","embeddable":true,"href":"https:\/\/hormigaradio.com\/index.php?rest_route=%2Fwp%2Fv2%2Ftags&post=8657"}],"curies":[{"name":"wp","href":"https:\/\/api.w.org\/{rel}","templated":true}]}}