{"id":8662,"date":"2020-02-20T01:45:06","date_gmt":"2020-02-20T01:45:06","guid":{"rendered":"http:\/\/hormigaradio.com\/?p=8662"},"modified":"2020-02-20T02:07:46","modified_gmt":"2020-02-20T02:07:46","slug":"jovenes-de-santiago-toman-las-calles-en-protestas-contra-jce-y-el-gobierno","status":"publish","type":"post","link":"https:\/\/hormigaradio.com\/?p=8662","title":{"rendered":"JOVENES DE SANTIAGO TOMAN LAS CALLES EN PROTESTAS CONTRA  JCE Y EL   GOBIERNO"},"content":{"rendered":"<p><a href=\"https:\/\/acento.com.do\/author\/mlaureano\/\">M\u00e1ximo Laureano<\/a><\/p>\n<p><iframe loading=\"lazy\"  id=\"_ytid_60889\" width=\"715\" height=\"402\"  data-origwidth=\"715\" data-origheight=\"402\"  src=\"https:\/\/www.youtube.com\/embed\/Dl64WZPJExw?enablejsapi=1&#038;autoplay=0&#038;cc_load_policy=0&#038;iv_load_policy=1&#038;loop=0&#038;modestbranding=0&#038;rel=1&#038;fs=1&#038;playsinline=0&#038;autohide=2&#038;theme=dark&#038;color=red&#038;controls=1&#038;\" class=\"__youtube_prefs__\" title=\"YouTube player\"  allow=\"autoplay; encrypted-media\" allowfullscreen data-no-lazy=\"1\" data-skipgform_ajax_framebjll=\"\"><\/iframe><\/p>\n<p>SANTIAGO, Rep\u00fablica Dominicana.- Lo que este martes empez\u00f3 como un ensayo en las \u00e1reas del Monumento a los H\u00e9roes de la Restauraci\u00f3n en Santiago de los Caballeros, hoy tom\u00f3 cuerpo de masa en el parque Duarte y la calle Del Sol de esta ciudad, frente a la sede de la Gobernaci\u00f3n local.<\/p>\n<p>Una multitud integrada por gente de todos los sectores, pero, sobre todo j\u00f3venes en m\u00e1s un 90 %\u00a0 \u00a0coparon toda el \u00e1rea del parque y la calle para manifestarse en contra de la Junta Central Electoral (JCE) y en favor de que se aclare lo ocurrido en las elecciones municipales del domingo 16 de febrero 2020, con el voto automatizado.<\/p>\n<figure id=\"attachment_8667\" aria-describedby=\"caption-attachment-8667\" style=\"width: 715px\" class=\"wp-caption aligncenter\"><img loading=\"lazy\" class=\"wp-image-8667 size-large\" src=\"http:\/\/hormigaradio.com\/wp-content\/uploads\/2020\/02\/WhatsApp-Image-2020-02-19-at-10.00.13-PM-1024x768.jpeg\" alt=\"\" width=\"715\" height=\"536\" srcset=\"https:\/\/hormigaradio.com\/wp-content\/uploads\/2020\/02\/WhatsApp-Image-2020-02-19-at-10.00.13-PM-1024x768.jpeg 1024w, https:\/\/hormigaradio.com\/wp-content\/uploads\/2020\/02\/WhatsApp-Image-2020-02-19-at-10.00.13-PM-300x225.jpeg 300w, https:\/\/hormigaradio.com\/wp-content\/uploads\/2020\/02\/WhatsApp-Image-2020-02-19-at-10.00.13-PM-768x576.jpeg 768w, https:\/\/hormigaradio.com\/wp-content\/uploads\/2020\/02\/WhatsApp-Image-2020-02-19-at-10.00.13-PM.jpeg 1280w\" sizes=\"(max-width: 715px) 100vw, 715px\" \/><figcaption id=\"caption-attachment-8667\" class=\"wp-caption-text\"><em><strong>Jovenes frente\u00a0 en la manifestaci\u00f3n en la Junta Electoral de Santiago.<\/strong><\/em><\/figcaption><\/figure>\n<p>La masa manifestante oblig\u00f3 la desviaci\u00f3n del tr\u00e1nsito por esta zona c\u00e9ntrica de la ciudad de Santiago de los Caballeros.<\/p>\n<p>Una gran presencia policial se ha ubicado en la puerta de la sede de la Gobernaci\u00f3n y s\u00f3lo vigilan las protestas. Se tatr\u00f3 de la manifestaci\u00f3n espont\u00e1nea m\u00e1s grandes de tiempos recientes en esta plaza.<\/p>\n<p><iframe loading=\"lazy\"  id=\"_ytid_97130\" width=\"715\" height=\"402\"  data-origwidth=\"715\" data-origheight=\"402\"  src=\"https:\/\/www.youtube.com\/embed\/Pu6O-1x96aA?enablejsapi=1&#038;autoplay=0&#038;cc_load_policy=0&#038;iv_load_policy=1&#038;loop=0&#038;modestbranding=0&#038;rel=1&#038;fs=1&#038;playsinline=0&#038;autohide=2&#038;theme=dark&#038;color=red&#038;controls=1&#038;\" class=\"__youtube_prefs__\" title=\"YouTube player\"  allow=\"autoplay; encrypted-media\" allowfullscreen data-no-lazy=\"1\" data-skipgform_ajax_framebjll=\"\"><\/iframe><\/p>\n<p>Los jovenes convocados por medios de\u00a0 mensajes en las redes\u00a0 sociales,\u00a0 marcharon desde el local de la Gobernaci\u00f3n hasta la sede de la Junta Electoral de Santiago (JES),\u00a0 donde cerraron\u00a0 la manifestaci\u00f3n, con la promesa de regresar este jueves, a partir de las 5:00 de la tarde.<\/p>\n<p>Impactos: 163<\/p>","protected":false},"excerpt":{"rendered":"<p>M\u00e1ximo Laureano SANTIAGO, Rep\u00fablica Dominicana.- Lo que este martes empez\u00f3 como un ensayo en las \u00e1reas del Monumento a los H\u00e9roes de la Restauraci\u00f3n<\/p>\n","protected":false},"author":3,"featured_media":8664,"comment_status":"closed","ping_status":"closed","sticky":false,"template":"","format":"standard","meta":[],"categories":[8],"tags":[],"_links":{"self":[{"href":"https:\/\/hormigaradio.com\/index.php?rest_route=\/wp\/v2\/posts\/8662"}],"collection":[{"href":"https:\/\/hormigaradio.com\/index.php?rest_route=\/wp\/v2\/posts"}],"about":[{"href":"https:\/\/hormigaradio.com\/index.php?rest_route=\/wp\/v2\/types\/post"}],"author":[{"embeddable":true,"href":"https:\/\/hormigaradio.com\/index.php?rest_route=\/wp\/v2\/users\/3"}],"replies":[{"embeddable":true,"href":"https:\/\/hormigaradio.com\/index.php?rest_route=%2Fwp%2Fv2%2Fcomments&post=8662"}],"version-history":[{"count":4,"href":"https:\/\/hormigaradio.com\/index.php?rest_route=\/wp\/v2\/posts\/8662\/revisions"}],"predecessor-version":[{"id":8668,"href":"https:\/\/hormigaradio.com\/index.php?rest_route=\/wp\/v2\/posts\/8662\/revisions\/8668"}],"wp:featuredmedia":[{"embeddable":true,"href":"https:\/\/hormigaradio.com\/index.php?rest_route=\/wp\/v2\/media\/8664"}],"wp:attachment":[{"href":"https:\/\/hormigaradio.com\/index.php?rest_route=%2Fwp%2Fv2%2Fmedia&parent=8662"}],"wp:term":[{"taxonomy":"category","embeddable":true,"href":"https:\/\/hormigaradio.com\/index.php?rest_route=%2Fwp%2Fv2%2Fcategories&post=8662"},{"taxonomy":"post_tag","embeddable":true,"href":"https:\/\/hormigaradio.com\/index.php?rest_route=%2Fwp%2Fv2%2Ftags&post=8662"}],"curies":[{"name":"wp","href":"https:\/\/api.w.org\/{rel}","templated":true}]}}