{"id":8670,"date":"2020-02-20T16:23:00","date_gmt":"2020-02-20T16:23:00","guid":{"rendered":"http:\/\/hormigaradio.com\/?p=8670"},"modified":"2020-02-20T16:23:00","modified_gmt":"2020-02-20T16:23:00","slug":"fiscales-acusan-a-jean-alain-rodriguez-de-destruir-la-carrera-del-ministerio-publico","status":"publish","type":"post","link":"https:\/\/hormigaradio.com\/?p=8670","title":{"rendered":"FISCALES ACUSAN A JEAN ALAIN RODR\u00cdGUEZ DE DESTRUIR LA CARRERA DEL MINISTERIO P\u00daBLICO"},"content":{"rendered":"<p><a href=\"https:\/\/acento.com.do\/author\/fausto\/\">Fausto Rosario Adames\/Acento.com.do<\/a><\/p>\n<figure id=\"attachment_6385\" aria-describedby=\"caption-attachment-6385\" style=\"width: 300px\" class=\"wp-caption alignleft\"><img loading=\"lazy\" class=\"wp-image-6385 size-medium\" src=\"http:\/\/hormigaradio.com\/wp-content\/uploads\/2019\/06\/Jean-300x182.jpg\" alt=\"\" width=\"300\" height=\"182\" srcset=\"https:\/\/hormigaradio.com\/wp-content\/uploads\/2019\/06\/Jean-300x182.jpg 300w, https:\/\/hormigaradio.com\/wp-content\/uploads\/2019\/06\/Jean-768x465.jpg 768w, https:\/\/hormigaradio.com\/wp-content\/uploads\/2019\/06\/Jean.jpg 839w\" sizes=\"(max-width: 300px) 100vw, 300px\" \/><figcaption id=\"caption-attachment-6385\" class=\"wp-caption-text\"><em><strong>Jean Alain Rodr\u00edguez, procurador de la Rep\u00fablica Dominicana.<\/strong><\/em><\/figcaption><\/figure>\n<p class=\"p1\"><span class=\"s1\">SANTO DOMINGO, Rep\u00fablica Dominicana.- El Procurador General de la Rep\u00fablica, Jean Alain Rodr\u00edguez, ha hecho retroceder por lo menos 18 a\u00f1os al Ministerio P\u00fablico, desde que inici\u00f3 su gesti\u00f3n en el 2016, y como ning\u00fan otro funcionario de esa \u00e1rea lo hab\u00eda hecho, \u00e9l ha puesto todos los departamentos al servicio pol\u00edtico suyo y de los suyos, incluyendo unidades pol\u00edticas que desde dentro de la entidad estatal patrocinan la candidatura de Gonzalo Castillo, el candidato presidencial del Partido de la Liberaci\u00f3n Dominicana.<\/span><\/p>\n<p class=\"p1\"><span class=\"s1\">La conclusi\u00f3n es de un grupo de fiscales, que pertenecen a la carrera del Ministerio P\u00fablico y que se encuentran sorprendidos por la forma en que se ha degradado a los fiscales de carrera en todo el pa\u00eds, hasta llegar al criterio de que para nadie -hoy d\u00eda- es orgullo decir que trabaja en el sector. Y para el caso ofrecen una muestra: Hasta el mi\u00e9rcoles a las 4 de la tarde, para optar por 17 plazas s\u00f3lo se hab\u00edan presentado 19 expedientes, cuando en el pasado eran cientos los concursos que deseaban ingresar y ocupar posiciones como parte de la carrera. La fecha l\u00edmite para inscribirse y completar el expediente de requisitos es el 22 de febrero, para el nuevo concurso que se lanz\u00f3 el pasado 7 de febrero, como decisi\u00f3n del Consejo Superior del Ministerio P\u00fablico.<\/span><\/p>\n<p class=\"p1\"><span class=\"s1\">Los fiscales que hablaron con Acento lo hicieron a condici\u00f3n de que sus nombres fueran protegidos. En el Ministerio P\u00fablico de hoy, dicen, hay de todo: corrupci\u00f3n, incapacidad, amiguismo, mediocridad, pol\u00edtica, abandono de responsabilidades, y una gran vocaci\u00f3n para tener el control absoluto y completo de todas las instancias. Y ofreceros datos de hasta d\u00f3nde se ha deteriorado el respeto, la extorsi\u00f3n, las negociaciones y la falta de escr\u00fapulos en un \u00e1rea que hab\u00eda sido respetada en el pasado, pero que en la actualidad ha llegado a niveles vergonzosos, jam\u00e1s vistos por estos profesionales, algunos de los cuales tienen m\u00e1s de dos d\u00e9cadas en la carrera.<\/span><\/p>\n<p class=\"p1\"><span class=\"s1\">Acento acept\u00f3 las restricciones, y ofreci\u00f3 su inter\u00e9s en escuchar las historias que est\u00e1n dispuestos a contar, en la medida en que sus identidades puedan ser protegidas. Dijeron que entre el 2012 y el 2016 los fiscales en generan hicieron reclamos, marchas, demandaron aumentos de salarios y hasta recibieron amenazas contra la carrera del Ministerio P\u00fablico, pero siempre el entonces Procurador General Francisco Dom\u00ednguez Brito mantuvo la profesionalidad y dirigi\u00f3 sin politiquer\u00eda los departamentos m\u00e1s sensibles, incluyendo el respeto de la Procuradur\u00eda Especializada en Persecuci\u00f3n de la Corrupci\u00f3n Administrativa.<\/span><\/p>\n<p class=\"p1\"><span class=\"s1\">El cambio y el derrumbe se inici\u00f3 en 2016 con la llegada del licenciado Jean Alain Rodr\u00edguez al puesto. \u201cEl Ministerio P\u00fablico no era una gran instituci\u00f3n, pero nunca hubo presi\u00f3n de ning\u00fan Procurador para ning\u00fan caso en particular. Se respeta las opiniones y acciones de los procuradores fiscales por departamentos, y jam\u00e1s fueron llamados los fiscales para recibir instrucciones directas, sin que su superior se enterara\u201d, dijeron.<\/span><\/p>\n<figure class=\"wp-caption aligncenter\"><img loading=\"lazy\" class=\"\" src=\"https:\/\/ssl.c.photoshelter.com\/img-get\/I0000ifNvBmQJ3OY\/s\/500\/I0000ifNvBmQJ3OY.jpg\" width=\"784\" height=\"522\" \/><figcaption class=\"wp-caption-text\">Nuevos fiscalizados que se graduaron esta semana, posan junto a Jean Alain Rodr\u00edguez<\/figcaption><\/figure>\n<p class=\"p1\"><span class=\"s1\">El cambio fue d\u00e1ndose desde el 2016. Ahora es Normal que el personal administrativo est\u00e9 dando instrucciones a los fiscales en los procesos. Antes era posible rechazar cualquier intento de darles instrucciones u \u00f3rdenes. Citan el caso de Juan Antonio Cedano, procurador de la Corte de Apelaci\u00f3n de Santo Domingo, y Luis Liranzo entonces fiscal de Santiago, quienes encontr\u00e1ndose en Panam\u00e1, en una conferencia internacional, fueron llamados de urgencia. En el caso de Cedano, al llegar a Santo Domingo, le solicitaron poner su cargo a disposici\u00f3n. El Procurador necesitaba la posici\u00f3n. Lo mismo hab\u00eda ocurrido con Jos\u00e9 Abud, director de la carrera del Ministerio P\u00fablico. Al frente de la carrera fue designado V\u00edctor Lora, que hab\u00eda llegado desde el CEI-RD, junto con Lean Alain Rodr\u00edguez. V\u00edctor Lora era fot\u00f3grafo, pero lleg\u00f3 a la direcci\u00f3n de la carrera por un concurso que le facilit\u00f3 su ascenso. Era una persona con cero v\u00ednculo con el Ministerio P\u00fablico. Su profesi\u00f3n es la ingenier\u00eda, y sustituy\u00f3 a una persona con formaci\u00f3n en el \u00e1rea.<\/span><\/p>\n<p class=\"p1\"><span class=\"s1\">Esos cambios fueron posibles gracias al concurso del 2018, que condujo a la destituci\u00f3n de Edith Febles, Altagracia Salazar y Ricardo Nieves de un programa de televisi\u00f3n en CDN-37, luego de las revelaciones realizadas en ese programa. Febles y sus compa\u00f1eros acertaron en casi todas las predicciones que hicieron sobre las posiciones en concurso y c\u00f3mo ser\u00edan asignadas. Ese fue el primer concurso, y hubo cientos de concursantes, porque se cre\u00eda que habr\u00eda seriedad en los procedimientos. No fue as\u00ed.<\/span><\/p>\n<p class=\"p1\"><span class=\"s1\"><b>\u00bfC\u00f3mo se organiz\u00f3 la selecci\u00f3n de las fichas adheridas a Jean Ala\u00edn Rodr\u00edguez?<\/b><\/span><\/p>\n<p class=\"p1\"><span class=\"s1\">La pregunta que se hizo a los fiscales fue directa: \u00bfDe d\u00f3nde salen los fiscales que desean Jean Alain si para ocupar una posici\u00f3n hay que pasar por la Escuela del Ministerio P\u00fablico? La respuesta tambi\u00e9n fue directa y sin zigzagueos:<\/span><\/p>\n<p class=\"p1\"><span class=\"s1\">El equipo del Procurador, gente de su confianza, que trabajan en \u00e1reas administrativas, organizaron almuerzos en todo el pa\u00eds, y conversaban con los fiscales y preguntaban sobre c\u00f3mo actuar\u00edan en casos pol\u00edticos hipot\u00e9ticos. Los fiscales que respond\u00edan que no les interesaba la pol\u00edtica o que dec\u00edan que actuar\u00edan sin tomar en cuenta los partidos fueron descartados. Los que respond\u00edan con sumisi\u00f3n y preguntando a la autoridad superior fueron escogidos. As\u00ed se hicieron los primeros perfiles y los seleccionados eran identificados como \u201clos que cog\u00edan l\u00edneas\u201d.<\/span><\/p>\n<p class=\"p1\"><span class=\"s1\">Explican los fiscales que ellos mismos, en conversaciones discretas, identificaban el momento como \u201cLa era de los brutos y corruptos\u201d. Esa era se ha extendido a la actualidad, que son tambi\u00e9n los fiscales que trafican con influencia.<\/span><\/p>\n<p class=\"p1\"><span class=\"s1\">Para dar m\u00e1s consistencia, la Procuradur\u00eda invent\u00f3 un \u201cCurso en Gesti\u00f3n Administrativa del Ministerio P\u00fablico\u201d, impartido por la Escuela, para que sea suministrado al personal previamente seleccionado para ocupar posiciones en acuerdo con las autoridades. Por ejemplo, a las personas que hicieron ese caso en los cert\u00e1menes para escoger personal se les daban 5 puntos, de los 25 necesarios para alcanzar la posici\u00f3n. Una maestr\u00eda en Administraci\u00f3n P\u00fablica, tomada en una universidad extranjera, carece de valor, pero el curso en gesti\u00f3n administrativa recibe 5 puntos. La indignaci\u00f3n de los fiscales de carrera ha ido en aumento por situaciones como esta.<\/span><\/p>\n<p class=\"p1\"><span class=\"s1\">Los fiscales honestos y profesionales se dieron cuenta de que en la asignaci\u00f3n de los 5 puntos hab\u00eda un mensaje: Investigaron y se dieron cuenta de que los que asistieron a los almuerzos, los que aceptaron ser c\u00f3mplices en el control del Ministerio P\u00fablico, son los mismos que asistieron al curso en gesti\u00f3n administrativa. Son los mismos que van a ser designados.<\/span><\/p>\n<figure class=\"wp-caption aligncenter\"><img loading=\"lazy\" class=\"\" src=\"https:\/\/ssl.c.photoshelter.com\/img-get\/I0000uyoFoSkyAKg\/s\/500\/I0000uyoFoSkyAKg.jpg\" width=\"727\" height=\"484\" \/><figcaption class=\"wp-caption-text\">Nuevos fiscalizadores<\/figcaption><\/figure>\n<p class=\"p1\"><span class=\"s1\"><b>\u00bfY qui\u00e9nes son los que encabezan estas designaciones y organizan el andamiaje?<\/b><\/span><\/p>\n<p class=\"p1\"><span class=\"s1\">En primer lugar lo atribuyen al propio Procurador General de la Rep\u00fablica, Jean Alain Rodr\u00edguez. En segundo lugar, a Rafael Can\u00f3, el jefe del gabinete del Procurador. En tercer lugar a Joan Manuel Alc\u00e1ntara Javier, Procurador Adjunto, designado por decreto 391-18 del presidente de la Rep\u00fablica Danilo Medina, en fecha 2 de noviembre 2018.<\/span><\/p>\n<p class=\"p1\"><span class=\"s1\">Parcialmente forman parte de la estructura V\u00edctor Lora, Director de la Carrera del Ministerio P\u00fablico, y Fernando Quezada, director general de Persecuci\u00f3n del Ministerio P\u00fablico.<\/span><\/p>\n<p class=\"p1\"><span class=\"s1\">Este equipo ha realizado el perfil de los fiscales a ser designados, a ser ascendidos, y de la estructura que debe crearse, con la inclusi\u00f3n de los reglamentos y otros procedimientos.<\/span><\/p>\n<p class=\"p1\"><span class=\"s1\"><b>El Movimiento Pol\u00edtico a favor de Gonzalo Castillo<\/b><\/span><\/p>\n<p class=\"p1\"><span class=\"s1\">Dentro de la PGR ha crecido, con el aval del Procurador, un movimiento pol\u00edtico de apoyo al candidato presidencial del PLD, Gonzalo Castillo. El Movimiento se denomina Renovaci\u00f3n, y tiene su sede en la avenida Winston Churchill, al lado del Ministerio de la Juventud, y es coordinado por dos personas: El jefe de Transportaci\u00f3n del Ministerio P\u00fablico, Caonabo Antonio Garc\u00eda M\u00e9ndez, y el jefe del gabinete, Rafael Can\u00f3.<\/span><\/p>\n<p class=\"p1\"><span class=\"s1\"><b>Cambios, percepciones y creaciones<\/b><\/span><\/p>\n<p class=\"p1\"><span class=\"s1\">Los fiscales \u201crebeldes\u201d, como se les denomina al interior del Ministerio P\u00fablico, est\u00e1n convencidos de que el criterio que prima, y bajo el que act\u00faan las autoridades actuales del Ministerio P\u00fablico, es que ese ministerio no existe, y que lo que realmente existe y se impone es la Procuradur\u00eda General de la Rep\u00fablica, a la cabeza de la cual se ubica el licenciado Jean Alain Rodr\u00edguez.<\/span><\/p>\n<p class=\"p1\"><span class=\"s1\">Esa percepci\u00f3n desecha el contenido de la Constituci\u00f3n de la Rep\u00fablica, que en sus art\u00edculos 169 y 170 ofrece potestad al Ministerio P\u00fablico como una entidad de actuaci\u00f3n independiente en la investigaci\u00f3n de delitos y cr\u00edmenes. No a la Procuradur\u00eda General de la Rep\u00fablica. Veamos el art\u00edculo de la Constituci\u00f3n:<\/span><\/p>\n<p class=\"p4\"><span class=\"s2\"><b>Art\u00edculo 169.- Definici\u00f3n y funciones.\u00a0<\/b><\/span><span class=\"s1\">El Ministerio P\u00fablico es el \u00f3rgano del sistema de justicia responsable de la formulaci\u00f3n e implementaci\u00f3n de la pol\u00edtica del Estado contra la criminalidad, dirige la investigaci\u00f3n penal y ejerce la acci\u00f3n p\u00fablica en representaci\u00f3n de la sociedad.<\/span><\/p>\n<p class=\"p4\"><span class=\"s1\">Para ocultar este mandato, las autoridades actuales crearon una estructura administrativa que controla pol\u00edtica, econ\u00f3mica y jurisdiccionalmente al Ministerio P\u00fablico. Puede parecer una sutileza, dicen, pero no lo es. Se trata de una diferencia fundamental.<\/span><\/p>\n<p class=\"p4\"><span class=\"s1\">Hay casos emblem\u00e1ticos, en que el Procurador trata directamente los casos con los fiscales, y les ordena lo que tienen que hacer. Antes eso no era as\u00ed. Una consecuencia de la creaci\u00f3n de la nueva estructura es que hay administradores, sin experiencia ni conocimiento, que dan \u00f3rdenes a los fiscales profesionales y especializados.<\/span><\/p>\n<p class=\"p4\"><span class=\"s1\">Un caso, un ejemplo, le pedimos. Ellos identifican a Daniel Santos, en Santiago, quien es candidato a diputado por el PLD, no es fiscal, pero dirige la Procuradur\u00eda Especializada para el tema el\u00e9ctrico en toda la regi\u00f3n del Cibao. Otro jefe en Santiago es Hilario Ochoa, quien dirige una estructura administrativa, creada al margen de la ley. Ochoa fue compa\u00f1ero de estudios de Post Grado de Jean Alain Rodr\u00edguez en Francia, y es el esposo de la se\u00f1ora Massiel Uceta S\u00e1nchez, que firm\u00f3 uno de los contratos denunciados por el periodista Marino Zapete.<\/span><\/p>\n<figure class=\"wp-caption aligncenter\"><img loading=\"lazy\" class=\"\" src=\"https:\/\/ssl.c.photoshelter.com\/img-get\/I0000iZwIYYLWtl4\/s\/500\/I0000iZwIYYLWtl4.jpg\" width=\"733\" height=\"488\" \/><figcaption class=\"wp-caption-text\">Jean Alain Rodr\u00edguez se dirige a los nuevos fiscalizadores<\/figcaption><\/figure>\n<p class=\"p4\"><strong><span class=\"s1\">\u00bfY qui\u00e9nes son los afectados por estas disposiciones y entramado de poder?<\/span><\/strong><\/p>\n<p class=\"p4\"><span class=\"s1\">La respuesta de los fiscales a esta pregunta es la siguiente:<\/span><\/p>\n<p class=\"p4\"><span class=\"s1\">Los m\u00e1s afectados son los fiscales con curr\u00edculo vitae s\u00f3lidos, que han creado en la carrera del Ministerio P\u00fablico y que se han esforzado para tener expedientes de honestidad, independencia y s\u00f3lida formaci\u00f3n.<\/span><\/p>\n<p class=\"p4\"><span class=\"s1\">Los fiscales honestos tambi\u00e9n resultan afectados, porque ahora la honestidad no es un valor, sino la sumisi\u00f3n.<\/span><\/p>\n<p class=\"p4\"><span class=\"s1\">Los fiscales que han realizado m\u00e1s de dos maestr\u00edas y especialidades est\u00e1n desubicados, desorientados y sin esperanza de que este control sea detenido.<\/span><\/p>\n<p class=\"p4\"><span class=\"s1\">Los fiscales que han llevado los grandes casos de corrupci\u00f3n en los \u00faltimos tiempos, han tenido que cargar pesado tratando de hacer carrera, pero se han dado cuenta que nada de ello sirve para nada. El \u00fanico camino que le han dejado es la resistencia o la salida.<\/span><\/p>\n<p class=\"p4\"><span class=\"s1\">Los otros afectados son los fiscales que no \u201ccogen l\u00edneas\u201d, que son conocidos como \u201clos rebeldes\u201d, los que aprendieron a realizar su trabajo con independencia y profesionalidad.<\/span><\/p>\n<p class=\"p4\"><span class=\"s1\">En esta parte sostienen que han llegado a un extremo, y que se les ha agotado el tiempo. \u201cSomos un grupo de fiscales que, sigue el concurso ilegal, llevaremos el caso hasta la justicia\u201d, dicen, bajo el conocimiento que su rol es defender la independencia del Ministerio P\u00fablico, sin estar metido en pol\u00edtica, sin pertenecer a ning\u00fan partido, porque ellos son profesionales alejados de los pol\u00edticos y de los partidos. Muchos de ellos ni siquiera votan en las elecciones.<\/span><\/p>\n<p class=\"p4\"><span class=\"s1\"><b>El concurso para escoger nuevas autoridades del Ministerio P\u00fablico<\/b><\/span><\/p>\n<p class=\"p4\"><span class=\"s1\">Fue el Consejo Superior del Ministerio P\u00fablico, en resoluci\u00f3n del pasado 7 de febrero, que llam\u00f3 a concurso que cierra el 22 de febrero. Escoger\u00e1n 17 posiciones dilig\u00e9nciales y procuradores especializados, como los de Delitos Electr\u00f3nicos y el de Delitos y Cr\u00edmenes Electorales, por ejemplo.<\/span><\/p>\n<p class=\"p4\"><span class=\"s1\">Se preguntan por qu\u00e9 raz\u00f3n Iv\u00e1n F\u00e9liz, que inici\u00f3 el 21 de septiembre de 2018, fue obligado a renunciar -porque no coge l\u00ednea- de la Procuradur\u00eda Especializada para los delitos electr\u00f3nicos. Emiti\u00f3 una carta renunciando. Tambi\u00e9n van a escoger al director de la Escuela del Ministerio P\u00fablico, 12 fiscales y varias procuradur\u00edas especializadas.<\/span><\/p>\n<figure class=\"wp-caption alignright\"><img loading=\"lazy\" class=\"size-large\" src=\"https:\/\/ssl.c.photoshelter.com\/img-get\/I0000bHDjKHw7MVw\/s\/500\/I0000bHDjKHw7MVw.jpg\" width=\"500\" height=\"333\" \/><figcaption class=\"wp-caption-text\">Luisa Liranzo, fue la fiscal de Santiago hasta el a\u00f1o pasado<\/figcaption><\/figure>\n<p class=\"p4\"><strong><span class=\"s1\">\u00bfCu\u00e1ntos fiscales necesita el pa\u00eds?<\/span><\/strong><\/p>\n<p class=\"p4\"><span class=\"s1\">El n\u00famero de fiscales que el pa\u00eds necesita no pasa de 700 dicen los entrevistados, pero en la actualidad hay en la carrera alrededor de 1,200, aparte de que han comenzado a seleccionar fiscalizadores, para que comiencen su carrera de ascenso.<\/span><\/p>\n<p class=\"p4\"><span class=\"s1\">Identifican a Marien Montero como una de las personas que ir\u00e1 a ocupar posiciones privilegiadas. Fue asistente de Jean Alain Rodr\u00edguez en el CEI-RD, y carece de experiencia y tan pronto ha sido designada como directora de la Escuela del Ministerio P\u00fablico ha convocado un concurso externo para llenar 180 plazas.<\/span><\/p>\n<p class=\"p4\"><span class=\"s1\">Esas plazas, dicen haber recibido informaciones fidedignas y testimoniales, ser\u00e1n llenadas por los gobernadores provinciales, a los que se les gan\u00f3 una cuota por provincia, para que sean incluidas. Obvio que los beneficiarios ser\u00e1n dirigentes o allegados al PLD, a los gobernadores provinciales, y leales al procurador.<\/span><\/p>\n<p class=\"p4\"><span class=\"s1\">Entre los fiscales que ser\u00e1n sustituidos se encuentran el de Puerto Plata, Osvaldo Bonilla, el de Azua, Dante Castillo, el de Higuey, Edwin Encarnaci\u00f3n, la de La Romana, Reina Rodr\u00edguez Cede\u00f1o.<\/span><\/p>\n<p class=\"p4\"><span class=\"s1\">Otro de los aspectos que se\u00f1alan es la completa violaci\u00f3n del escalaf\u00f3n del Ministerio P\u00fablico, establecido en el art\u00edculo 41 de la ley 133-11. Ese escalaf\u00f3n manda un per\u00edodo de 4 a\u00f1os para los fiscales titulares y su mandato \u201cpodr\u00e1 ser reconfortado por un segundo y \u00fanico per\u00edodo consecutivo, previa evaluaci\u00f3n de desempe\u00f1o\u201d. Ahora no eval\u00faan, sino que convocan a concurso para sustituirlo de la posici\u00f3n que ocupa.<\/span><\/p>\n<p class=\"p4\"><span class=\"s1\">Explican que una evaluaci\u00f3n de desempe\u00f1o es diferente de un concurso. Y que por esa v\u00eda las autoridades han excluido a muchos profesionales capaces y honestos del Ministerio P\u00fablico. \u201cLos concursos los realizan para justificar la separaci\u00f3n de los fiscales honestos\u201d, dijeron.<\/span><\/p>\n<p class=\"p4\"><span class=\"s1\"><b>\u00bfC\u00f3mo es que consiguen las renuncias de los fiscales?<\/b><\/span><\/p>\n<p class=\"p4\"><span class=\"s1\">El procedimiento para sustituir fiscales honestos es definido como un esquema ya establecido, y cuasi oficial, porque no es nada legal.<\/span><\/p>\n<p class=\"p4\"><span class=\"s1\">El jefe del gabinete, Rafael Can\u00f3, cita al fiscal y le informa que el Procurador le pide de favor que ponga el cargo a disposici\u00f3n, que le prometen protegerlo. Y que en caso de rechazar la petici\u00f3n le dicen que la plaza ser\u00e1 sometida a concurso, y que en ese caso no ser\u00e1 ascendido ni tomado en cuenta para ninguna otra posici\u00f3n.<\/span><\/p>\n<figure class=\"wp-caption alignright\"><img loading=\"lazy\" class=\"size-large\" src=\"https:\/\/ssl.c.photoshelter.com\/img-get\/I0000FxK59u.6fJE\/s\/500\/I0000FxK59u.6fJE.jpg\" width=\"500\" height=\"333\" \/><figcaption class=\"wp-caption-text\">Yeny Berenice Reynoso, fue la fiscal del Distrito Nacional hasta el a\u00f1o pasado<\/figcaption><\/figure>\n<p class=\"p4\"><span class=\"s1\">Todo este andamiaje est\u00e1 coordinado con el Consejo Superior del Ministerio P\u00fablico. En 2018 de cinco miembros del Consejo Superior del Ministerio P\u00fablico hab\u00eda 2 que aspiraban a posiciones en concurso. Fueron identificados y hubo una crisis, que incluy\u00f3 cambios y rotaciones.<\/span><\/p>\n<p class=\"p4\"><span class=\"s1\">Ellos fueron Edward L\u00f3pez, y su plaza, a la que aspiraba, qued\u00f3 desierta. El otro fue Jos\u00e9 Manuel Aguil\u00f3 Talaveras.<\/span><\/p>\n<p class=\"p4\"><span class=\"s1\">Ahora tienen planeada la elecci\u00f3n para el Consejo Superior del Ministerio P\u00fablico en el mes de abril, antes de las elecciones presidenciales de mayo. Electos, cuales quiera que sean, se mantendr\u00edan en la posici\u00f3n por los pr\u00f3ximos cuatro a\u00f1os.<\/span><\/p>\n<p class=\"p4\"><span class=\"s1\">Explican que de este modo todos los estamentos del Ministerio P\u00fablico estar\u00e1n tomados por personal de Jean Alain Rodr\u00edguez, incluyendo todas las procuradur\u00edas especializadas del pa\u00eds, entre ellas las de Tecnolog\u00eda, delitos electorales, corrupci\u00f3n, entre otras.<\/span><\/p>\n<p class=\"p4\"><span class=\"s1\">En el caso de los fiscales electorales, ya designados recientemente, ofrecen el dato de que fueron seleccionados pol\u00edticamente y se les orden\u00f3 perseguir los delitos de la oposici\u00f3n. \u201cEsa es la orden\u201d, revelan. El objetivo es el control del Ministerio P\u00fablico durante los pr\u00f3ximos cuatro a\u00f1os, para que el Procurador General que venga con un nuevo gobierno no tenga nada que hacer.<\/span><\/p>\n<p class=\"p4\"><span class=\"s1\">Tambi\u00e9n est\u00e1 controlado el Tribunal Disciplinario del Ministerio P\u00fablico, al que le hicieron transformaciones fundamentales.<\/span><\/p>\n<p class=\"p4\"><span class=\"s1\">La Procuradur\u00eda Especializada en Delitos Tecnol\u00f3gicos fue concursada el a\u00f1o pasado, pero ahora la ponen nuevamente en concurso para renovar por los pr\u00f3ximos cuatro a\u00f1os su mandato. Lo mismo pasar\u00e1 con la Procuradur\u00eda Especializada para la Persecuci\u00f3n de la Corrupci\u00f3n, la Procuradur\u00eda Especializada en Cr\u00edmenes y Delitos contra la Salud, y la de los asuntos electorales que ya fue mencionada.<\/span><\/p>\n<p class=\"p4\"><span class=\"s1\"><b>Otras 16 procuradur\u00edas ser\u00e1n concursadas en sus titularidades.<\/b><\/span><\/p>\n<p class=\"p4\"><span class=\"s1\">Las autoridades tienen bajo su control las dos asociaciones de fiscales. La Asociaci\u00f3n de Fiscales de Carrera (ADOFIC) y la Asociaci\u00f3n de Fiscales Dominicanos (AFIDOM). Son dos organizaciones con criterios diferentes, pero ambas est\u00e1n bajo la tutela de Jean Alain Rodr\u00edguez.<\/span><\/p>\n<p class=\"p4\"><strong><span class=\"s1\">Un panorama sombr\u00edo y desesperanzado<\/span><\/strong><\/p>\n<p class=\"p4\"><span class=\"s1\">Los fiscales que describen este cuadro se miran entre s\u00ed y debaten posiciones, pero no tienen tiempo para el cansancio ni el abandono. Entienden que deben seguir la batalla para que no se destruya totalmente el Ministerio P\u00fablico.<\/span><\/p>\n<p class=\"p4\"><span class=\"s1\">\u201cNo tenemos carrera, no tenemos escuela, no tenemos asociaciones. El Procurador las ha controlado todas para sus fines y prop\u00f3sitos ajenos al Ministerio P\u00fablico\u201d, dicen.<\/span><\/p>\n<p class=\"p4\"><span class=\"s1\">Ya ning\u00fan fiscal puede hablar, dar declaraciones o defender sus posiciones sobre temas judiciales. El cierre es r\u00edgido. Los medios est\u00e1n cerrados, y salvo situaciones excepcionales, pueden pedir permiso y si se lo otorgan es posible acudir a un medio de comunicaci\u00f3n. Es frecuente que lo nieguen.<\/span><\/p>\n<p class=\"p4\"><span class=\"s1\">A algunos fiscales se les ha querido prohibir que escriban en las redes sociales. No se puede decir nada. Hay persecuci\u00f3n y seguimiento. El concurso del 22 de febrero es la estocada final, pues 14 puestos de alta direcci\u00f3n del Ministerio P\u00fablico est\u00e1n renunciando para que las posiciones sean sometidas a concurso por voluntad del Procurador. En la historia de la Procuradur\u00eda nunca hab\u00edan renunciado tantas personas, jam\u00e1s se hab\u00eda registrado un fen\u00f3meno como este de las renuncias.<\/span><\/p>\n<figure class=\"wp-caption alignright\"><img loading=\"lazy\" class=\"size-large\" src=\"https:\/\/ssl.c.photoshelter.com\/img-get\/I0000nFmbK8v4qAw\/s\/500\/I0000nFmbK8v4qAw.jpg\" width=\"500\" height=\"333\" \/><figcaption class=\"wp-caption-text\">Laura Guerrero Pelletier, responsable de la Procuradur\u00eda Especializada en la corrupci\u00f3n Administrativa<\/figcaption><\/figure>\n<p class=\"p4\"><span class=\"s1\">Tampoco se publican las actas del Consejo Superior del Ministerio P\u00fablico. Las actas del Consejo del Poder Judicial se hacen p\u00fablicas pero las del Ministerio P\u00fablico jam\u00e1s.<\/span><\/p>\n<p class=\"p4\"><span class=\"s1\"><b>\u00bfCu\u00e1les son las consecuencias negativas de estas acciones?<\/b><\/span><\/p>\n<p class=\"p4\"><span class=\"s1\">Es la pregunta que formulamos para comenzar a cerrar el di\u00e1logo. Y de inmediato comienza la lista de negatividades que se desprenden del actual Ministerio P\u00fablico:<\/span><\/p>\n<p class=\"p4\"><span class=\"s1\">Retiro de acusaciones formuladas, sin que nadie se entere.<\/span><\/p>\n<p class=\"p4\"><span class=\"s1\">Acuerdos irregulares patrocinados por fiscales, como los de violencia de g\u00e9nero. Nadie los conoce, y no ofrecen datos a ning\u00fan periodista o interesado.<\/span><\/p>\n<p class=\"p4\"><span class=\"s1\">Opacidad en la administraci\u00f3n de Bienes Incautados<\/span><\/p>\n<p class=\"p4\"><span class=\"s1\">Selectividad de la persecuci\u00f3n penal a los responsables de violaciones<\/span><\/p>\n<p class=\"p4\"><span class=\"s1\">Archivos discrecionales de expedientes, como acaba de ocurrir con el caso de Andy Dauhajre, que fue ilegal, y que lo firm\u00f3 Joan Alc\u00e1ntara, adjunto del Procurador, quien jam\u00e1s ha realizado una investigaci\u00f3n de corrupci\u00f3n, adem\u00e1s de que no es de la carrera del Ministerio P\u00fablico.<\/span><\/p>\n<p class=\"p4\"><strong><span class=\"s1\">Palabras finales<\/span><\/strong><\/p>\n<p class=\"p4\"><span class=\"s1\">Todo lo que se logr\u00f3 en independencia y capacitaci\u00f3n del Ministerio P\u00fablico en los \u00faltimos 15 a\u00f1os, ahora se hunde. Estos \u00faltimos tres a\u00f1os han sido de retroceso, explican.<\/span><\/p>\n<p class=\"p4\"><span class=\"s1\">En caso de que esta situaci\u00f3n continuara no podremos hablar m\u00e1s de la carrera del Ministerio P\u00fablico. Hoy d\u00eda los miembros del MP no sienten orgullo de ser fiscales.<\/span><\/p>\n<p class=\"p4\"><span class=\"s1\">Las actuaciones del Ministerio P\u00fablico contra Miriam Germ\u00e1n, un estandarte del Poder Judicial, fue un ejemplo de c\u00f3mo tratan a las personas honestas y que han sido y son s\u00edmbolos de calidad y capacidad, ademas de honestidad.<\/span><\/p>\n<p class=\"p4\"><span class=\"s1\">No dejan de mencionar los casos de Luisa Liranzo Y Yenny Berenice Reynoso, fiscales de Santiago y del Distrito Nacional, que fueron en la pr\u00e1ctica sacadas de las posiciones que hab\u00edan ocupado, son honestidad y solvencia.<\/span><\/p>\n<p class=\"p4\"><span class=\"s1\">\u201cLos los fiscales piensan que si estas maniobras las hicieron contra esas mujeres meritorias, c\u00f3mo no lo har\u00edan contra ellos, que no son reconocidos. Es mejor quedarse callados y sin reaccionar\u201d, explican es la actitud que asumen los fiscales actuales.<\/span><\/p>\n<p>Impactos: 139<\/p>","protected":false},"excerpt":{"rendered":"<p>Fausto Rosario Adames\/Acento.com.do SANTO DOMINGO, Rep\u00fablica Dominicana.- El Procurador General de la Rep\u00fablica, Jean Alain Rodr\u00edguez, ha hecho retroceder por lo menos 18 a\u00f1os<\/p>\n","protected":false},"author":3,"featured_media":4478,"comment_status":"closed","ping_status":"closed","sticky":false,"template":"","format":"standard","meta":[],"categories":[3],"tags":[],"_links":{"self":[{"href":"https:\/\/hormigaradio.com\/index.php?rest_route=\/wp\/v2\/posts\/8670"}],"collection":[{"href":"https:\/\/hormigaradio.com\/index.php?rest_route=\/wp\/v2\/posts"}],"about":[{"href":"https:\/\/hormigaradio.com\/index.php?rest_route=\/wp\/v2\/types\/post"}],"author":[{"embeddable":true,"href":"https:\/\/hormigaradio.com\/index.php?rest_route=\/wp\/v2\/users\/3"}],"replies":[{"embeddable":true,"href":"https:\/\/hormigaradio.com\/index.php?rest_route=%2Fwp%2Fv2%2Fcomments&post=8670"}],"version-history":[{"count":1,"href":"https:\/\/hormigaradio.com\/index.php?rest_route=\/wp\/v2\/posts\/8670\/revisions"}],"predecessor-version":[{"id":8671,"href":"https:\/\/hormigaradio.com\/index.php?rest_route=\/wp\/v2\/posts\/8670\/revisions\/8671"}],"wp:featuredmedia":[{"embeddable":true,"href":"https:\/\/hormigaradio.com\/index.php?rest_route=\/wp\/v2\/media\/4478"}],"wp:attachment":[{"href":"https:\/\/hormigaradio.com\/index.php?rest_route=%2Fwp%2Fv2%2Fmedia&parent=8670"}],"wp:term":[{"taxonomy":"category","embeddable":true,"href":"https:\/\/hormigaradio.com\/index.php?rest_route=%2Fwp%2Fv2%2Fcategories&post=8670"},{"taxonomy":"post_tag","embeddable":true,"href":"https:\/\/hormigaradio.com\/index.php?rest_route=%2Fwp%2Fv2%2Ftags&post=8670"}],"curies":[{"name":"wp","href":"https:\/\/api.w.org\/{rel}","templated":true}]}}