{"id":8676,"date":"2020-02-21T17:48:33","date_gmt":"2020-02-21T17:48:33","guid":{"rendered":"http:\/\/hormigaradio.com\/?p=8676"},"modified":"2020-02-21T17:56:48","modified_gmt":"2020-02-21T17:56:48","slug":"santiago-asume-con-energia-la-protesta-contra-jce-y-exige-democracia-videos","status":"publish","type":"post","link":"https:\/\/hormigaradio.com\/?p=8676","title":{"rendered":"SANTIAGO ASUME CON ENERG\u00cdA LA PROTESTA CONTRA JCE Y EXIGE DEMOCRACIA (v\u00eddeos)"},"content":{"rendered":"<p>SANTIAGO, Rep\u00fablica Dominicana.-\u201cNo estamos aqu\u00ed porque nos dar\u00e1n un \u201cpica pollo\u201d, no estamos aqu\u00ed para beneficiar un grupo pol\u00edtico, estamos aqu\u00ed porque tenemos un pa\u00eds, una bandera, una democracia que defender\u201d, afirma convencido de uno de los j\u00f3venes que participa en las manifestaciones tras la anulaci\u00f3n de las elecciones municipales el domingo 16 de febrero.<\/p>\n<p><iframe loading=\"lazy\" src=\"https:\/\/www.youtube.com\/embed\/Dl64WZPJExw\" width=\"100%\" height=\"500\" frameborder=\"0\" allowfullscreen=\"allowfullscreen\" data-mce-fragment=\"1\"><\/iframe><\/p>\n<p>Durante tres d\u00edas consecutivos ha protestado Santiago solo contando con las convocatorias\u00a0 que se hacen a trav\u00e9s de las redes sociales.<\/p>\n<p>Y las protestas contin\u00faan este viernes 21. Hoy con los convocantes se proponen juntar unas 10 mil personas.<\/p>\n<p><img loading=\"lazy\" class=\"\" src=\"https:\/\/ssl.c.photoshelter.com\/img-get\/I0000o3dEJjZTZkI\/s\/500\/I0000o3dEJjZTZkI.jpg\" width=\"629\" height=\"472\" \/><\/p>\n<p>Las \u00e1reas del Monumento a los H\u00e9roes de la Restauraci\u00f3n, el parque Duarte, la sede de la Gobernaci\u00f3n y la plaza Hermanas Mirabal, han sido los escenarios para las protestas en rechazo al trabajo realizado desde la Junta Central Electoral y contra el gobierno del Partido de la Liberaci\u00f3n Dominicana (PLD).<\/p>\n<p><iframe loading=\"lazy\" src=\"https:\/\/www.youtube.com\/embed\/Pu6O-1x96aA\" width=\"100%\" height=\"500\" frameborder=\"0\" allowfullscreen=\"allowfullscreen\" data-mce-fragment=\"1\"><\/iframe><\/p>\n<p>Desde all\u00ed miles de ciudadanos y ciudadanas se han expresado con mensajes en carteles, con sus consignas, y una mil maneras de exigir que se aclare lo ocurrido con el voto automatizado en las elecciones del domingo 16 de febrero, las cuales fueron suspendidas a las 11:11 de la ma\u00f1ana, tras el colapso de los equipos de automatizaci\u00f3n.<\/p>\n<p><img loading=\"lazy\" class=\"\" src=\"https:\/\/ssl.c.photoshelter.com\/img-get\/I0000HiNy7OLVTnA\/s\/500\/I0000HiNy7OLVTnA.jpg\" width=\"629\" height=\"420\" \/><\/p>\n<p>\u00bfQu\u00e9 pas\u00f3?, \u00bfpor qu\u00e9 pas\u00f3?, \u00bfqui\u00e9n lo hizo? y \u00bfqui\u00e9n habr\u00eda ordenado el boicot de las elecciones municipales?, son de las preguntas de los manifestantes y para las cuales esperan las respuestas de las autoridades antes de que el pueblo regrese a las urnas el pr\u00f3ximo 15 de marzo.<\/p>\n<p><img loading=\"lazy\" class=\"\" src=\"https:\/\/ssl.c.photoshelter.com\/img-get\/I0000S4feI5olCvw\/s\/500\/I0000S4feI5olCvw.jpg\" width=\"618\" height=\"413\" \/><\/p>\n<p>La masa que protesta en Santiago est\u00e1 integrada por una mayor\u00eda de j\u00f3venes estudiantes universitarios y exige la renuncia del pleno de la Junta Central Electoral (JCE).<\/p>\n<p>Los manifestantes afirman que es imposible pensar que estos jueces del tribunal electoral, que han fallado, puedan garantizar un proceso transparente para los comicios de marzo y los de mayo.<\/p>\n<p><img loading=\"lazy\" class=\"\" src=\"https:\/\/ssl.c.photoshelter.com\/img-get\/I0000fZ.wc3T9Hic\/s\/500\/I0000fZ.wc3T9Hic.jpg\" width=\"560\" height=\"747\" \/><\/p>\n<p>\u201c\u00a1Junta Central Verg\u00fcenza Nacional!\u201d, grita la multitud que se ha propuesto no dejar los espacios democr\u00e1ticos solo a los partidos pol\u00edticos.<\/p>\n<p>\u201cSi no alzamos la voz, no habr\u00e1 mucho que celebrar el 27 de Febrero\u201d, \u201cNo se puede ignorar a tanta gente que pide un cambio\u201d, \u201cyo quiero una respuesta\u201d, \u201cEste Gobierno me enferma\u201d, \u201cSe van\u201d, \u201cNi judas fue tan falso como este Gobierno\u201d, \u201cNo te dejes contagiar de pol\u00edticos corruptos\u201d, Negro por la democracia\u201d, \u00abLa fe y la resistencia, valen m\u00e1s que un se vende\u201d, \u201cNo es pol\u00edtica es democracia\u201d, \u201cVinimos a sacar la basura\u201d. Estas expresiones son solo\u00a0 una parte de los mensajes que resumen la indignaci\u00f3n de la poblaci\u00f3n de Santiago.<\/p>\n<p>Aunque las manifestaciones han estado aupadas por una poblaci\u00f3n joven en su mayor\u00eda, se han sumado voces de todas las edades y de todos los sectores, de los cuales no se excluyen los activistas de los partidos de oposici\u00f3n que participan y promueven las protestas.<\/p>\n<p>Impactos: 118<\/p>","protected":false},"excerpt":{"rendered":"<p>SANTIAGO, Rep\u00fablica Dominicana.-\u201cNo estamos aqu\u00ed porque nos dar\u00e1n un \u201cpica pollo\u201d, no estamos aqu\u00ed para beneficiar un grupo pol\u00edtico, estamos aqu\u00ed porque tenemos un<\/p>\n","protected":false},"author":3,"featured_media":8678,"comment_status":"closed","ping_status":"closed","sticky":false,"template":"","format":"standard","meta":[],"categories":[8],"tags":[],"_links":{"self":[{"href":"https:\/\/hormigaradio.com\/index.php?rest_route=\/wp\/v2\/posts\/8676"}],"collection":[{"href":"https:\/\/hormigaradio.com\/index.php?rest_route=\/wp\/v2\/posts"}],"about":[{"href":"https:\/\/hormigaradio.com\/index.php?rest_route=\/wp\/v2\/types\/post"}],"author":[{"embeddable":true,"href":"https:\/\/hormigaradio.com\/index.php?rest_route=\/wp\/v2\/users\/3"}],"replies":[{"embeddable":true,"href":"https:\/\/hormigaradio.com\/index.php?rest_route=%2Fwp%2Fv2%2Fcomments&post=8676"}],"version-history":[{"count":1,"href":"https:\/\/hormigaradio.com\/index.php?rest_route=\/wp\/v2\/posts\/8676\/revisions"}],"predecessor-version":[{"id":8677,"href":"https:\/\/hormigaradio.com\/index.php?rest_route=\/wp\/v2\/posts\/8676\/revisions\/8677"}],"wp:featuredmedia":[{"embeddable":true,"href":"https:\/\/hormigaradio.com\/index.php?rest_route=\/wp\/v2\/media\/8678"}],"wp:attachment":[{"href":"https:\/\/hormigaradio.com\/index.php?rest_route=%2Fwp%2Fv2%2Fmedia&parent=8676"}],"wp:term":[{"taxonomy":"category","embeddable":true,"href":"https:\/\/hormigaradio.com\/index.php?rest_route=%2Fwp%2Fv2%2Fcategories&post=8676"},{"taxonomy":"post_tag","embeddable":true,"href":"https:\/\/hormigaradio.com\/index.php?rest_route=%2Fwp%2Fv2%2Ftags&post=8676"}],"curies":[{"name":"wp","href":"https:\/\/api.w.org\/{rel}","templated":true}]}}