{"id":8680,"date":"2020-02-22T14:21:04","date_gmt":"2020-02-22T14:21:04","guid":{"rendered":"http:\/\/hormigaradio.com\/?p=8680"},"modified":"2020-02-22T15:44:46","modified_gmt":"2020-02-22T15:44:46","slug":"nuestra-patria-peligra-dicen-dominicanos-en-suiza-por-fracaso-elecciones-municipales-video","status":"publish","type":"post","link":"https:\/\/hormigaradio.com\/?p=8680","title":{"rendered":"NUESTRA PATRIA PELIGRA: DICEN DOMINICANOS EN SUIZA  POR  FRACASO ELECCIONES MUNICIPALES  (V\u00eddeo)"},"content":{"rendered":"<p>M\u00e1ximo Laureano<\/p>\n<figure id=\"attachment_8681\" aria-describedby=\"caption-attachment-8681\" style=\"width: 715px\" class=\"wp-caption aligncenter\"><img loading=\"lazy\" class=\"wp-image-8681 size-large\" src=\"http:\/\/hormigaradio.com\/wp-content\/uploads\/2020\/02\/WhatsApp-Image-2020-02-20-at-4.05.14-PM-904x1024.jpeg\" alt=\"\" width=\"715\" height=\"810\" srcset=\"https:\/\/hormigaradio.com\/wp-content\/uploads\/2020\/02\/WhatsApp-Image-2020-02-20-at-4.05.14-PM.jpeg 904w, https:\/\/hormigaradio.com\/wp-content\/uploads\/2020\/02\/WhatsApp-Image-2020-02-20-at-4.05.14-PM-265x300.jpeg 265w, https:\/\/hormigaradio.com\/wp-content\/uploads\/2020\/02\/WhatsApp-Image-2020-02-20-at-4.05.14-PM-768x870.jpeg 768w\" sizes=\"(max-width: 715px) 100vw, 715px\" \/><figcaption id=\"caption-attachment-8681\" class=\"wp-caption-text\"><em><strong>Judhit Arslanovska Kraaniqi, muestra su mensaje en la manifestaci\u00f3n.<\/strong><\/em><\/figcaption><\/figure>\n<p>Un grupo de dominicanos y dominicanas que residen en Suiza, se concentraron\u00a0 frente a las oficinas del Consulado y la Junta Central Electoral de la\u00a0 \u00a0 Rep\u00fablica Dominicana, en ese pa\u00eds europeo, para reclamar que se respete el sistema democr\u00e1tico de la naci\u00f3n quisqueyana.<\/p>\n<p><img loading=\"lazy\" class=\"alignleft wp-image-8685 size-medium\" src=\"http:\/\/hormigaradio.com\/wp-content\/uploads\/2020\/02\/WhatsApp-Image-2020-02-20-at-4.05.15-PM-1-225x300.jpeg\" alt=\"\" width=\"225\" height=\"300\" srcset=\"https:\/\/hormigaradio.com\/wp-content\/uploads\/2020\/02\/WhatsApp-Image-2020-02-20-at-4.05.15-PM-1-225x300.jpeg 225w, https:\/\/hormigaradio.com\/wp-content\/uploads\/2020\/02\/WhatsApp-Image-2020-02-20-at-4.05.15-PM-1.jpeg 768w\" sizes=\"(max-width: 225px) 100vw, 225px\" \/><\/p>\n<p>Los nativos de la tierra de Duarte, S\u00e1nchez y Mella, se quejaron por la forma en que Gobierno actual, a su entender\u00a0 ha menejado la sitiaci\u00f3n con respecto a las elecciones, para elecgir a las autoridades de los\u00a0 \u00a0ayuntamientos. psara el per\u00edodos 2020-2024.<\/p>\n<p>&#8220;La paria peligra&#8221;, es uno de los\u00a0 mensajes que que axhibieron los\u00a0 \u00a0dominicanos y dminicanas\u00a0 residente en Zurich-Suiza.<\/p>\n<p>Ver v\u00eddeo.<\/p>\n<p>&nbsp;<\/p>\n<p><iframe loading=\"lazy\"  id=\"_ytid_36567\" width=\"715\" height=\"402\"  data-origwidth=\"715\" data-origheight=\"402\"  src=\"https:\/\/www.youtube.com\/embed\/CjuijB0uXMk?enablejsapi=1&#038;autoplay=0&#038;cc_load_policy=0&#038;iv_load_policy=1&#038;loop=0&#038;modestbranding=0&#038;rel=1&#038;fs=1&#038;playsinline=0&#038;autohide=2&#038;theme=dark&#038;color=red&#038;controls=1&#038;\" class=\"__youtube_prefs__\" title=\"YouTube player\"  allow=\"autoplay; encrypted-media\" allowfullscreen data-no-lazy=\"1\" data-skipgform_ajax_framebjll=\"\"><\/iframe><\/p>\n<p>Impactos: 87<\/p>","protected":false},"excerpt":{"rendered":"<p>M\u00e1ximo Laureano Un grupo de dominicanos y dominicanas que residen en Suiza, se concentraron\u00a0 frente a las oficinas del Consulado y la Junta Central<\/p>\n","protected":false},"author":3,"featured_media":8684,"comment_status":"closed","ping_status":"closed","sticky":false,"template":"","format":"standard","meta":[],"categories":[3],"tags":[],"_links":{"self":[{"href":"https:\/\/hormigaradio.com\/index.php?rest_route=\/wp\/v2\/posts\/8680"}],"collection":[{"href":"https:\/\/hormigaradio.com\/index.php?rest_route=\/wp\/v2\/posts"}],"about":[{"href":"https:\/\/hormigaradio.com\/index.php?rest_route=\/wp\/v2\/types\/post"}],"author":[{"embeddable":true,"href":"https:\/\/hormigaradio.com\/index.php?rest_route=\/wp\/v2\/users\/3"}],"replies":[{"embeddable":true,"href":"https:\/\/hormigaradio.com\/index.php?rest_route=%2Fwp%2Fv2%2Fcomments&post=8680"}],"version-history":[{"count":5,"href":"https:\/\/hormigaradio.com\/index.php?rest_route=\/wp\/v2\/posts\/8680\/revisions"}],"predecessor-version":[{"id":8688,"href":"https:\/\/hormigaradio.com\/index.php?rest_route=\/wp\/v2\/posts\/8680\/revisions\/8688"}],"wp:featuredmedia":[{"embeddable":true,"href":"https:\/\/hormigaradio.com\/index.php?rest_route=\/wp\/v2\/media\/8684"}],"wp:attachment":[{"href":"https:\/\/hormigaradio.com\/index.php?rest_route=%2Fwp%2Fv2%2Fmedia&parent=8680"}],"wp:term":[{"taxonomy":"category","embeddable":true,"href":"https:\/\/hormigaradio.com\/index.php?rest_route=%2Fwp%2Fv2%2Fcategories&post=8680"},{"taxonomy":"post_tag","embeddable":true,"href":"https:\/\/hormigaradio.com\/index.php?rest_route=%2Fwp%2Fv2%2Ftags&post=8680"}],"curies":[{"name":"wp","href":"https:\/\/api.w.org\/{rel}","templated":true}]}}