{"id":8690,"date":"2020-02-24T14:49:51","date_gmt":"2020-02-24T14:49:51","guid":{"rendered":"http:\/\/hormigaradio.com\/?p=8690"},"modified":"2020-02-24T15:19:08","modified_gmt":"2020-02-24T15:19:08","slug":"carnaval-santiago-2020-reconoce-a-maridalia-hernandez-y-al-gestor-cultural-rafael-almanzar","status":"publish","type":"post","link":"https:\/\/hormigaradio.com\/?p=8690","title":{"rendered":"CARNAVAL SANTIAGO 2020 RECONOCE A MARIDALIA HERN\u00c1NDEZ Y AL GESTOR CULTURAL RAFAEL ALM\u00c1NZAR"},"content":{"rendered":"<div dir=\"auto\"><strong>Firma invitada\/Hormiga Radio Group.<\/strong><\/div>\n<div dir=\"auto\">\n<figure id=\"attachment_8691\" aria-describedby=\"caption-attachment-8691\" style=\"width: 715px\" class=\"wp-caption aligncenter\"><img loading=\"lazy\" class=\"wp-image-8691 size-large\" src=\"http:\/\/hormigaradio.com\/wp-content\/uploads\/2020\/02\/IMG-20200223-WA0020-1024x683.jpg\" alt=\"\" width=\"715\" height=\"477\" srcset=\"https:\/\/hormigaradio.com\/wp-content\/uploads\/2020\/02\/IMG-20200223-WA0020-1024x683.jpg 1024w, https:\/\/hormigaradio.com\/wp-content\/uploads\/2020\/02\/IMG-20200223-WA0020-300x200.jpg 300w, https:\/\/hormigaradio.com\/wp-content\/uploads\/2020\/02\/IMG-20200223-WA0020-768x512.jpg 768w, https:\/\/hormigaradio.com\/wp-content\/uploads\/2020\/02\/IMG-20200223-WA0020.jpg 1092w\" sizes=\"(max-width: 715px) 100vw, 715px\" \/><figcaption id=\"caption-attachment-8691\" class=\"wp-caption-text\"><em><strong> En el reconocimiento: Rafael Alm{anzar, Ana Mar\u00eda Dom\u00ednguez, Maridalia Hern\u00e1ndez Brenda S\u00e1nchez Anthony Marte.<\/strong><\/em><\/figcaption><\/figure>\n<\/div>\n<div dir=\"auto\"><\/div>\n<div dir=\"auto\">Santiago. La Corporaci\u00f3n Carnavalesca de Santiago (Corcasan) reconoci\u00f3 este domingo 23 en su tercera jornada a la artista santiaguera Maridalia Hern\u00e1ndez a quien se dedic\u00f3 este a\u00f1o esta festividad popular.<\/div>\n<div dir=\"auto\">De igual forma al Rey Lech\u00f3n del Carnaval el folklorista Rafael Almanzar.<\/div>\n<div dir=\"auto\">La Gobernadora Ana Mar\u00eda Dom\u00ednguez encabez\u00f3 el acto de reconocimiento y en representaci\u00f3n de Medios unidos del Cibao los se\u00f1ores C\u00e9sar Hern\u00e1ndez y Anthony Marte quien ley\u00f3 la semblanza de la artista.<\/div>\n<div dir=\"auto\">Maridalia Hern\u00e1ndez mostr\u00f3 su amor por la m\u00fasica desde los diez a\u00f1os, estudi\u00f3 canto l\u00edrico y violonchelo en el Conservatorio Nacional de M\u00fasica. Fue galardonada con el primer premio en nivel superior de piano en el Concurso Nacional de Estudiantes de M\u00fasica y en el 1983 form\u00f3 parte de la agrupaci\u00f3n 440 de Juan Luis Guerra. Es considerada como una de las solistas m\u00e1s vers\u00e1tiles y completas del pa\u00eds.<\/div>\n<div dir=\"auto\">La actividad fue celebrada\u00a0 en el boulevard del teatro regional.<\/div>\n<div dir=\"auto\">Tanto Maridalia Hern\u00e1ndez como Alm\u00e1nzar agradecieron a los organizadores la distinci\u00f3n.<\/div>\n<div dir=\"auto\">En la actividad el Director Regional de Cultura, Jos\u00e9 N\u00fa\u00f1ez tambi\u00e9n realiz\u00f3 un reconocimiento a Maridalia Hern\u00e1ndez por sus aportes a la m\u00fasica y cultura dominicana.<\/div>\n<div dir=\"auto\">La tercera jornada del Carnaval de Santiago 2020 cont\u00f3 con la asistencia de miles de personas, muestras tradicionales, as\u00ed como personajes independientes y de fantas\u00eda.<\/div>\n<div dir=\"auto\">El desfile final ser\u00e1 el pr\u00f3ximo domingo 1 de marzo a partir de las 2:30 de la tarde.<\/div>\n<p>Impactos: 109<\/p>","protected":false},"excerpt":{"rendered":"<p>Firma invitada\/Hormiga Radio Group. Santiago. La Corporaci\u00f3n Carnavalesca de Santiago (Corcasan) reconoci\u00f3 este domingo 23 en su tercera jornada a la artista santiaguera Maridalia<\/p>\n","protected":false},"author":3,"featured_media":8691,"comment_status":"closed","ping_status":"closed","sticky":false,"template":"","format":"standard","meta":[],"categories":[4],"tags":[],"_links":{"self":[{"href":"https:\/\/hormigaradio.com\/index.php?rest_route=\/wp\/v2\/posts\/8690"}],"collection":[{"href":"https:\/\/hormigaradio.com\/index.php?rest_route=\/wp\/v2\/posts"}],"about":[{"href":"https:\/\/hormigaradio.com\/index.php?rest_route=\/wp\/v2\/types\/post"}],"author":[{"embeddable":true,"href":"https:\/\/hormigaradio.com\/index.php?rest_route=\/wp\/v2\/users\/3"}],"replies":[{"embeddable":true,"href":"https:\/\/hormigaradio.com\/index.php?rest_route=%2Fwp%2Fv2%2Fcomments&post=8690"}],"version-history":[{"count":3,"href":"https:\/\/hormigaradio.com\/index.php?rest_route=\/wp\/v2\/posts\/8690\/revisions"}],"predecessor-version":[{"id":8694,"href":"https:\/\/hormigaradio.com\/index.php?rest_route=\/wp\/v2\/posts\/8690\/revisions\/8694"}],"wp:featuredmedia":[{"embeddable":true,"href":"https:\/\/hormigaradio.com\/index.php?rest_route=\/wp\/v2\/media\/8691"}],"wp:attachment":[{"href":"https:\/\/hormigaradio.com\/index.php?rest_route=%2Fwp%2Fv2%2Fmedia&parent=8690"}],"wp:term":[{"taxonomy":"category","embeddable":true,"href":"https:\/\/hormigaradio.com\/index.php?rest_route=%2Fwp%2Fv2%2Fcategories&post=8690"},{"taxonomy":"post_tag","embeddable":true,"href":"https:\/\/hormigaradio.com\/index.php?rest_route=%2Fwp%2Fv2%2Ftags&post=8690"}],"curies":[{"name":"wp","href":"https:\/\/api.w.org\/{rel}","templated":true}]}}