{"id":8696,"date":"2020-02-24T22:34:34","date_gmt":"2020-02-24T22:34:34","guid":{"rendered":"http:\/\/hormigaradio.com\/?p=8696"},"modified":"2020-02-24T22:37:28","modified_gmt":"2020-02-24T22:37:28","slug":"pld-busca-reponerse-con-su-majestad-margarita-i-como-candidata-presencial","status":"publish","type":"post","link":"https:\/\/hormigaradio.com\/?p=8696","title":{"rendered":"PLD BUSCA REPONERSE CON  SU MAJESTAD MARGARITA I COMO CANDIDATA PRESIDENCIAL"},"content":{"rendered":"<div>\n<article tabindex=\"0\" role=\"article\" aria-haspopup=\"false\" data-focusable=\"true\">\n<div>\n<div data-testid=\"tweet\">\n<div>\n<p dir=\"auto\" lang=\"es\"><a href=\"https:\/\/acento.com.do\/author\/cbatista\/\">Carolina Batista\/Acento.com.do<\/a><\/p>\n<figure id=\"attachment_8697\" aria-describedby=\"caption-attachment-8697\" style=\"width: 715px\" class=\"wp-caption aligncenter\"><img loading=\"lazy\" class=\"wp-image-8697 size-large\" src=\"http:\/\/hormigaradio.com\/wp-content\/uploads\/2020\/02\/MARGARITA-Y-GONZALO-1024x622.jpg\" alt=\"\" width=\"715\" height=\"434\" srcset=\"https:\/\/hormigaradio.com\/wp-content\/uploads\/2020\/02\/MARGARITA-Y-GONZALO-1024x622.jpg 1024w, https:\/\/hormigaradio.com\/wp-content\/uploads\/2020\/02\/MARGARITA-Y-GONZALO-300x182.jpg 300w, https:\/\/hormigaradio.com\/wp-content\/uploads\/2020\/02\/MARGARITA-Y-GONZALO-768x466.jpg 768w, https:\/\/hormigaradio.com\/wp-content\/uploads\/2020\/02\/MARGARITA-Y-GONZALO.jpg 1280w\" sizes=\"(max-width: 715px) 100vw, 715px\" \/><figcaption id=\"caption-attachment-8697\" class=\"wp-caption-text\"><em><strong>Margarita Cede\u00f1o Lizardo y Gonzalo Castillo Terrero.<\/strong><\/em><\/figcaption><\/figure>\n<p dir=\"auto\" lang=\"es\">SANTO DOMINGO, Rep\u00fablica Dominicana.- Margarita Cede\u00f1o de Fern\u00e1ndez ser\u00e1 la compa\u00f1era de boleta del candidato presidencial del Partido del a Liberaci\u00f3n Dominicana (PLD), Gonzalo Castillo, para las elecciones del 17 de mayo.<\/p>\n<\/div>\n<\/div>\n<\/div>\n<\/article>\n<p dir=\"auto\" lang=\"es\">El anuncio fue hecho por Castillo durante Asamblea General de Dirigentes que se lleva a cabo en estos momentos en el Palacio de los Deportes.<\/p>\n<\/div>\n<p dir=\"auto\" lang=\"es\">Cede\u00f1o de Fern\u00e1ndez agradeci\u00f3 a su partido su elecci\u00f3n como candidata a la vicepresidencia de la rep\u00fablica por tres per\u00edodos consecutivos.<img loading=\"lazy\" class=\"alignright wp-image-8786871 \" src=\"https:\/\/acento.com.do\/wp-content\/uploads\/ERknVQFWoAAkfxo-700x466.jpg\" sizes=\"(max-width: 524px) 100vw, 524px\" srcset=\"https:\/\/acento.com.do\/wp-content\/uploads\/ERknVQFWoAAkfxo-700x466.jpg 700w, https:\/\/acento.com.do\/wp-content\/uploads\/ERknVQFWoAAkfxo-250x166.jpg 250w, https:\/\/acento.com.do\/wp-content\/uploads\/ERknVQFWoAAkfxo-768x512.jpg 768w, https:\/\/acento.com.do\/wp-content\/uploads\/ERknVQFWoAAkfxo-120x79.jpg 120w, https:\/\/acento.com.do\/wp-content\/uploads\/ERknVQFWoAAkfxo-12x8.jpg 12w, https:\/\/acento.com.do\/wp-content\/uploads\/ERknVQFWoAAkfxo.jpg 1280w\" alt=\"\" width=\"524\" height=\"348\" \/><\/p>\n<p dir=\"auto\" lang=\"es\">\u00abSolo una cosa puede quitarme el sue\u00f1o, no es que el PLD pierda las elecciones\u2026 ni que me juzguen algunos equivocadamente por mi decisi\u00f3n de quedarme en mi partido, porque Dios es testigo de las razones y de los sentimientos que habitan en mi coraz\u00f3n, mi \u00fanica preocupaci\u00f3n ha sido los millones de dominicanos que hemos podido sacar de la pobreza que hemos sacado de la pobreza durante estos a\u00f1os de gobierno del presidente Medina, con quienes hemos hecho un compromiso de seguir brindando oportunidades, que es justamente lo que Gonzalo promete\u00bb expres\u00f3 la vicepresidenta de la Rep\u00fablica.<\/p>\n<p dir=\"auto\" lang=\"es\">Cede\u00f1o afirm\u00f3 que \u00abno podemos dejarle el pa\u00eds a aquellos que solo buscan destruir la paz que hemos construido con tantos d\u00edas y noches de trabajo\u00bb.<\/p>\n<p dir=\"auto\" lang=\"es\">Margarita Cede\u00f1o de Fern\u00e1ndez es la vicepresidenta de la Rep\u00fablica desde el 16 de agosto del 2012, cuando junto al presidente Danilo Medina, resultaron ganadores de las elecciones de mayo del 2012, en el 2016, el PLD repiti\u00f3 la formula Medina-Cede\u00f1o, ganando nuevamente la presidencia y vicepresidencia.<\/p>\n<p dir=\"auto\" lang=\"es\">En esta ocasi\u00f3n, e impedido Medina de aspirar nuevamente, el PLD escogi\u00f3 a Gonzalo Castillo como su candidato presidencial, en unas aguerridas elecciones internas celebradas el pasado 6 de octubre, en la que el ex presidente Fern\u00e1ndez no logr\u00f3 la mayor\u00eda de votos y afirmando que se le hizo fraude, procedi\u00f3 a renunciar al partido del que adem\u00e1s era presidente.<\/p>\n<p>Impactos: 104<\/p>","protected":false},"excerpt":{"rendered":"<p>Carolina Batista\/Acento.com.do SANTO DOMINGO, Rep\u00fablica Dominicana.- Margarita Cede\u00f1o de Fern\u00e1ndez ser\u00e1 la compa\u00f1era de boleta del candidato presidencial del Partido del a Liberaci\u00f3n Dominicana<\/p>\n","protected":false},"author":3,"featured_media":8697,"comment_status":"closed","ping_status":"closed","sticky":false,"template":"","format":"standard","meta":[],"categories":[6],"tags":[],"_links":{"self":[{"href":"https:\/\/hormigaradio.com\/index.php?rest_route=\/wp\/v2\/posts\/8696"}],"collection":[{"href":"https:\/\/hormigaradio.com\/index.php?rest_route=\/wp\/v2\/posts"}],"about":[{"href":"https:\/\/hormigaradio.com\/index.php?rest_route=\/wp\/v2\/types\/post"}],"author":[{"embeddable":true,"href":"https:\/\/hormigaradio.com\/index.php?rest_route=\/wp\/v2\/users\/3"}],"replies":[{"embeddable":true,"href":"https:\/\/hormigaradio.com\/index.php?rest_route=%2Fwp%2Fv2%2Fcomments&post=8696"}],"version-history":[{"count":2,"href":"https:\/\/hormigaradio.com\/index.php?rest_route=\/wp\/v2\/posts\/8696\/revisions"}],"predecessor-version":[{"id":8699,"href":"https:\/\/hormigaradio.com\/index.php?rest_route=\/wp\/v2\/posts\/8696\/revisions\/8699"}],"wp:featuredmedia":[{"embeddable":true,"href":"https:\/\/hormigaradio.com\/index.php?rest_route=\/wp\/v2\/media\/8697"}],"wp:attachment":[{"href":"https:\/\/hormigaradio.com\/index.php?rest_route=%2Fwp%2Fv2%2Fmedia&parent=8696"}],"wp:term":[{"taxonomy":"category","embeddable":true,"href":"https:\/\/hormigaradio.com\/index.php?rest_route=%2Fwp%2Fv2%2Fcategories&post=8696"},{"taxonomy":"post_tag","embeddable":true,"href":"https:\/\/hormigaradio.com\/index.php?rest_route=%2Fwp%2Fv2%2Ftags&post=8696"}],"curies":[{"name":"wp","href":"https:\/\/api.w.org\/{rel}","templated":true}]}}