{"id":8715,"date":"2020-02-27T03:35:18","date_gmt":"2020-02-27T03:35:18","guid":{"rendered":"http:\/\/hormigaradio.com\/?p=8715"},"modified":"2020-02-27T04:15:15","modified_gmt":"2020-02-27T04:15:15","slug":"corcasan-y-casa-del-caribe-de-cuba-entregan-reconocimiento-a-senado-julio-cesar-valentin","status":"publish","type":"post","link":"https:\/\/hormigaradio.com\/?p=8715","title":{"rendered":"CORCASAN Y CASA DEL CARIBE DE CUBA ENTREGAN RECONOCIMIENTO A SENADO JULIO C\u00c9SAR VALENT\u00cdN"},"content":{"rendered":"<p><strong>Firma invitada\/Hormiga Radio Group.<\/strong><\/p>\n<figure id=\"attachment_8719\" aria-describedby=\"caption-attachment-8719\" style=\"width: 715px\" class=\"wp-caption aligncenter\"><img loading=\"lazy\" class=\"wp-image-8719 size-large\" src=\"http:\/\/hormigaradio.com\/wp-content\/uploads\/2020\/02\/WhatsApp-Image-2020-02-26-at-11.25.29-PM-1024x683.jpeg\" alt=\"\" width=\"715\" height=\"477\" srcset=\"https:\/\/hormigaradio.com\/wp-content\/uploads\/2020\/02\/WhatsApp-Image-2020-02-26-at-11.25.29-PM-1024x683.jpeg 1024w, https:\/\/hormigaradio.com\/wp-content\/uploads\/2020\/02\/WhatsApp-Image-2020-02-26-at-11.25.29-PM-300x200.jpeg 300w, https:\/\/hormigaradio.com\/wp-content\/uploads\/2020\/02\/WhatsApp-Image-2020-02-26-at-11.25.29-PM-768x512.jpeg 768w, https:\/\/hormigaradio.com\/wp-content\/uploads\/2020\/02\/WhatsApp-Image-2020-02-26-at-11.25.29-PM.jpeg 1044w\" sizes=\"(max-width: 715px) 100vw, 715px\" \/><figcaption id=\"caption-attachment-8719\" class=\"wp-caption-text\"><em><strong>Adalberto De Le\u00f3n de MUCI, habla del reconocimiento al senador Julio C\u00e9sar Valent\u00edn.<\/strong><\/em><\/figcaption><\/figure>\n<p>Santiago de los Caballeros, Rep. Dominicana. &#8211; La Corporaci\u00f3n Carnavalesca de Santiago (CORCOSAN), la Casa del Caribe de Cuba y gestores culturales de la provincia, entregaron este mi\u00e9rcoles un reconocimiento al senador Julio C\u00e9sar Valent\u00edn por su respaldo incondicional al carnaval y cultura de Santiago.<\/p>\n<p>Adalberto de Le\u00f3n, hablando a nombre de CORCOSAN, defini\u00f3 al senador Valent\u00edn como un lech\u00f3n autentico, porque en cada carnaval se disfraza, desde antes de alcanzar importantes y altas posiciones el en estado, y aun alcanz\u00e1ndolas lo sigue haciendo.<\/p>\n<p>\u201cSiempre se ha dicho que para disfrutarlo (el carnaval) hay que sentirlo, y Valent\u00edn lo siente, porque ha sido un lech\u00f3n desde siempre\u201d, afirm\u00f3 el presidente de CORCASAN.<\/p>\n<p>Adalberto, resalt\u00f3 los esfuerzos que est\u00e1 haciendo Valent\u00edn por convertir la Fortaleza San Luis, en un museo hist\u00f3rico, arquitect\u00f3nico, cultural y carnavalesco.<\/p>\n<p>En tanto que, Orlando Verges, presidente de la Casa del Caribe en Santiago de Cuba, al hacer entrega de la estatuilla especial que otorga su instituci\u00f3n, reconoci\u00f3 la humildad y entrega del senador Valent\u00edn a su carnaval.<\/p>\n<p>Verges cont\u00f3 que, \u201cyo conoc\u00ed a Valent\u00edn, cuando yo vine a ver el carnaval (Santiago, Rep. Dominicana), en el 2019, y en la euforia un amigo me dijo ese es el senador de la provincia, me lo present\u00f3, \u00e9l se quit\u00f3 su careta y nos saludamos. Mientras nos fotografiaban, \u00e9l me hablaba de la historia de Cuba, de nuestros h\u00e9roes\u201d.<\/p>\n<p>Verges resalto la humildad e identificaci\u00f3n del senador santiagu\u00e9s con la expresi\u00f3n popular pueblo.<\/p>\n<p>De su parte, el senador Julio C\u00e9sar Valent\u00edn agradeci\u00f3 la distinci\u00f3n de la que era objeto y reafirm\u00f3 su decisi\u00f3n de seguir luchando porque la Fortaleza San Luis se convierta en un museo geogr\u00e1fico, hist\u00f3rico, cultural y \u00e9pico de Santiago por su protagonismo en cada uno de los momentos hist\u00f3ricos en los que ha sido protagonista.<\/p>\n<p>\u201cEsta plaza donde estamos hoy, fue escenario de luchas y batallas por la independencia que hoy disfrutamos. Entonces, no podemos dejar que el tiempo borre esos episodios. Debemos rescatarlos, y la mejor manera es haciendo un museo hist\u00f3rico, arquitect\u00f3nico, cultural y carnavalesco. Porque el carnaval es nuestra identidad y el carnaval de Santiago es el m\u00e1s creativo del pa\u00eds\u201d, dijo Valent\u00edn.<\/p>\n<p>Agreg\u00f3 que, con el esfuerzo de todos, la fortaleza San Luis se convertir\u00e1 en un espacio para la recreaci\u00f3n, desahogo y desarrollo art\u00edstico, plaza para eventos masivos y pasar\u00e1 de ser una zona muerta a una plaza animada.<\/p>\n<p>Luego del reconocimiento, una comisi\u00f3n de la Corporaci\u00f3n Carnavalesca compuesta por lechones y comparsas de los diferentes barrios de Santiago, hicieron su aparici\u00f3n como respaldo al reconocimiento.<\/p>\n<p>Dentro de los participantes se encontraban en el reconocimiento se encontraban los se\u00f1ores Anthony Marte del los Canales Megavisi\u00f3n y Teleuni\u00f3n, C\u00e9sar Hern\u00e1ndez, canal 25 y Adalberto Rosa por TV 55.<\/p>\n<p>Mientras que por CORCASAN asisti\u00f3 una comisi\u00f3n de MOCASA, UCASA, Bloque Independiente y FUSA, adem\u00e1s de los representantes de la La alcald\u00eda de Santiago, la gobernaci\u00f3n, Ministerio de Cultura, Plan Estrat\u00e9gico y la Oficina Senatorial.<\/p>\n<p>&nbsp;<\/p>\n<p>Impactos: 118<\/p>","protected":false},"excerpt":{"rendered":"<p>Firma invitada\/Hormiga Radio Group. Santiago de los Caballeros, Rep. Dominicana. &#8211; La Corporaci\u00f3n Carnavalesca de Santiago (CORCOSAN), la Casa del Caribe de Cuba y<\/p>\n","protected":false},"author":3,"featured_media":8716,"comment_status":"closed","ping_status":"closed","sticky":false,"template":"","format":"standard","meta":[],"categories":[4],"tags":[],"_links":{"self":[{"href":"https:\/\/hormigaradio.com\/index.php?rest_route=\/wp\/v2\/posts\/8715"}],"collection":[{"href":"https:\/\/hormigaradio.com\/index.php?rest_route=\/wp\/v2\/posts"}],"about":[{"href":"https:\/\/hormigaradio.com\/index.php?rest_route=\/wp\/v2\/types\/post"}],"author":[{"embeddable":true,"href":"https:\/\/hormigaradio.com\/index.php?rest_route=\/wp\/v2\/users\/3"}],"replies":[{"embeddable":true,"href":"https:\/\/hormigaradio.com\/index.php?rest_route=%2Fwp%2Fv2%2Fcomments&post=8715"}],"version-history":[{"count":4,"href":"https:\/\/hormigaradio.com\/index.php?rest_route=\/wp\/v2\/posts\/8715\/revisions"}],"predecessor-version":[{"id":8722,"href":"https:\/\/hormigaradio.com\/index.php?rest_route=\/wp\/v2\/posts\/8715\/revisions\/8722"}],"wp:featuredmedia":[{"embeddable":true,"href":"https:\/\/hormigaradio.com\/index.php?rest_route=\/wp\/v2\/media\/8716"}],"wp:attachment":[{"href":"https:\/\/hormigaradio.com\/index.php?rest_route=%2Fwp%2Fv2%2Fmedia&parent=8715"}],"wp:term":[{"taxonomy":"category","embeddable":true,"href":"https:\/\/hormigaradio.com\/index.php?rest_route=%2Fwp%2Fv2%2Fcategories&post=8715"},{"taxonomy":"post_tag","embeddable":true,"href":"https:\/\/hormigaradio.com\/index.php?rest_route=%2Fwp%2Fv2%2Ftags&post=8715"}],"curies":[{"name":"wp","href":"https:\/\/api.w.org\/{rel}","templated":true}]}}