{"id":8727,"date":"2020-02-27T14:35:23","date_gmt":"2020-02-27T14:35:23","guid":{"rendered":"http:\/\/hormigaradio.com\/?p=8727"},"modified":"2020-02-27T16:22:38","modified_gmt":"2020-02-27T16:22:38","slug":"y-mientras-tanto-en-el-trabucazo","status":"publish","type":"post","link":"https:\/\/hormigaradio.com\/?p=8727","title":{"rendered":"Y MIENTRAS TANTO EN EL TRABUCAZO&#8230;."},"content":{"rendered":"<div class=\"container\">\n<div class=\"row\">\n<div class=\"entry-content col-md-11 \">\n<ul>\n<li><a href=\"https:\/\/acento.com.do\/author\/mescolastico\/\">Mery Ann Escol\u00e1stico<\/a><\/li>\n<\/ul>\n<p><img loading=\"lazy\" class=\"alignright size-medium wp-image-8728\" src=\"http:\/\/hormigaradio.com\/wp-content\/uploads\/2020\/02\/EN-LA-PLAZA-300x225.jpeg\" alt=\"\" width=\"300\" height=\"225\" srcset=\"https:\/\/hormigaradio.com\/wp-content\/uploads\/2020\/02\/EN-LA-PLAZA-300x225.jpeg 300w, https:\/\/hormigaradio.com\/wp-content\/uploads\/2020\/02\/EN-LA-PLAZA-768x576.jpeg 768w, https:\/\/hormigaradio.com\/wp-content\/uploads\/2020\/02\/EN-LA-PLAZA-1024x768.jpeg 1024w, https:\/\/hormigaradio.com\/wp-content\/uploads\/2020\/02\/EN-LA-PLAZA.jpeg 1416w\" sizes=\"(max-width: 300px) 100vw, 300px\" \/><\/p>\n<p>SANTO DOMINGO, Rep\u00fablica Dominicana.- Que se investiguen las razones que provocaron la anulaci\u00f3n\u00a0de las pasadas elecciones municipales celebrada el 16 de febrero del a\u00f1o en curso, es el principal requerimiento de la protesta en la que miles de j\u00f3venes participan este jueves frente a la Junta Central Electoral.<\/p>\n<p>Al conmemorarse los 176 aniversarios de la Independencia Nacional, los manifestantes se dieron cita el \u00f3rgano electoral para exigirles a las autoridades, adem\u00e1s, garant\u00edas de que su voto en las elecciones extraordinarias municipales del pr\u00f3ximo 15 de marzo y la del 17 de mayo, ser\u00e1 respetado.<\/p>\n<p>Con pancartas en mano donde se pod\u00eda leer \u201cTrinitario igual que Duarte por mi Patria yo muero\u201d, \u201cMe obligaron a venir mi conciencia y raz\u00f3n\u201d, llegaron los protestantes desde diferentes lugares del pa\u00eds.<\/p>\n<p>Esta concentraci\u00f3n es nombrada el \u201cTrabucazo 2020,\u201d ya que en la madrugada del 27 de febrero de\u00a01844, Ram\u00f3n Mat\u00edas Mella, uno de los tres Padres de la Patria, lanz\u00f3 el trabucazo que fue proclamada la indecencia de Republica Dominicana.<\/p>\n<p>De igual modo coreaban a una sola voz\u00a0\u201cLa Patria en libertad\u201d.<\/p>\n<\/div>\n<\/div>\n<\/div>\n<div class=\"container images-repeater\">\n<div class=\"row\">\n<div class=\"caption col-lg-3 col-md-5 col-12\">\n<h5>Plaza de la bandera &#8211; Trabucazo 2020<\/h5>\n<\/div>\n<div class=\"col-lg-9 col-md-7 col-12\"><img src=\"https:\/\/acento.com.do\/wp-content\/uploads\/Trabuzazo-2020WhatsApp-Image-2020-02-27-at-09.25.55.jpeg\" alt=\"\" \/><\/div>\n<\/div>\n<div class=\"row\">\n<div class=\"caption col-lg-3 col-md-5 col-12\">\n<h5>Plaza de la bandera &#8211; Trabucazo 2020<\/h5>\n<\/div>\n<div class=\"col-lg-9 col-md-7 col-12\"><img src=\"https:\/\/acento.com.do\/wp-content\/uploads\/Trabuzazo-2020WhatsApp-Image-2020-02-27-at-09.25.56.jpeg\" alt=\"\" \/><\/div>\n<\/div>\n<div class=\"row\">\n<div class=\"caption col-lg-3 col-md-5 col-12\">\n<h5>Plaza de la bandera &#8211; Trabucazo 2020<\/h5>\n<\/div>\n<div class=\"col-lg-9 col-md-7 col-12\"><img src=\"https:\/\/acento.com.do\/wp-content\/uploads\/Trabuzazo-2020WhatsApp-Image-2020-02-27-at-09.25.59.jpeg\" alt=\"\" \/><\/div>\n<\/div>\n<div class=\"row\">\n<div class=\"caption col-lg-3 col-md-5 col-12\">\n<h5>Plaza de la bandera &#8211; Trabucazo 2020<\/h5>\n<\/div>\n<div class=\"col-lg-9 col-md-7 col-12\"><img src=\"https:\/\/acento.com.do\/wp-content\/uploads\/Trabuzazo-2020WhatsApp-Image-2020-02-27-at-09.26.19.jpeg\" alt=\"\" \/><\/div>\n<\/div>\n<div class=\"row\">\n<div class=\"caption col-lg-3 col-md-5 col-12\">\n<h5>Plaza de la bandera &#8211; Trabucazo 2020<\/h5>\n<\/div>\n<div class=\"col-lg-9 col-md-7 col-12\"><img src=\"https:\/\/acento.com.do\/wp-content\/uploads\/Trabuzazo-2020WhatsApp-Image-2020-02-27-at-09.46.38-1.jpeg\" alt=\"\" \/><\/div>\n<\/div>\n<div class=\"row\">\n<div class=\"caption col-lg-3 col-md-5 col-12\">\n<h5>Plaza de la bandera &#8211; Trabucazo 2020<\/h5>\n<\/div>\n<div class=\"col-lg-9 col-md-7 col-12\"><img src=\"https:\/\/acento.com.do\/wp-content\/uploads\/Trabuzazo-2020WhatsApp-Image-2020-02-27-at-09.46.38.jpeg\" alt=\"\" \/><\/div>\n<\/div>\n<div class=\"row\">\n<div class=\"caption col-lg-3 col-md-5 col-12\">\n<h5>Militares entregan flores y banderas a ciudadanos &#8211; Plaza de la bandera &#8211; Trabucazo 2020<\/h5>\n<\/div>\n<div class=\"col-lg-9 col-md-7 col-12\"><img src=\"https:\/\/acento.com.do\/wp-content\/uploads\/Militares-entregan-flores-y-banderas-a-ciudadanos.jpeg\" alt=\"\" \/><\/div>\n<\/div>\n<div class=\"row\">\n<div class=\"caption col-lg-3 col-md-5 col-12\">\n<h5>Militares entregan flores y banderas a ciudadanos &#8211; Plaza de la bandera &#8211; Trabucazo 2020<\/h5>\n<\/div>\n<div class=\"col-lg-9 col-md-7 col-12\"><img src=\"https:\/\/acento.com.do\/wp-content\/uploads\/Militares-entregan-flores-y-banderas-a-ciudadanos2.jpeg\" alt=\"\" \/><\/div>\n<\/div>\n<div class=\"row\">\n<div class=\"caption col-lg-3 col-md-5 col-12\">\n<h5>Militares con flores y banderas &#8211; Plaza de la bandera &#8211; Trabucazo 2020<\/h5>\n<\/div>\n<div class=\"col-lg-9 col-md-7 col-12\"><img src=\"https:\/\/acento.com.do\/wp-content\/uploads\/Militares-entregan-flores-y-banderas.jpeg\" alt=\"\" \/><\/div>\n<\/div>\n<\/div>\n<p>Impactos: 97<\/p>","protected":false},"excerpt":{"rendered":"<p>Mery Ann Escol\u00e1stico SANTO DOMINGO, Rep\u00fablica Dominicana.- Que se investiguen las razones que provocaron la anulaci\u00f3n\u00a0de las pasadas elecciones municipales celebrada el 16 de<\/p>\n","protected":false},"author":3,"featured_media":8728,"comment_status":"closed","ping_status":"closed","sticky":false,"template":"","format":"standard","meta":[],"categories":[8],"tags":[],"_links":{"self":[{"href":"https:\/\/hormigaradio.com\/index.php?rest_route=\/wp\/v2\/posts\/8727"}],"collection":[{"href":"https:\/\/hormigaradio.com\/index.php?rest_route=\/wp\/v2\/posts"}],"about":[{"href":"https:\/\/hormigaradio.com\/index.php?rest_route=\/wp\/v2\/types\/post"}],"author":[{"embeddable":true,"href":"https:\/\/hormigaradio.com\/index.php?rest_route=\/wp\/v2\/users\/3"}],"replies":[{"embeddable":true,"href":"https:\/\/hormigaradio.com\/index.php?rest_route=%2Fwp%2Fv2%2Fcomments&post=8727"}],"version-history":[{"count":3,"href":"https:\/\/hormigaradio.com\/index.php?rest_route=\/wp\/v2\/posts\/8727\/revisions"}],"predecessor-version":[{"id":8731,"href":"https:\/\/hormigaradio.com\/index.php?rest_route=\/wp\/v2\/posts\/8727\/revisions\/8731"}],"wp:featuredmedia":[{"embeddable":true,"href":"https:\/\/hormigaradio.com\/index.php?rest_route=\/wp\/v2\/media\/8728"}],"wp:attachment":[{"href":"https:\/\/hormigaradio.com\/index.php?rest_route=%2Fwp%2Fv2%2Fmedia&parent=8727"}],"wp:term":[{"taxonomy":"category","embeddable":true,"href":"https:\/\/hormigaradio.com\/index.php?rest_route=%2Fwp%2Fv2%2Fcategories&post=8727"},{"taxonomy":"post_tag","embeddable":true,"href":"https:\/\/hormigaradio.com\/index.php?rest_route=%2Fwp%2Fv2%2Ftags&post=8727"}],"curies":[{"name":"wp","href":"https:\/\/api.w.org\/{rel}","templated":true}]}}