{"id":8732,"date":"2020-02-27T14:55:51","date_gmt":"2020-02-27T14:55:51","guid":{"rendered":"http:\/\/hormigaradio.com\/?p=8732"},"modified":"2020-02-27T14:57:43","modified_gmt":"2020-02-27T14:57:43","slug":"8732","status":"publish","type":"post","link":"https:\/\/hormigaradio.com\/?p=8732","title":{"rendered":"\u00abQUE NO QUEDE NADA SIN ESCUDRI\u00d1AR\u00bb, MEDINA PIDE INVESTIGACI\u00d3N POR SUSPENSI\u00d3N DE LAS ELECCIONES SEA \u00cdNTEGRA"},"content":{"rendered":"<p><a href=\"https:\/\/acento.com.do\/author\/nespejo\/\">Nicole Espejo<\/a><\/p>\n<p><img loading=\"lazy\" class=\"alignright size-medium wp-image-1970\" src=\"http:\/\/hormigaradio.com\/wp-content\/uploads\/2018\/05\/danilo-presIDENTE-300x200.jpg\" alt=\"\" width=\"300\" height=\"200\" srcset=\"https:\/\/hormigaradio.com\/wp-content\/uploads\/2018\/05\/danilo-presIDENTE-300x200.jpg 300w, https:\/\/hormigaradio.com\/wp-content\/uploads\/2018\/05\/danilo-presIDENTE.jpg 500w\" sizes=\"(max-width: 300px) 100vw, 300px\" \/><\/p>\n<p>SANTO DOMINGO, Rep\u00fablica Dominicana.- El presidente de la Rep\u00fablica, Danilo Medina, exigi\u00f3 este jueves 27 que la investigaci\u00f3n que realizar\u00e1n los organismos internacionales sea presentada de manera \u00edntegra sin que quede un aspecto por \u201cescudri\u00f1ar\u201d.<\/p>\n<p>El gobernante dominicano hizo referencia a la anulaci\u00f3n de las pasadas elecciones del 16 de febrero debido a una falla t\u00e9cnica, que oblig\u00f3 a la Junta Central Electoral a reprogramar los comicios para el pr\u00f3ximo 15 de marzo.<\/p>\n<p>Sostuvo que se identifica con el clamor de los dominicanos, especialmente los m\u00e1s j\u00f3venes, quienes luego de la anulaci\u00f3n del proceso comicial han protestado frente a la JCE, en reclamo de una explicaci\u00f3n sobre lo ocurrido y para que se respete el voto ciudadano.<\/p>\n<p>\u201cEl pueblo demanda y merece respuestas\u2026 Que no quede nada sin escudri\u00f1ar, que saquen a la luz p\u00fablica lo que resulte de esa investigaci\u00f3n\u201d, demand\u00f3.<\/p>\n<p>Asegur\u00f3 tambi\u00e9n que pondr\u00e1n a disposici\u00f3n de la OEA y los organismos internacionales todo lo que requieran para sacar a la verdad.<\/p>\n<p>Impactos: 95<\/p>","protected":false},"excerpt":{"rendered":"<p>Nicole Espejo SANTO DOMINGO, Rep\u00fablica Dominicana.- El presidente de la Rep\u00fablica, Danilo Medina, exigi\u00f3 este jueves 27 que la investigaci\u00f3n que realizar\u00e1n los organismos<\/p>\n","protected":false},"author":3,"featured_media":8733,"comment_status":"closed","ping_status":"closed","sticky":false,"template":"","format":"standard","meta":[],"categories":[6],"tags":[],"_links":{"self":[{"href":"https:\/\/hormigaradio.com\/index.php?rest_route=\/wp\/v2\/posts\/8732"}],"collection":[{"href":"https:\/\/hormigaradio.com\/index.php?rest_route=\/wp\/v2\/posts"}],"about":[{"href":"https:\/\/hormigaradio.com\/index.php?rest_route=\/wp\/v2\/types\/post"}],"author":[{"embeddable":true,"href":"https:\/\/hormigaradio.com\/index.php?rest_route=\/wp\/v2\/users\/3"}],"replies":[{"embeddable":true,"href":"https:\/\/hormigaradio.com\/index.php?rest_route=%2Fwp%2Fv2%2Fcomments&post=8732"}],"version-history":[{"count":2,"href":"https:\/\/hormigaradio.com\/index.php?rest_route=\/wp\/v2\/posts\/8732\/revisions"}],"predecessor-version":[{"id":8735,"href":"https:\/\/hormigaradio.com\/index.php?rest_route=\/wp\/v2\/posts\/8732\/revisions\/8735"}],"wp:featuredmedia":[{"embeddable":true,"href":"https:\/\/hormigaradio.com\/index.php?rest_route=\/wp\/v2\/media\/8733"}],"wp:attachment":[{"href":"https:\/\/hormigaradio.com\/index.php?rest_route=%2Fwp%2Fv2%2Fmedia&parent=8732"}],"wp:term":[{"taxonomy":"category","embeddable":true,"href":"https:\/\/hormigaradio.com\/index.php?rest_route=%2Fwp%2Fv2%2Fcategories&post=8732"},{"taxonomy":"post_tag","embeddable":true,"href":"https:\/\/hormigaradio.com\/index.php?rest_route=%2Fwp%2Fv2%2Ftags&post=8732"}],"curies":[{"name":"wp","href":"https:\/\/api.w.org\/{rel}","templated":true}]}}