{"id":8754,"date":"2020-02-28T03:41:32","date_gmt":"2020-02-28T03:41:32","guid":{"rendered":"http:\/\/hormigaradio.com\/?p=8754"},"modified":"2020-02-28T03:41:32","modified_gmt":"2020-02-28T03:41:32","slug":"papito-cruz-dice-danilo-medina-debio-hablar-de-corrupcion-y-coronavirus-en-su-discurso-video","status":"publish","type":"post","link":"https:\/\/hormigaradio.com\/?p=8754","title":{"rendered":"PAPITO CRUZ DICE DANILO MEDINA DEBI\u00d3 HABLAR DE CORRUPCI\u00d3N Y CORONAVIRUS EN SU DISCURSO (v\u00eddeo)"},"content":{"rendered":"<p><a href=\"https:\/\/acento.com.do\/author\/mlaureano\/\">M\u00e1ximo Laureano<\/a><\/p>\n<figure id=\"attachment_6623\" aria-describedby=\"caption-attachment-6623\" style=\"width: 300px\" class=\"wp-caption alignleft\"><img loading=\"lazy\" class=\"wp-image-6623 size-medium\" src=\"http:\/\/hormigaradio.com\/wp-content\/uploads\/2019\/07\/papito-300x188.jpg\" alt=\"\" width=\"300\" height=\"188\" srcset=\"https:\/\/hormigaradio.com\/wp-content\/uploads\/2019\/07\/papito-300x188.jpg 300w, https:\/\/hormigaradio.com\/wp-content\/uploads\/2019\/07\/papito-768x480.jpg 768w, https:\/\/hormigaradio.com\/wp-content\/uploads\/2019\/07\/papito-115x73.jpg 115w, https:\/\/hormigaradio.com\/wp-content\/uploads\/2019\/07\/papito.jpg 993w\" sizes=\"(max-width: 300px) 100vw, 300px\" \/><figcaption id=\"caption-attachment-6623\" class=\"wp-caption-text\"><em><strong>Rafael Cruz, Papito.<\/strong><\/em><\/figcaption><\/figure>\n<p>SANTIAGO, Rep\u00fablica Dominicana.-Rafael Ulises Cruz Rodr\u00edguez (Papito), candidato alcalde del Partido Reformista Social Cristiano (PRSC), consider\u00f3 que el presidente de la Rep\u00fablica Dominicana, Danilo Medina, debi\u00f3 tocar en su rendici\u00f3n de cuentas el problema de la corrupci\u00f3n, sobre todo el caso Odebrecht.<\/p>\n<p>Cruz tambi\u00e9n entiende que en medio de una amenaza a la salud global, Danilo Medina no debi\u00f3 pasar por alto el peligro del coronavirus.<\/p>\n<p>Aunque el dirigente pol\u00edtico destac\u00f3 aspectos positivos de la administraci\u00f3n de Medina, como el crecimiento econ\u00f3mico y la educaci\u00f3n,\u00a0 critic\u00f3 que no hiciera menci\u00f3n de inversiones y servicios para la provincia de Santiago.<\/p>\n<p>Papito Cruz dijo que la ciudad de Santiago amerita una pol\u00edtica de transporte, que debe de ser incluida en la agenda nacional.<\/p>\n<p><iframe loading=\"lazy\" src=\"https:\/\/www.youtube.com\/embed\/ZqQqbnh_CX4\" width=\"100%\" height=\"500\" frameborder=\"0\" allowfullscreen=\"allowfullscreen\" data-mce-fragment=\"1\"><\/iframe><\/p>\n<p>Impactos: 159<\/p>","protected":false},"excerpt":{"rendered":"<p>M\u00e1ximo Laureano SANTIAGO, Rep\u00fablica Dominicana.-Rafael Ulises Cruz Rodr\u00edguez (Papito), candidato alcalde del Partido Reformista Social Cristiano (PRSC), consider\u00f3 que el presidente de la Rep\u00fablica<\/p>\n","protected":false},"author":3,"featured_media":6001,"comment_status":"closed","ping_status":"closed","sticky":false,"template":"","format":"standard","meta":[],"categories":[6],"tags":[],"_links":{"self":[{"href":"https:\/\/hormigaradio.com\/index.php?rest_route=\/wp\/v2\/posts\/8754"}],"collection":[{"href":"https:\/\/hormigaradio.com\/index.php?rest_route=\/wp\/v2\/posts"}],"about":[{"href":"https:\/\/hormigaradio.com\/index.php?rest_route=\/wp\/v2\/types\/post"}],"author":[{"embeddable":true,"href":"https:\/\/hormigaradio.com\/index.php?rest_route=\/wp\/v2\/users\/3"}],"replies":[{"embeddable":true,"href":"https:\/\/hormigaradio.com\/index.php?rest_route=%2Fwp%2Fv2%2Fcomments&post=8754"}],"version-history":[{"count":1,"href":"https:\/\/hormigaradio.com\/index.php?rest_route=\/wp\/v2\/posts\/8754\/revisions"}],"predecessor-version":[{"id":8755,"href":"https:\/\/hormigaradio.com\/index.php?rest_route=\/wp\/v2\/posts\/8754\/revisions\/8755"}],"wp:featuredmedia":[{"embeddable":true,"href":"https:\/\/hormigaradio.com\/index.php?rest_route=\/wp\/v2\/media\/6001"}],"wp:attachment":[{"href":"https:\/\/hormigaradio.com\/index.php?rest_route=%2Fwp%2Fv2%2Fmedia&parent=8754"}],"wp:term":[{"taxonomy":"category","embeddable":true,"href":"https:\/\/hormigaradio.com\/index.php?rest_route=%2Fwp%2Fv2%2Fcategories&post=8754"},{"taxonomy":"post_tag","embeddable":true,"href":"https:\/\/hormigaradio.com\/index.php?rest_route=%2Fwp%2Fv2%2Ftags&post=8754"}],"curies":[{"name":"wp","href":"https:\/\/api.w.org\/{rel}","templated":true}]}}