{"id":8766,"date":"2020-03-02T02:25:33","date_gmt":"2020-03-02T02:25:33","guid":{"rendered":"http:\/\/hormigaradio.com\/?p=8766"},"modified":"2020-03-02T02:25:33","modified_gmt":"2020-03-02T02:25:33","slug":"la-lluvia-dejo-a-los-santiagueros-con-el-mono-hecho-desfile-carnaval-2020-sera-el-sabado-07","status":"publish","type":"post","link":"https:\/\/hormigaradio.com\/?p=8766","title":{"rendered":"LA LLUVIA DEJ\u00d3 A LOS SANTIAGUEROS CON EL MO\u00d1O HECHO, DESFILE CARNAVAL 2020, SER\u00c1 EL S\u00c1BADO 07"},"content":{"rendered":"<p><strong>Firma invitada\/ Hormiga Radio Group.<\/strong><\/p>\n<figure id=\"attachment_8767\" aria-describedby=\"caption-attachment-8767\" style=\"width: 715px\" class=\"wp-caption aligncenter\"><img loading=\"lazy\" class=\"wp-image-8767 size-large\" src=\"http:\/\/hormigaradio.com\/wp-content\/uploads\/2020\/03\/IMG-20200301-WA0042-1024x768.jpg\" alt=\"\" width=\"715\" height=\"536\" srcset=\"https:\/\/hormigaradio.com\/wp-content\/uploads\/2020\/03\/IMG-20200301-WA0042-1024x768.jpg 1024w, https:\/\/hormigaradio.com\/wp-content\/uploads\/2020\/03\/IMG-20200301-WA0042-300x225.jpg 300w, https:\/\/hormigaradio.com\/wp-content\/uploads\/2020\/03\/IMG-20200301-WA0042-768x576.jpg 768w, https:\/\/hormigaradio.com\/wp-content\/uploads\/2020\/03\/IMG-20200301-WA0042.jpg 1280w\" sizes=\"(max-width: 715px) 100vw, 715px\" \/><figcaption id=\"caption-attachment-8767\" class=\"wp-caption-text\"><em><strong> Organizadores Carnaval Santiago 2020.<\/strong><\/em><\/figcaption><\/figure>\n<p><strong>Santiago. <\/strong>La Corporaci\u00f3n Carnavalesca de Santiago (Corcasan) pospuso el desfile final del Carnaval de Santiago 2020 para el pr\u00f3ximo s\u00e1bado siete de marzo debido a las condiciones del clima registradas en la provincia.<\/p>\n<p>En una decisi\u00f3n conjunta de sus organizadores el desfile final que estaba pautado para este domingo 1 de marzo, se llevar\u00e1 a cabo el s\u00e1bado 7 a partir de las 2:30 de la tarde en la Gran Zona del Carnaval con la participaci\u00f3n de los principales grupos de lechones, comparsas y personajes independientes que dan vida a esta fiesta popular.<\/p>\n<p>El Carnaval de Santiago 2020 est\u00e1 dedicado a la artista Maridalia Hern\u00e1ndez.<\/p>\n<p><strong>Agradecimientos a Susana Veras.<\/strong><\/p>\n<p>Impactos: 97<\/p>","protected":false},"excerpt":{"rendered":"<p>Firma invitada\/ Hormiga Radio Group. Santiago. La Corporaci\u00f3n Carnavalesca de Santiago (Corcasan) pospuso el desfile final del Carnaval de Santiago 2020 para el pr\u00f3ximo<\/p>\n","protected":false},"author":3,"featured_media":8767,"comment_status":"closed","ping_status":"closed","sticky":false,"template":"","format":"standard","meta":[],"categories":[4],"tags":[],"_links":{"self":[{"href":"https:\/\/hormigaradio.com\/index.php?rest_route=\/wp\/v2\/posts\/8766"}],"collection":[{"href":"https:\/\/hormigaradio.com\/index.php?rest_route=\/wp\/v2\/posts"}],"about":[{"href":"https:\/\/hormigaradio.com\/index.php?rest_route=\/wp\/v2\/types\/post"}],"author":[{"embeddable":true,"href":"https:\/\/hormigaradio.com\/index.php?rest_route=\/wp\/v2\/users\/3"}],"replies":[{"embeddable":true,"href":"https:\/\/hormigaradio.com\/index.php?rest_route=%2Fwp%2Fv2%2Fcomments&post=8766"}],"version-history":[{"count":1,"href":"https:\/\/hormigaradio.com\/index.php?rest_route=\/wp\/v2\/posts\/8766\/revisions"}],"predecessor-version":[{"id":8768,"href":"https:\/\/hormigaradio.com\/index.php?rest_route=\/wp\/v2\/posts\/8766\/revisions\/8768"}],"wp:featuredmedia":[{"embeddable":true,"href":"https:\/\/hormigaradio.com\/index.php?rest_route=\/wp\/v2\/media\/8767"}],"wp:attachment":[{"href":"https:\/\/hormigaradio.com\/index.php?rest_route=%2Fwp%2Fv2%2Fmedia&parent=8766"}],"wp:term":[{"taxonomy":"category","embeddable":true,"href":"https:\/\/hormigaradio.com\/index.php?rest_route=%2Fwp%2Fv2%2Fcategories&post=8766"},{"taxonomy":"post_tag","embeddable":true,"href":"https:\/\/hormigaradio.com\/index.php?rest_route=%2Fwp%2Fv2%2Ftags&post=8766"}],"curies":[{"name":"wp","href":"https:\/\/api.w.org\/{rel}","templated":true}]}}