{"id":8783,"date":"2020-03-04T03:43:06","date_gmt":"2020-03-04T03:43:06","guid":{"rendered":"http:\/\/hormigaradio.com\/?p=8783"},"modified":"2020-03-04T03:43:41","modified_gmt":"2020-03-04T03:43:41","slug":"tras-denuncias-de-irregularidades-ministerio-publico-decide-prorrogar-concurso-para-seleccion-de-fiscales","status":"publish","type":"post","link":"https:\/\/hormigaradio.com\/?p=8783","title":{"rendered":"TRAS DENUNCIAS DE IRREGULARIDADES, MINISTERIO P\u00daBLICO DECIDE PRORROGAR CONCURSO  PARA SELECCI\u00d3N DE FISCALES"},"content":{"rendered":"<p><a href=\"https:\/\/acento.com.do\/author\/servicios\/\">Servicios de Acento.com.do<\/a><\/p>\n<figure id=\"attachment_6385\" aria-describedby=\"caption-attachment-6385\" style=\"width: 300px\" class=\"wp-caption alignright\"><img loading=\"lazy\" class=\"wp-image-6385 size-medium\" src=\"http:\/\/hormigaradio.com\/wp-content\/uploads\/2019\/06\/Jean-300x182.jpg\" alt=\"\" width=\"300\" height=\"182\" srcset=\"https:\/\/hormigaradio.com\/wp-content\/uploads\/2019\/06\/Jean-300x182.jpg 300w, https:\/\/hormigaradio.com\/wp-content\/uploads\/2019\/06\/Jean-768x465.jpg 768w, https:\/\/hormigaradio.com\/wp-content\/uploads\/2019\/06\/Jean.jpg 839w\" sizes=\"(max-width: 300px) 100vw, 300px\" \/><figcaption id=\"caption-attachment-6385\" class=\"wp-caption-text\"><strong><em>Jean Alain Rodr\u00edguez.<\/em><\/strong><\/figcaption><\/figure>\n<p>SANTO DOMINGO, Rep\u00fablica Dominicana.- En medio de un sinn\u00famero de denuncias e irregularidades, publicadas por Acento, el Ministerio P\u00fablico anunci\u00f3 esta noche su decisi\u00f3n, de prorrogar el\u00a0<span id=\"E1236\">Concurso Interno para Selecci\u00f3n de Titularidades (CIT-01-2020).<\/span><\/p>\n<p>La entidad inform\u00f3 a trav\u00e9s de un comunicado que \u00ab<span id=\"E1232\">acogiendo las recomendaciones de distintos entes de la sociedad civil\u00bb,\u00a0 decidi\u00f3 prorrogar el concurso mediante el cual\u00a0<span id=\"E1240\">ser\u00e1n seleccionados\u00a0\u00a0<\/span><span id=\"E1241\">los titulares<\/span><span id=\"E1242\">\u00a0<\/span><span id=\"E1243\">cuyo mandato en el cargo est\u00e1<\/span><span id=\"E1244\">\u00a0vencido,\u00a0<\/span><span id=\"E1245\">cuya\u00a0<\/span><span id=\"E1246\">designaci\u00f3n no se\u00a0<\/span><span id=\"E1247\">realiz\u00f3<\/span><span id=\"E1248\">\u00a0mediant<\/span><span id=\"E1249\">e concurso interno, se encuentra<\/span><span id=\"E1250\">\u00a0vacante\u00a0<\/span><span id=\"E1251\">o\u00a0<\/span><span id=\"E1252\">bajo interinato<\/span><span id=\"E1253\">,<\/span><span id=\"E1254\">\u00a0o\u00a0<\/span><span id=\"E1255\">su titular ha<\/span><span id=\"E1256\">\u00a0puesto a disposici\u00f3n el cargo.<\/span><\/span><\/p>\n<p><span class=\"s1\">Recientemente, un grupo de fiscales, que pertenecen a la carrera del Ministerio P\u00fablico y que se encuentran sorprendidos por la forma en que se ha degradado a los fiscales de carrera en todo el pa\u00eds, afirmaron a Acento que el<\/span>\u00a0Procurador General de la Rep\u00fablica, Jean Alain Rodr\u00edguez, ha hecho retroceder por lo menos 18 a\u00f1os al Ministerio P\u00fablico, desde que inici\u00f3 su gesti\u00f3n en el 2016, y como ning\u00fan otro funcionario de esa \u00e1rea lo hab\u00eda hecho, \u00e9l ha puesto todos los departamentos al servicio pol\u00edtico suyo y de los suyos, incluyendo unidades pol\u00edticas que desde dentro de la entidad estatal patrocinan la candidatura de Gonzalo Castillo, el candidato presidencial del Partido de la Liberaci\u00f3n Dominicana.<\/p>\n<p>Los fiscales que hablaron con Acento lo hicieron a condici\u00f3n de que sus nombres fueran protegidos. En el Ministerio P\u00fablico de hoy, dicen, hay de todo: corrupci\u00f3n, incapacidad, amiguismo, mediocridad, pol\u00edtica, abandono de responsabilidades, y una gran vocaci\u00f3n para tener el control absoluto y completo de todas las instancias. Y ofreceros datos de hasta d\u00f3nde se ha deteriorado el respeto, la extorsi\u00f3n, las negociaciones y la falta de escr\u00fapulos en un \u00e1rea que hab\u00eda sido respetada en el pasado, pero que en la actualidad ha llegado a niveles vergonzosos, jam\u00e1s vistos por estos profesionales, algunos de los cuales tienen m\u00e1s de dos d\u00e9cadas en la carrera.<\/p>\n<p>Acento ser enter\u00f3 que los fiscales que rechazaban la convocatoria a concurso llevar\u00edan esta semana una instancia de suspensi\u00f3n de los mismos ante el Tribunal Superior Administrativo (TSA). Con la decisi\u00f3n, el procurador General de la Rep\u00fablica, Jean Alain Rodr\u00edguez atiende las demandas que hab\u00edan formulado Participaci\u00f3n Ciudadana, la Fundaci\u00f3n Institucionalidad y Justicia y fiscales activos, que a hab\u00edan acusado al propio procurador de destruir la carrera del Ministerio P\u00fablico.<\/p>\n<p>Lea \u00edntegro el aviso del Ministerio P\u00fablico:<\/p>\n<p id=\"E1218\"><strong><span id=\"E1221\">Aviso de\u00a0<\/span><span id=\"E1222\">Pr\u00f3rroga<\/span><span id=\"E1223\">\u00a0de Concurso de Titularidades<\/span><\/strong><\/p>\n<p id=\"E1225\"><span id=\"E1226\">El Consejo Superior del Ministerio P\u00fablico\u00a0<\/span><span id=\"E1227\">pone<\/span><span id=\"E1228\">\u00a0<\/span><span id=\"E1229\">en<\/span><span id=\"E1230\">\u00a0conocimiento\u00a0<\/span><span id=\"E1231\">de los miembros de la carrera del Ministerio P\u00fablico\u00a0<\/span><span id=\"E1232\">que, acogiendo las recomendaciones de distintos entes de la sociedad civil,<\/span><span id=\"E1233\">\u00a0decidi\u00f3<\/span><span id=\"E1234\">\u00a0<\/span><span id=\"E1235\">prorrogar<\/span><span id=\"E1236\">\u00a0el Concurso Interno para Selecci\u00f3n de Titularidades (CIT-01-2020) que ha sido convocado conforme lo exige el<\/span><span id=\"E1237\">\u00a0art\u00edculo 47, numerales 8 y 16, de la Ley Org\u00e1nica del M<\/span><span id=\"E1238\">inisterio P\u00fablico,\u00a0<\/span><span id=\"E1239\">y los art\u00edculos 94 y 111 del Reglamento de Carrera del Ministerio P\u00fablico<\/span><span id=\"E1240\">, para que sean seleccionados mediante concurso\u00a0<\/span><span id=\"E1241\">los titulares<\/span><span id=\"E1242\">\u00a0<\/span><span id=\"E1243\">cuyo mandato en el cargo est\u00e1<\/span><span id=\"E1244\">\u00a0vencido,\u00a0<\/span><span id=\"E1245\">cuya\u00a0<\/span><span id=\"E1246\">designaci\u00f3n no se\u00a0<\/span><span id=\"E1247\">realiz\u00f3<\/span><span id=\"E1248\">\u00a0mediant<\/span><span id=\"E1249\">e concurso interno, se encuentra<\/span><span id=\"E1250\">\u00a0vacante\u00a0<\/span><span id=\"E1251\">o\u00a0<\/span><span id=\"E1252\">bajo interinato<\/span><span id=\"E1253\">,<\/span><span id=\"E1254\">\u00a0o\u00a0<\/span><span id=\"E1255\">su titular ha<\/span><span id=\"E1256\">\u00a0puesto a disposici\u00f3n el cargo<\/span><span id=\"E1257\">, debiendo respetarse y\u00a0<\/span><span id=\"E1258\">salvaguarda<\/span><span id=\"E1259\">r<\/span><span id=\"E1260\">se<\/span><span id=\"E1261\">\u00a0<\/span><span id=\"E1262\">los derechos de los miembros de la carrera que han participado en el concurso CIT-01-2020\u00a0<\/span><span id=\"E1263\">en las fases de evaluaci\u00f3n curricular, historial laboral y comprobaci\u00f3n de m\u00e9ritos, as\u00ed como de pruebas t\u00e9cnicas o de conocimiento, las cuales fueron aplicadas de conform<\/span><span id=\"E1264\">idad con las Bases del Concurso, la Ley Org\u00e1nica del Ministerio P\u00fablico y el Reglamento de Carrera del Ministerio P\u00fablico.<\/span><\/p>\n<p id=\"E1266\"><span id=\"E1267\">Asimismo, se hace de conocimiento que los titulares cuyo mandato en el cargo est\u00e9 vencido deber\u00e1n permanecer ejerciendo sus funciones de manera interina hasta tanto\u00a0<\/span><span id=\"E1269\">sean<\/span><span id=\"E1271\">\u00a0designados los titulares<\/span><span id=\"E1272\">\u00a0que\u00a0<\/span><span id=\"E1273\">resulten<\/span><span id=\"E1274\">\u00a0electos<\/span><span id=\"E1275\">, de acuerdo con la Ley Org\u00e1nica del Ministerio P\u00fablico.<\/span><\/p>\n<p id=\"E1277\"><span id=\"E1278\">En consecuencia, se hace de p\u00fablico conocimiento que el<\/span><span id=\"E1279\">\u00a0concurso<\/span><span id=\"E1280\">\u00a0CIT-01-2020 continuar\u00e1\u00a0<\/span><span id=\"E1281\">el proceso<\/span><span id=\"E1282\">\u00a0cuando el Consejo Superior<\/span><span id=\"E1283\">\u00a0del Ministerio P\u00fablico<\/span><span id=\"E1284\">\u00a0lo disponga,\u00a0<\/span><span id=\"E1285\">reanudando el mismo en el decimoctavo d\u00eda h\u00e1bil de la publicaci\u00f3n del aviso y de las bases de concurso<\/span><span id=\"E1286\">,<\/span><span id=\"E1287\">\u00a0<\/span><span id=\"E1288\">correspondiente a la publicaci\u00f3n de los resultados de las fases A y B,<\/span><span id=\"E1289\">\u00a0conforme las fases aprobadas y el nuevo calendario que se establezca mediante resoluci\u00f3n.<\/span><\/p>\n<p>&nbsp;<\/p>\n<p><strong>Historias relacionadas:<\/strong><\/p>\n<p><a href=\"https:\/\/acento.com.do\/2020\/actualidad\/8786874-yeni-berenice-demandamos-que-no-nos-castiguen-por-hacer-lo-correcto\/\">Yeni Berenice: demandamos que no nos castiguen por hacer lo correcto<\/a><\/p>\n<p><a href=\"https:\/\/acento.com.do\/2020\/actualidad\/8785097-fiscales-acusan-a-jean-alain-rodriguez-de-destruir-la-carrera-del-ministerio-publico\/\">Fiscales acusan a Jean Alain Rodr\u00edguez de destruir la carrera del Ministerio P\u00fablico<\/a><\/p>\n<p><a href=\"https:\/\/acento.com.do\/2020\/actualidad\/8787209-yeni-berenice-denuncia-espionaje-no-tendran-nada-que-reportar\/\">Yeni Berenice denuncia espionaje: \u00abno tendr\u00e1n nada que reportar\u00bb<\/a><\/p>\n<p>Impactos: 91<\/p>","protected":false},"excerpt":{"rendered":"<p>Servicios de Acento.com.do SANTO DOMINGO, Rep\u00fablica Dominicana.- En medio de un sinn\u00famero de denuncias e irregularidades, publicadas por Acento, el Ministerio P\u00fablico anunci\u00f3 esta<\/p>\n","protected":false},"author":3,"featured_media":4478,"comment_status":"closed","ping_status":"closed","sticky":false,"template":"","format":"standard","meta":[],"categories":[3],"tags":[],"_links":{"self":[{"href":"https:\/\/hormigaradio.com\/index.php?rest_route=\/wp\/v2\/posts\/8783"}],"collection":[{"href":"https:\/\/hormigaradio.com\/index.php?rest_route=\/wp\/v2\/posts"}],"about":[{"href":"https:\/\/hormigaradio.com\/index.php?rest_route=\/wp\/v2\/types\/post"}],"author":[{"embeddable":true,"href":"https:\/\/hormigaradio.com\/index.php?rest_route=\/wp\/v2\/users\/3"}],"replies":[{"embeddable":true,"href":"https:\/\/hormigaradio.com\/index.php?rest_route=%2Fwp%2Fv2%2Fcomments&post=8783"}],"version-history":[{"count":1,"href":"https:\/\/hormigaradio.com\/index.php?rest_route=\/wp\/v2\/posts\/8783\/revisions"}],"predecessor-version":[{"id":8784,"href":"https:\/\/hormigaradio.com\/index.php?rest_route=\/wp\/v2\/posts\/8783\/revisions\/8784"}],"wp:featuredmedia":[{"embeddable":true,"href":"https:\/\/hormigaradio.com\/index.php?rest_route=\/wp\/v2\/media\/4478"}],"wp:attachment":[{"href":"https:\/\/hormigaradio.com\/index.php?rest_route=%2Fwp%2Fv2%2Fmedia&parent=8783"}],"wp:term":[{"taxonomy":"category","embeddable":true,"href":"https:\/\/hormigaradio.com\/index.php?rest_route=%2Fwp%2Fv2%2Fcategories&post=8783"},{"taxonomy":"post_tag","embeddable":true,"href":"https:\/\/hormigaradio.com\/index.php?rest_route=%2Fwp%2Fv2%2Ftags&post=8783"}],"curies":[{"name":"wp","href":"https:\/\/api.w.org\/{rel}","templated":true}]}}