{"id":8790,"date":"2020-03-04T13:47:22","date_gmt":"2020-03-04T13:47:22","guid":{"rendered":"http:\/\/hormigaradio.com\/?p=8790"},"modified":"2020-03-04T13:47:22","modified_gmt":"2020-03-04T13:47:22","slug":"abel-se-escuda-en-su-poder-municipal-para-llenar-santiago-de-vallas","status":"publish","type":"post","link":"https:\/\/hormigaradio.com\/?p=8790","title":{"rendered":"ABEL SE ESCUDA EN SU PODER MUNICIPAL PARA LLENAR SANTIAGO DE VALLAS"},"content":{"rendered":"<p><a href=\"https:\/\/acento.com.do\/author\/mlaureano\/\">M\u00e1ximo Laureano<\/a><\/p>\n<p>&nbsp;<\/p>\n<p>Santiago de los Caballeros, Rep\u00fablica Dominicana.- Sin que nadie le ponga freno, sin que nadie le diga d\u00f3nde puede o no puede poner vallas propagand\u00edsticas, ya que tiene a su cargo la administraci\u00f3n de la ciudad, el alcalde del Partido de la Liberaci\u00f3n Dominicana (PLD) y candidato a repetir en el cargo, Abel Mart\u00ednez, se apoya en ese poder para sembrar de vallas\u00a0 la ciudad de Santiago de los Caballeros.<\/p>\n<p>Y es que el alcalde avasalla a sus oponentes con sus promociones. De ah\u00ed que algunos se han quejado de que la Alcald\u00eda le impide colocar las suyas porque las de Mart\u00ednez \u00abcasi que llenan todos los espacios\u00bb.<\/p>\n<p><img loading=\"lazy\" class=\"alignnone wp-image-8789752 size-full\" src=\"https:\/\/acento.com.do\/wp-content\/uploads\/4-2.jpeg\" sizes=\"(max-width: 1280px) 100vw, 1280px\" srcset=\"https:\/\/acento.com.do\/wp-content\/uploads\/4-2.jpeg 1280w, https:\/\/acento.com.do\/wp-content\/uploads\/4-2-250x166.jpeg 250w, https:\/\/acento.com.do\/wp-content\/uploads\/4-2-700x467.jpeg 700w, https:\/\/acento.com.do\/wp-content\/uploads\/4-2-768x512.jpeg 768w, https:\/\/acento.com.do\/wp-content\/uploads\/4-2-120x80.jpeg 120w, https:\/\/acento.com.do\/wp-content\/uploads\/4-2-12x8.jpeg 12w\" alt=\"\" width=\"1280\" height=\"854\" \/><\/p>\n<p>\u201cEn el municipio de Santiago est\u00e1 prohibido poner publicidad en los postes, pero el alcalde y sus candidatos a regidores tienen ocupada el 90 % de la publicidad visual. El amo y se\u00f1or de Santiago\u201d, ha compartido el pastor Pablo Ure\u00f1a, candidato a diputado en la zona electoral 01 de Santiago, por Alianza Pa\u00eds.<\/p>\n<p>Pero no todos los espacios los tiene Abel Mart\u00ednez. Ulises Rodr\u00edguez,\u00a0 del Partido Revolucionario Moderno (PRM), tambi\u00e9n tiene un buen espacio ocupado con sus promociones.<\/p>\n<p><img loading=\"lazy\" class=\"alignleft wp-image-8789754 size-full\" src=\"https:\/\/acento.com.do\/wp-content\/uploads\/5.jpeg\" sizes=\"(max-width: 1280px) 100vw, 1280px\" srcset=\"https:\/\/acento.com.do\/wp-content\/uploads\/5.jpeg 1280w, https:\/\/acento.com.do\/wp-content\/uploads\/5-250x166.jpeg 250w, https:\/\/acento.com.do\/wp-content\/uploads\/5-700x467.jpeg 700w, https:\/\/acento.com.do\/wp-content\/uploads\/5-768x512.jpeg 768w, https:\/\/acento.com.do\/wp-content\/uploads\/5-120x80.jpeg 120w, https:\/\/acento.com.do\/wp-content\/uploads\/5-12x8.jpeg 12w\" alt=\"\" width=\"1280\" height=\"854\" \/><\/p>\n<p>Para muestra, hay muchos botones. En un recorrido por la Av. 27 de Febrero, desde la Av. Salvador Estrella Sadhal\u00e1, hasta la urbanizaci\u00f3n El Dorado (Plaza Alpha), el alcalde Mart\u00ednez ha colocado 55 vallas, con doble imagen; es decir, con vistas hacia ambos lados. Diez de estas promociones son\u00a0 tama\u00f1o y gigante.<\/p>\n<p><img loading=\"lazy\" class=\"size-medium wp-image-8789756 alignleft\" src=\"https:\/\/acento.com.do\/wp-content\/uploads\/1-5-250x166.jpeg\" sizes=\"(max-width: 250px) 100vw, 250px\" srcset=\"https:\/\/acento.com.do\/wp-content\/uploads\/1-5-250x166.jpeg 250w, https:\/\/acento.com.do\/wp-content\/uploads\/1-5-700x467.jpeg 700w, https:\/\/acento.com.do\/wp-content\/uploads\/1-5-768x512.jpeg 768w, https:\/\/acento.com.do\/wp-content\/uploads\/1-5-120x80.jpeg 120w, https:\/\/acento.com.do\/wp-content\/uploads\/1-5-12x8.jpeg 12w, https:\/\/acento.com.do\/wp-content\/uploads\/1-5.jpeg 1280w\" alt=\"\" width=\"250\" height=\"166\" \/><\/p>\n<p>Mart\u00ednez, quien es el due\u00f1o de las reglas para colocar las vallas, lleva por esta raz\u00f3n la ventaja frente a sus competidores.<\/p>\n<p>No hay espacio en la ciudad de Santiago de los Caballeros que no tenga una valla de \u00e9l.<\/p>\n<p>De hecho hay lugares desde donde un ciudadano sin moverse de lugar puede contar entre 5 y 10 anuncios del funcionario y candidato a la reelecci\u00f3n.<\/p>\n<p>El candidato m\u00e1s cercano en la competencia de vallas, es Ulises Rodr\u00edguez del PRM, de quien se contaron 28 vallas con doble imagen en la Av. 27 de Febrero. Solo una de las vallas del candidato perreme\u00edsta es de tama\u00f1o gigante.<\/p>\n<p><img loading=\"lazy\" class=\"alignnone wp-image-8789760 size-full\" src=\"https:\/\/acento.com.do\/wp-content\/uploads\/3-2.jpeg\" sizes=\"(max-width: 1280px) 100vw, 1280px\" srcset=\"https:\/\/acento.com.do\/wp-content\/uploads\/3-2.jpeg 1280w, https:\/\/acento.com.do\/wp-content\/uploads\/3-2-250x166.jpeg 250w, https:\/\/acento.com.do\/wp-content\/uploads\/3-2-700x467.jpeg 700w, https:\/\/acento.com.do\/wp-content\/uploads\/3-2-768x512.jpeg 768w, https:\/\/acento.com.do\/wp-content\/uploads\/3-2-120x80.jpeg 120w, https:\/\/acento.com.do\/wp-content\/uploads\/3-2-12x8.jpeg 12w\" alt=\"\" width=\"1280\" height=\"854\" \/><\/p>\n<p>Gilberto Serulle, del Partido Revolucionario Dominicano (PRD), quien procura volver a la Alcald\u00eda,\u00a0 tras \u00a0administrar la ciudad en el per\u00edodo especial, 2010-2016,\u00a0 ha colocado 11 vallas,\u00a0 una de estas es tama\u00f1o gigante, en este tramo recorrido.<\/p>\n<p><img loading=\"lazy\" class=\"size-medium wp-image-8789754 alignleft\" src=\"https:\/\/acento.com.do\/wp-content\/uploads\/5-250x166.jpeg\" sizes=\"(max-width: 250px) 100vw, 250px\" srcset=\"https:\/\/acento.com.do\/wp-content\/uploads\/5-250x166.jpeg 250w, https:\/\/acento.com.do\/wp-content\/uploads\/5-700x467.jpeg 700w, https:\/\/acento.com.do\/wp-content\/uploads\/5-768x512.jpeg 768w, https:\/\/acento.com.do\/wp-content\/uploads\/5-120x80.jpeg 120w, https:\/\/acento.com.do\/wp-content\/uploads\/5-12x8.jpeg 12w, https:\/\/acento.com.do\/wp-content\/uploads\/5.jpeg 1280w\" alt=\"\" width=\"250\" height=\"166\" \/><\/p>\n<p>Rafael Ulises Cruz Rodr\u00edguez, Papito Cruz, ha ubicado nueve vallas, dos de tama\u00f1o gigante. Se suman las colocadas en el\u00a0 local del partido, en la Av. 27 de Febrero esquina Espa\u00f1a.<\/p>\n<p>El candidato Jos\u00e9 Mart\u00ednez, del Partido C\u00edvico Renovador,\u00a0\u00a0 tiene dos vallas, en este recorrido, Delvis Salgado de Alianzas Pa\u00eds,\u00a0 Yasser Serulle, del Partido\u00a0 Verde Dominicano y Tom\u00e1s Crist\u00f3bal, del BIS, no\u00a0 tienen vallas en este corredor.<\/p>\n<p><img loading=\"lazy\" class=\"size-medium wp-image-8789763 alignleft\" src=\"https:\/\/acento.com.do\/wp-content\/uploads\/4-3-250x166.jpeg\" sizes=\"(max-width: 250px) 100vw, 250px\" srcset=\"https:\/\/acento.com.do\/wp-content\/uploads\/4-3-250x166.jpeg 250w, https:\/\/acento.com.do\/wp-content\/uploads\/4-3-700x467.jpeg 700w, https:\/\/acento.com.do\/wp-content\/uploads\/4-3-768x512.jpeg 768w, https:\/\/acento.com.do\/wp-content\/uploads\/4-3-120x80.jpeg 120w, https:\/\/acento.com.do\/wp-content\/uploads\/4-3-12x8.jpeg 12w, https:\/\/acento.com.do\/wp-content\/uploads\/4-3.jpeg 1280w\" alt=\"\" width=\"250\" height=\"166\" \/><\/p>\n<p>Otra muestra de la competencia de las\u00a0 vallas, comprobada y contada por el equipo de\u00a0<a href=\"http:\/\/acento.com.do\/\" data-saferedirecturl=\"https:\/\/www.google.com\/url?q=http:\/\/acento.com.do&amp;source=gmail&amp;ust=1583353083236000&amp;usg=AFQjCNHk84JvQXcRwBOedIVs9r_bW6jOjA\">www.acento.com.do<\/a>\u00a0de Santiago, es notorio en la avenida Juan Pablo Duarte, con extensi\u00f3n carretera Licey Al Medio.<\/p>\n<p>En este tramo, Abel Mart\u00ednez tiene colocada 19 vallas con las mismas caracter\u00edsticas, tres de estas tama\u00f1o gigante.\u00a0 Ulises cuenta 10, una gigante. Serulle tiene dos,\u00a0 Papito\u00a0\u00a0 Cruz, dos, los dem\u00e1s candidatos, no tienen promociones en este corredor.<\/p>\n<p><img loading=\"lazy\" class=\"size-medium wp-image-8789766 alignleft\" src=\"https:\/\/acento.com.do\/wp-content\/uploads\/2-4-250x166.jpeg\" sizes=\"(max-width: 250px) 100vw, 250px\" srcset=\"https:\/\/acento.com.do\/wp-content\/uploads\/2-4-250x166.jpeg 250w, https:\/\/acento.com.do\/wp-content\/uploads\/2-4-700x467.jpeg 700w, https:\/\/acento.com.do\/wp-content\/uploads\/2-4-768x512.jpeg 768w, https:\/\/acento.com.do\/wp-content\/uploads\/2-4-120x80.jpeg 120w, https:\/\/acento.com.do\/wp-content\/uploads\/2-4-12x8.jpeg 12w, https:\/\/acento.com.do\/wp-content\/uploads\/2-4.jpeg 1280w\" alt=\"\" width=\"250\" height=\"166\" \/><\/p>\n<p>Otras avenidas que est\u00e1n cundidas de vallas de los candidatos, son la avenidas Rafael Vidal,\u00a0 avenida Monumental,\u00a0 Las Carreras,\u00a0 Circunvalaci\u00f3n,\u00a0 Salvador Estrella Sadhal\u00e1, Yapur Dumit, Imbert, Bartolom\u00e9 Col\u00f3n y otras.<\/p>\n<p>A\u00a0 esta invasi\u00f3n de\u00a0 vallas no\u00a0 escapa el centro de la ciudad y los barrios, que adem\u00e1s\u00a0 son el escenarios del bullicio en horas de la noche, con las llamadas Disco-Ligth.<\/p>\n<p>Impactos: 577<\/p>","protected":false},"excerpt":{"rendered":"<p>M\u00e1ximo Laureano &nbsp; Santiago de los Caballeros, Rep\u00fablica Dominicana.- Sin que nadie le ponga freno, sin que nadie le diga d\u00f3nde puede o no<\/p>\n","protected":false},"author":3,"featured_media":8792,"comment_status":"closed","ping_status":"closed","sticky":false,"template":"","format":"standard","meta":[],"categories":[9],"tags":[],"_links":{"self":[{"href":"https:\/\/hormigaradio.com\/index.php?rest_route=\/wp\/v2\/posts\/8790"}],"collection":[{"href":"https:\/\/hormigaradio.com\/index.php?rest_route=\/wp\/v2\/posts"}],"about":[{"href":"https:\/\/hormigaradio.com\/index.php?rest_route=\/wp\/v2\/types\/post"}],"author":[{"embeddable":true,"href":"https:\/\/hormigaradio.com\/index.php?rest_route=\/wp\/v2\/users\/3"}],"replies":[{"embeddable":true,"href":"https:\/\/hormigaradio.com\/index.php?rest_route=%2Fwp%2Fv2%2Fcomments&post=8790"}],"version-history":[{"count":1,"href":"https:\/\/hormigaradio.com\/index.php?rest_route=\/wp\/v2\/posts\/8790\/revisions"}],"predecessor-version":[{"id":8793,"href":"https:\/\/hormigaradio.com\/index.php?rest_route=\/wp\/v2\/posts\/8790\/revisions\/8793"}],"wp:featuredmedia":[{"embeddable":true,"href":"https:\/\/hormigaradio.com\/index.php?rest_route=\/wp\/v2\/media\/8792"}],"wp:attachment":[{"href":"https:\/\/hormigaradio.com\/index.php?rest_route=%2Fwp%2Fv2%2Fmedia&parent=8790"}],"wp:term":[{"taxonomy":"category","embeddable":true,"href":"https:\/\/hormigaradio.com\/index.php?rest_route=%2Fwp%2Fv2%2Fcategories&post=8790"},{"taxonomy":"post_tag","embeddable":true,"href":"https:\/\/hormigaradio.com\/index.php?rest_route=%2Fwp%2Fv2%2Ftags&post=8790"}],"curies":[{"name":"wp","href":"https:\/\/api.w.org\/{rel}","templated":true}]}}