{"id":8812,"date":"2020-03-06T04:28:33","date_gmt":"2020-03-06T04:28:33","guid":{"rendered":"http:\/\/hormigaradio.com\/?p=8812"},"modified":"2020-03-06T04:39:29","modified_gmt":"2020-03-06T04:39:29","slug":"pese-sacudion-por-fracaso-elecciones-febrero-peledeistas-santiago-dicen-ganaran-todo-video","status":"publish","type":"post","link":"https:\/\/hormigaradio.com\/?p=8812","title":{"rendered":"PESE \u201cSACUDI\u00d3N\u201d POR FRACASO ELECCIONES FEBRERO PELEDEISTAS SANTIAGO DICEN GANAR\u00c1N TODO (v\u00eddeo)"},"content":{"rendered":"<p><a href=\"https:\/\/acento.com.do\/author\/mlaureano\/\">M\u00e1ximo Laureano<\/a><\/p>\n<figure id=\"attachment_8814\" aria-describedby=\"caption-attachment-8814\" style=\"width: 300px\" class=\"wp-caption alignleft\"><img loading=\"lazy\" class=\"wp-image-8814 size-medium\" src=\"http:\/\/hormigaradio.com\/wp-content\/uploads\/2020\/03\/HABLA-FERNANDO-300x225.jpeg\" alt=\"\" width=\"300\" height=\"225\" srcset=\"https:\/\/hormigaradio.com\/wp-content\/uploads\/2020\/03\/HABLA-FERNANDO-300x225.jpeg 300w, https:\/\/hormigaradio.com\/wp-content\/uploads\/2020\/03\/HABLA-FERNANDO-768x576.jpeg 768w, https:\/\/hormigaradio.com\/wp-content\/uploads\/2020\/03\/HABLA-FERNANDO-1024x768.jpeg 1024w, https:\/\/hormigaradio.com\/wp-content\/uploads\/2020\/03\/HABLA-FERNANDO.jpeg 1280w\" sizes=\"(max-width: 300px) 100vw, 300px\" \/><figcaption id=\"caption-attachment-8814\" class=\"wp-caption-text\"><em><strong>Fernando Rosa, anuncia actividades de campa\u00f1a.<\/strong><\/em><\/figcaption><\/figure>\n<p>A pesar de que la situaci\u00f3n c\u00f3moda que ten\u00edan las canidaturas muninicipales en Santiago han cambiado, tras las frustradas elecciones municipales del 16 de febrero, seg\u00fan muestran algunas firmas encuestadoras, la dirigencia del Partido de la Liberaci\u00f3n Dominicana (PLD) en esta demarcaci\u00f3n, no ceja en sus aspiraciones de obtener la mayor cantidad de alcald\u00edas y juntas distritales y vaticinan un triunfo arrollador.<\/p>\n<p>Los pelede\u00edstas de Santiago restaron cr\u00e9dito a las encuestas que muestran un decenso acelerado de los n\u00fameros que registrados por el alcalde morado, Abel Mart\u00ednez en meses recientes, sobre todo, antes del 16 de febrero.<\/p>\n<p>Fenando Rosa, encargado de campa\u00f1a en Santiago y quien advers\u00f3 a Abel en las primarias del 06 de octubre del 2019, ha dicho que el PLD lo ganar\u00e1 todo, con un 70 %, aunque no present\u00f3 los datos de manera p\u00fablica.<\/p>\n<p>Para reforzar sus filas el PLD-Santiago, anunci\u00f3 la visita del candidato presidencial Gonzalo Castillo, para el domingo 08 de marzo del 2020, quien seg\u00fan los detalles declarado por Rosa, Castillo, acompa\u00f1ar\u00e1 al candidato al alcalde, Abel Mart\u00ednez en una concentraci\u00f3n en la avenida JA Berm\u00fadez y posterior marcha por barrios del centro urbano de Santiago de los Caballeros.<\/p>\n<p>Las encuestas recientes, como la firma Mark Penn\/Stagwell, colocan a Abel M\u00e1rt\u00ednez, con 40 %, frente a un 32 % de Jos\u00e9 Ulises Rodr\u00edguez Guzm\u00e1n. Otros candidatos suman un 8 %. Previo el 16 de febrero la ventaja de Abel, frente a Ulises su candidato m\u00e1s cercano, estaban cerca de los 30 puntos.<\/p>\n<p>Rosa llam\u00f3 a la militancia del PLD en Santiago, a votar de manera masiva, el domingo 15 de marzo, seg\u00fan explic\u00f3 para sellar el triunfo de los peledeistas.<\/p>\n<p><iframe loading=\"lazy\" src=\"https:\/\/www.youtube.com\/embed\/KvAq7dtJZKM\" width=\"100%\" height=\"500\" frameborder=\"0\" allowfullscreen=\"allowfullscreen\" data-mce-fragment=\"1\"><\/iframe><\/p>\n<p>Impactos: 164<\/p>","protected":false},"excerpt":{"rendered":"<p>M\u00e1ximo Laureano A pesar de que la situaci\u00f3n c\u00f3moda que ten\u00edan las canidaturas muninicipales en Santiago han cambiado, tras las frustradas elecciones municipales del<\/p>\n","protected":false},"author":3,"featured_media":8814,"comment_status":"closed","ping_status":"closed","sticky":false,"template":"","format":"standard","meta":[],"categories":[6],"tags":[],"_links":{"self":[{"href":"https:\/\/hormigaradio.com\/index.php?rest_route=\/wp\/v2\/posts\/8812"}],"collection":[{"href":"https:\/\/hormigaradio.com\/index.php?rest_route=\/wp\/v2\/posts"}],"about":[{"href":"https:\/\/hormigaradio.com\/index.php?rest_route=\/wp\/v2\/types\/post"}],"author":[{"embeddable":true,"href":"https:\/\/hormigaradio.com\/index.php?rest_route=\/wp\/v2\/users\/3"}],"replies":[{"embeddable":true,"href":"https:\/\/hormigaradio.com\/index.php?rest_route=%2Fwp%2Fv2%2Fcomments&post=8812"}],"version-history":[{"count":4,"href":"https:\/\/hormigaradio.com\/index.php?rest_route=\/wp\/v2\/posts\/8812\/revisions"}],"predecessor-version":[{"id":8817,"href":"https:\/\/hormigaradio.com\/index.php?rest_route=\/wp\/v2\/posts\/8812\/revisions\/8817"}],"wp:featuredmedia":[{"embeddable":true,"href":"https:\/\/hormigaradio.com\/index.php?rest_route=\/wp\/v2\/media\/8814"}],"wp:attachment":[{"href":"https:\/\/hormigaradio.com\/index.php?rest_route=%2Fwp%2Fv2%2Fmedia&parent=8812"}],"wp:term":[{"taxonomy":"category","embeddable":true,"href":"https:\/\/hormigaradio.com\/index.php?rest_route=%2Fwp%2Fv2%2Fcategories&post=8812"},{"taxonomy":"post_tag","embeddable":true,"href":"https:\/\/hormigaradio.com\/index.php?rest_route=%2Fwp%2Fv2%2Ftags&post=8812"}],"curies":[{"name":"wp","href":"https:\/\/api.w.org\/{rel}","templated":true}]}}