{"id":8821,"date":"2020-03-09T02:38:07","date_gmt":"2020-03-09T02:38:07","guid":{"rendered":"http:\/\/hormigaradio.com\/?p=8821"},"modified":"2020-03-09T03:00:22","modified_gmt":"2020-03-09T03:00:22","slug":"cierre-carnaval-santiago-2020-derroche-de-color-y-alegria","status":"publish","type":"post","link":"https:\/\/hormigaradio.com\/?p=8821","title":{"rendered":"CIERRE CARNAVAL SANTIAGO 2020  DERROCHE DE COLOR Y ALEGRIA"},"content":{"rendered":"<div class=\"gs\">\n<div class=\"\">\n<div id=\":pw\" class=\"ii gt\">\n<div id=\":ol\" class=\"a3s aXjCH \">\n<div class=\"gmail_quote\">\n<div dir=\"auto\">\n<div dir=\"auto\"><strong>Firma invitada\/Hormiga Radio Group.<\/strong><\/div>\n<div dir=\"auto\">\n<figure id=\"attachment_8822\" aria-describedby=\"caption-attachment-8822\" style=\"width: 715px\" class=\"wp-caption aligncenter\"><img loading=\"lazy\" class=\"wp-image-8822 size-large\" src=\"http:\/\/hormigaradio.com\/wp-content\/uploads\/2020\/03\/DSC_0026-1024x683.jpg\" alt=\"\" width=\"715\" height=\"477\" srcset=\"https:\/\/hormigaradio.com\/wp-content\/uploads\/2020\/03\/DSC_0026-1024x683.jpg 1024w, https:\/\/hormigaradio.com\/wp-content\/uploads\/2020\/03\/DSC_0026-300x200.jpg 300w, https:\/\/hormigaradio.com\/wp-content\/uploads\/2020\/03\/DSC_0026-768x512.jpg 768w\" sizes=\"(max-width: 715px) 100vw, 715px\" \/><figcaption id=\"caption-attachment-8822\" class=\"wp-caption-text\"><em><strong>Vitico Erarte, en su traje de fantas\u00eda.<\/strong><\/em><\/figcaption><\/figure>\n<\/div>\n<div dir=\"auto\"><\/div>\n<div dir=\"auto\">Santiago. El Carnaval de Santiago 2020 concluy\u00f3 ayer s\u00e1bado por todo lo alto, reconfirmando ser la fiesta popular carnavalesca m\u00e1s participativa, tradicional y costumbrista del pa\u00eds.<\/div>\n<div dir=\"auto\">La posposici\u00f3n del desfile final el pasado domingo 1 de marzo debido a las lluvias, motiv\u00f3 que este s\u00e1bado, la convocatoria lograra una buena cantidad de personas, que desde tempranas horas acudieron a la Gran Zona de Carnaval.<\/div>\n<div dir=\"auto\">El desfile inici\u00f3 a las tres quince de la tarde con el Rey Lech\u00f3n Rafael Almanzar quien a ritmo de perico ripiao encendi\u00f3 la fiesta popular.<\/div>\n<div dir=\"auto\">Seguido\u00a0 Los Hijos de Tony Vargas en la celebraci\u00f3n de sus 30 a\u00f1os y Los Guinguirianos con 25 a\u00f1os de fundados, as\u00ed como el personaje de fantas\u00eda \u201cAmor en Colores\u201d de Mauricio Garc\u00eda, una propuesta muy apropiada para la ocasi\u00f3n.<\/div>\n<div dir=\"auto\">\n<figure id=\"attachment_8827\" aria-describedby=\"caption-attachment-8827\" style=\"width: 715px\" class=\"wp-caption aligncenter\"><img loading=\"lazy\" class=\"wp-image-8827 size-large\" src=\"http:\/\/hormigaradio.com\/wp-content\/uploads\/2020\/03\/DSC_0034-1024x683.jpg\" alt=\"\" width=\"715\" height=\"477\" srcset=\"https:\/\/hormigaradio.com\/wp-content\/uploads\/2020\/03\/DSC_0034-1024x683.jpg 1024w, https:\/\/hormigaradio.com\/wp-content\/uploads\/2020\/03\/DSC_0034-300x200.jpg 300w, https:\/\/hormigaradio.com\/wp-content\/uploads\/2020\/03\/DSC_0034-768x512.jpg 768w\" sizes=\"(max-width: 715px) 100vw, 715px\" \/><figcaption id=\"caption-attachment-8827\" class=\"wp-caption-text\"><em><strong>Mar\u00eda Mart\u00ednez, en su personaje de Las Marolas. Foto M\u00e1ximo Laureano.<\/strong><\/em><\/figcaption><\/figure>\n<\/div>\n<div dir=\"auto\">El desfile final inici\u00f3 desde la avenida Rep\u00fablica de Argentina con ruta descendente en la Gran Zona de\u00a0 Carnaval pasando por\u00a0 la calle Daniel Espinal, seguido por el boulevard del teatro regional, calle Del Sol, avenida Francia, para concluir en Las Carreras, \u00e1rea donde se dieron cita miles de personas de todas las edades.<\/div>\n<div dir=\"auto\">Seguido, la carroza de la Corporaci\u00f3n Carnavalesca de Santiago (Corcasan), carrozas humanas, una delegaci\u00f3n del Programa de Discapacitados de la Gobernaci\u00f3n de Santiago acompa\u00f1ados por la Gobernadora Ana Mar\u00eda Dom\u00ednguez y por bloques, representantes de la Federaci\u00f3n de Lechones de Santiago (Felecsa), Fundaci\u00f3n Santiago en Carnaval (Fucasa), Movimiento Santiago en Carnaval (Mosaca), Uni\u00f3n Carnavalesca de Santiago (Ucasa), Bloque Independiente (BIS), as\u00ed como grupos y personajes independientes..<\/div>\n<div dir=\"auto\">V\u00edctor Erarte puso el toque de magia y fantas\u00eda de la tarde con su traje \u201cSinfon\u00eda de Rojo en Tiempos de Carnaval\u201d una elaborada creaci\u00f3n que llam\u00f3 la atenci\u00f3n de todos.<\/div>\n<div dir=\"auto\">\n<figure id=\"attachment_8828\" aria-describedby=\"caption-attachment-8828\" style=\"width: 683px\" class=\"wp-caption alignright\"><img loading=\"lazy\" class=\"wp-image-8828 size-large\" src=\"http:\/\/hormigaradio.com\/wp-content\/uploads\/2020\/03\/DSC_0002-e1583722505809-683x1024.jpg\" alt=\"\" width=\"683\" height=\"1024\" srcset=\"https:\/\/hormigaradio.com\/wp-content\/uploads\/2020\/03\/DSC_0002-e1583722505809-683x1024.jpg 683w, https:\/\/hormigaradio.com\/wp-content\/uploads\/2020\/03\/DSC_0002-e1583722505809-200x300.jpg 200w, https:\/\/hormigaradio.com\/wp-content\/uploads\/2020\/03\/DSC_0002-e1583722505809-768x1151.jpg 768w\" sizes=\"(max-width: 683px) 100vw, 683px\" \/><figcaption id=\"caption-attachment-8828\" class=\"wp-caption-text\"><em><strong>Lech\u00f3n Pepinero.<\/strong><\/em><\/figcaption><\/figure>\n<\/div>\n<div dir=\"auto\">Una representaci\u00f3n de la Competencia Nacional de Comparsas Kanibaru y sus ganadores Maracande de Puerto Plata y el artista Crazy Desing vestido de lech\u00f3n, tambi\u00e9n desfilaron, as\u00ed como integrantes del proyecto Carnaval Escolar y de Santiago Saludable.<\/div>\n<div dir=\"auto\">Durante todo el mes de febrero el p\u00fablico respald\u00f3 esta fiesta del pueblo dedicada en esta versi\u00f3n 2020 a la artista Maridalia Hern\u00e1ndez.<\/div>\n<div dir=\"auto\">Las reinas de esta festividad fueron Madheline Sarante, Emely Marte, Nathalia V\u00e1zquez y Aurelis de la Cruz.<\/div>\n<div dir=\"auto\">La organizaci\u00f3n de este a\u00f1o estuvo a cargo de las principales autoridades de la provincia entre los que se destacan\u00a0 la se\u00f1ora Ana Mar\u00eda Dom\u00ednguez, Gobernadora de Santiago, Abel Mart\u00ednez Alcalde Municipal, Julio C\u00e9sar Valent\u00edn Senador de Santiago, Jos\u00e9 N\u00fa\u00f1ez de la Direcci\u00f3n Regional de Cultura, Brenda S\u00e1nchez directora del Gran Teatro del Cibao, Jos\u00e9 Antu\u00f1ano del Monumentos a los H\u00e9roes de la Restauraci\u00f3n, Fausto Dom\u00ednguez (Kiwa), Miguel Jim\u00e9nez,\u00a0 Manuel Ulises Bonnelly, V\u00edctor Erarte, Mar\u00eda Mart\u00ednez la Corporaci\u00f3n Carnavalesca de Santiago y Medios Unidos del Cibao.<\/div>\n<div dir=\"auto\">\u00a0Los patrocinadores del Carnaval de Santiago 2020 fueron Cervecer\u00eda Nacional Dominicana, Asociaci\u00f3n Cibao de Ahorros y Pr\u00e9stamos, Ayuntamiento de Santiago, Corporaci\u00f3n de Acueducto y Alcantarillado de Santiago, Banco de Reservas, Corporaci\u00f3n Zona Franca, Induveca, Industrias Banilejas, Fonper, Baldom, Edenorte, Presidencia de la Rep\u00fablica, Senado de la Rep\u00fablica y Direcci\u00f3n General de Impuestos Internos.<\/div>\n<div class=\"yj6qo\">\n<figure id=\"attachment_8829\" aria-describedby=\"caption-attachment-8829\" style=\"width: 715px\" class=\"wp-caption alignright\"><img loading=\"lazy\" class=\"wp-image-8829 size-large\" src=\"http:\/\/hormigaradio.com\/wp-content\/uploads\/2020\/03\/DSC_0050-1024x683.jpg\" alt=\"\" width=\"715\" height=\"477\" srcset=\"https:\/\/hormigaradio.com\/wp-content\/uploads\/2020\/03\/DSC_0050-1024x683.jpg 1024w, https:\/\/hormigaradio.com\/wp-content\/uploads\/2020\/03\/DSC_0050-300x200.jpg 300w, https:\/\/hormigaradio.com\/wp-content\/uploads\/2020\/03\/DSC_0050-768x512.jpg 768w\" sizes=\"(max-width: 715px) 100vw, 715px\" \/><figcaption id=\"caption-attachment-8829\" class=\"wp-caption-text\"><strong><em>Lech\u00f3n Joyero.<\/em><\/strong><\/figcaption><\/figure>\n<\/div>\n<div class=\"adL\" dir=\"auto\"><\/div>\n<div class=\"adL\" dir=\"auto\"><\/div>\n<\/div>\n<div class=\"adL\"><\/div>\n<\/div>\n<div class=\"adL\"><\/div>\n<\/div>\n<\/div>\n<div id=\":ve\" class=\"hq gt\">\n<div class=\"hp\"><\/div>\n<div id=\":vf\" class=\"ho\">\n<p><span class=\"aVW\"><span id=\":vi\">11<\/span>\u00a0archivos adjuntos<\/span><\/p>\n<div class=\"aZi J-J5-Ji\">\n<div id=\":vy\" class=\"T-I J-J5-Ji aZj T-I-ax7 T-I-Js-IF L3\" tabindex=\"0\" role=\"button\" aria-label=\"Descargar todos los archivos adjuntos\" data-tooltip=\"Descargar todos los archivos adjuntos\" aria-disabled=\"false\">\n<div class=\"asa\">\n<div class=\"aZh T-I-J3 J-J5-Ji\"><\/div>\n<\/div>\n<div class=\"a3I\"><\/div>\n<\/div>\n<div id=\":vz\" class=\"T-I J-J5-Ji aZj T-I-ax7 T-I-Js-Gs L3\" tabindex=\"0\" role=\"button\" aria-label=\"Guardarlo todo en Drive\" aria-disabled=\"false\" data-tooltip=\"Guardarlo todo en Drive\">\n<div class=\"asa\">\n<div class=\"aZg T-I-J3 J-J5-Ji\">\n<div class=\"T-aT4\">\n<div><\/div>\n<div class=\"T-aT4-JX\"><\/div>\n<\/div>\n<\/div>\n<\/div>\n<div class=\"a3I\"><\/div>\n<\/div>\n<\/div>\n<\/div>\n<div id=\":vh\"><\/div>\n<div id=\":vg\" class=\"aQH\">\n<div class=\"aZK\"><\/div>\n<\/div>\n<\/div>\n<div class=\"hi\"><\/div>\n<\/div>\n<\/div>\n<p>Impactos: 156<\/p>","protected":false},"excerpt":{"rendered":"<p>Firma invitada\/Hormiga Radio Group. Santiago. El Carnaval de Santiago 2020 concluy\u00f3 ayer s\u00e1bado por todo lo alto, reconfirmando ser la fiesta popular carnavalesca m\u00e1s<\/p>\n","protected":false},"author":3,"featured_media":8824,"comment_status":"closed","ping_status":"closed","sticky":false,"template":"","format":"standard","meta":[],"categories":[4],"tags":[],"_links":{"self":[{"href":"https:\/\/hormigaradio.com\/index.php?rest_route=\/wp\/v2\/posts\/8821"}],"collection":[{"href":"https:\/\/hormigaradio.com\/index.php?rest_route=\/wp\/v2\/posts"}],"about":[{"href":"https:\/\/hormigaradio.com\/index.php?rest_route=\/wp\/v2\/types\/post"}],"author":[{"embeddable":true,"href":"https:\/\/hormigaradio.com\/index.php?rest_route=\/wp\/v2\/users\/3"}],"replies":[{"embeddable":true,"href":"https:\/\/hormigaradio.com\/index.php?rest_route=%2Fwp%2Fv2%2Fcomments&post=8821"}],"version-history":[{"count":4,"href":"https:\/\/hormigaradio.com\/index.php?rest_route=\/wp\/v2\/posts\/8821\/revisions"}],"predecessor-version":[{"id":8830,"href":"https:\/\/hormigaradio.com\/index.php?rest_route=\/wp\/v2\/posts\/8821\/revisions\/8830"}],"wp:featuredmedia":[{"embeddable":true,"href":"https:\/\/hormigaradio.com\/index.php?rest_route=\/wp\/v2\/media\/8824"}],"wp:attachment":[{"href":"https:\/\/hormigaradio.com\/index.php?rest_route=%2Fwp%2Fv2%2Fmedia&parent=8821"}],"wp:term":[{"taxonomy":"category","embeddable":true,"href":"https:\/\/hormigaradio.com\/index.php?rest_route=%2Fwp%2Fv2%2Fcategories&post=8821"},{"taxonomy":"post_tag","embeddable":true,"href":"https:\/\/hormigaradio.com\/index.php?rest_route=%2Fwp%2Fv2%2Ftags&post=8821"}],"curies":[{"name":"wp","href":"https:\/\/api.w.org\/{rel}","templated":true}]}}