{"id":8841,"date":"2020-03-11T00:04:22","date_gmt":"2020-03-11T00:04:22","guid":{"rendered":"http:\/\/hormigaradio.com\/?p=8841"},"modified":"2020-03-11T04:33:09","modified_gmt":"2020-03-11T04:33:09","slug":"la-vice-de-luis-quien-es","status":"publish","type":"post","link":"https:\/\/hormigaradio.com\/?p=8841","title":{"rendered":"LA   VICE DE LUIS \u00bfQUI\u00c9N ES?"},"content":{"rendered":"<p><a href=\"https:\/\/acento.com.do\/author\/servicios\/\">Servicios de Acento.com.do<\/a><\/p>\n<figure id=\"attachment_8842\" aria-describedby=\"caption-attachment-8842\" style=\"width: 300px\" class=\"wp-caption alignleft\"><img loading=\"lazy\" class=\"wp-image-8842 size-medium\" src=\"http:\/\/hormigaradio.com\/wp-content\/uploads\/2020\/03\/LA-VICE-DE-LUIS-300x192.jpg\" alt=\"\" width=\"300\" height=\"192\" srcset=\"https:\/\/hormigaradio.com\/wp-content\/uploads\/2020\/03\/LA-VICE-DE-LUIS-300x192.jpg 300w, https:\/\/hormigaradio.com\/wp-content\/uploads\/2020\/03\/LA-VICE-DE-LUIS-115x73.jpg 115w, https:\/\/hormigaradio.com\/wp-content\/uploads\/2020\/03\/LA-VICE-DE-LUIS.jpg 546w\" sizes=\"(max-width: 300px) 100vw, 300px\" \/><figcaption id=\"caption-attachment-8842\" class=\"wp-caption-text\"><em><strong>Raquel Pe\u00f1a Rodr\u00edguez.<\/strong><\/em><\/figcaption><\/figure>\n<p>SANTO DOMINGO, Rep\u00fablica Dominicana.- Raquel Pe\u00f1a Rodr\u00edguez, quien ser\u00e1 la compa\u00f1era de boleta del candidato a la Presidencia por el Partido Revolucionario Moderno, Luis Abinader, tiene una importante trayectoria como acad\u00e9mica, adem\u00e1s de ser miembro de varios \u00f3rganos empresariales.<\/p>\n<p><strong><u>Perfil profesional Raquel Pe\u00f1a de Antu\u00f1a<\/u><\/strong><\/p>\n<p>Raquel naci\u00f3 en la ciudad de Santiago de los Caballeros, Rep\u00fablica Dominicana, el d\u00eda 10 de septiembre del 1966. Hija del se\u00f1or Leocadio Pe\u00f1a Guill\u00e9n y de la se\u00f1ora Estela Rodr\u00edguez de Pe\u00f1a.<\/p>\n<p>Curs\u00f3 sus estudios primarios en el colegio Sagrado Coraz\u00f3n de Jes\u00fas y posteriormente la secundaria en el Colegio De La Salle en la ciudad de Santiago, en donde de la mano del hermano Alfredo Morales descubri\u00f3 su vocaci\u00f3n por la Educaci\u00f3n, alfabetizando ni\u00f1os que no ten\u00edan cupo en la escuela p\u00fablica del barrio de Cienfuegos. Egresada de la Pontificia Universidad Cat\u00f3lica Madre y Maestra de la carrera de Administraci\u00f3n de Empresas, entre otros estudios en el \u00e1rea de Educaci\u00f3n, Negocios, Finanzas, Emprendimiento e Innovaci\u00f3n, as\u00ed como en Incubadoras de Negocios tanto en el pa\u00eds como en el exterior. En el a\u00f1o 2002, recibi\u00f3 el t\u00edtulo de Mag\u00edster en Administraci\u00f3n de Empresas (MBA) \u2013 doble titulaci\u00f3n con la Universidad de Quebec a Montreal.<\/p>\n<p>Contrajo nupcias con\u00a0 Marco Jos\u00e9 Antu\u00f1a Cabral (fallecido en el 2019) con quien procre\u00f3 tres hijos: Rosa Estela, casada con Eduardo Jos\u00e9 Brugal quienes a su vez procrearon el primer nieto, Felipe Andr\u00e9s Brugal Antu\u00f1a; el Ingeniero Industrial Marco Jos\u00e9 e Isabel Amelia, estudiante de Mercadeo en la PUCMM.<\/p>\n<p>Inici\u00f3 su vida laboral a muy temprana edad en las empresas familiares rotando por todas las \u00e1reas de las mismas. Como Profesional asumi\u00f3 las responsabilidades de gerente general en empresas comerciales y tabacaleras de su familia.<\/p>\n<p>Es accionista y Presidente del Consejo de Administraci\u00f3n del Parque Industrial Corporaci\u00f3n Zona Franca del Norte, S.A.<\/p>\n<p>En ese mismo orden, se desempe\u00f1a como:<\/p>\n<ul>\n<li><em>Miembro del Consejo de Directores de la C\u00e1mara de Comercio y Producci\u00f3n de<\/em><\/li>\n<li><em>Miembro de ADOZONA<\/em><\/li>\n<li><em>Miembro del Consejo de Directores de la FASA, Fundaci\u00f3n Arquidiocesana Santiago Ap\u00f3stol<\/em><\/li>\n<li><em>Miembro del Consejo de Directores de Ciudad Santa Mar\u00eda (CISAMA)<\/em><\/li>\n<li><em>Miembro de la Junta Directiva del Patronato Parque Central de Santiago<\/em><\/li>\n<li><em>Miembro de la Junta Directiva de Worlwide Seguros<\/em><\/li>\n<\/ul>\n<p>En el a\u00f1o 2000 inici\u00f3 formalmente su otra vocaci\u00f3n, paralela a los negocios, que es la Educaci\u00f3n, siendo profesora por asignatura de la Pontificia Universidad Cat\u00f3lica Madre y Maestra en los niveles de grado y postgrado. Tambi\u00e9n se incorpor\u00f3 en el \u00e1rea administrativa de la PUCMM, como directora de la carrera de Administraci\u00f3n de Empresas y directora del Centro Internacional de Innovaci\u00f3n en Tecnolog\u00eda y Administraci\u00f3n (CITAM), adem\u00e1s fund\u00f3 el centro PUCMM-Emprende. En el a\u00f1o 2015 asumi\u00f3 la Vicerrector\u00eda de Administraci\u00f3n y Finanzas, posici\u00f3n que ocupa hasta la fecha.<\/p>\n<h1 class=\"entry-title\"><a href=\"https:\/\/acento.com.do\/2020\/politica\/8792219-empresaria-de-santiago-raquel-pena-la-candidata-vicepresidencial-de-abinader\/\">Acad\u00e9mica de Santiago, Raquel Pe\u00f1a, la candidata Vicepresidencial de Abinader<\/a><\/h1>\n<p>Impactos: 153<\/p>","protected":false},"excerpt":{"rendered":"<p>Servicios de Acento.com.do SANTO DOMINGO, Rep\u00fablica Dominicana.- Raquel Pe\u00f1a Rodr\u00edguez, quien ser\u00e1 la compa\u00f1era de boleta del candidato a la Presidencia por el Partido<\/p>\n","protected":false},"author":3,"featured_media":8844,"comment_status":"closed","ping_status":"closed","sticky":false,"template":"","format":"standard","meta":[],"categories":[6],"tags":[],"_links":{"self":[{"href":"https:\/\/hormigaradio.com\/index.php?rest_route=\/wp\/v2\/posts\/8841"}],"collection":[{"href":"https:\/\/hormigaradio.com\/index.php?rest_route=\/wp\/v2\/posts"}],"about":[{"href":"https:\/\/hormigaradio.com\/index.php?rest_route=\/wp\/v2\/types\/post"}],"author":[{"embeddable":true,"href":"https:\/\/hormigaradio.com\/index.php?rest_route=\/wp\/v2\/users\/3"}],"replies":[{"embeddable":true,"href":"https:\/\/hormigaradio.com\/index.php?rest_route=%2Fwp%2Fv2%2Fcomments&post=8841"}],"version-history":[{"count":1,"href":"https:\/\/hormigaradio.com\/index.php?rest_route=\/wp\/v2\/posts\/8841\/revisions"}],"predecessor-version":[{"id":8843,"href":"https:\/\/hormigaradio.com\/index.php?rest_route=\/wp\/v2\/posts\/8841\/revisions\/8843"}],"wp:featuredmedia":[{"embeddable":true,"href":"https:\/\/hormigaradio.com\/index.php?rest_route=\/wp\/v2\/media\/8844"}],"wp:attachment":[{"href":"https:\/\/hormigaradio.com\/index.php?rest_route=%2Fwp%2Fv2%2Fmedia&parent=8841"}],"wp:term":[{"taxonomy":"category","embeddable":true,"href":"https:\/\/hormigaradio.com\/index.php?rest_route=%2Fwp%2Fv2%2Fcategories&post=8841"},{"taxonomy":"post_tag","embeddable":true,"href":"https:\/\/hormigaradio.com\/index.php?rest_route=%2Fwp%2Fv2%2Ftags&post=8841"}],"curies":[{"name":"wp","href":"https:\/\/api.w.org\/{rel}","templated":true}]}}