{"id":8857,"date":"2020-03-12T13:02:06","date_gmt":"2020-03-12T13:02:06","guid":{"rendered":"http:\/\/hormigaradio.com\/?p=8857"},"modified":"2020-03-12T13:02:06","modified_gmt":"2020-03-12T13:02:06","slug":"pld-cierra-campana-santiago-con-caravana-pre-fabricada-y-derroche-de-aristas","status":"publish","type":"post","link":"https:\/\/hormigaradio.com\/?p=8857","title":{"rendered":"PLD CIERRA CAMPA\u00d1A SANTIAGO  CON CARAVANA PRE-FABRICADA Y DERROCHE DE ARISTAS"},"content":{"rendered":"<p><a href=\"https:\/\/acento.com.do\/author\/mlaureano\/\">M\u00e1ximo Laureano<\/a><\/p>\n<p>SANTIAGO.-El cese de las lluvias en Santiago de los Caballeros permiti\u00f3 que el Partido de la Liberaci\u00f3n Dominicana (PLD) llevara a cabo su actividad de cierre de campa\u00f1a para las elecciones municipales del domingo 15 de marzo.<\/p>\n<p>Aunque se trat\u00f3 de una actividad para promover a los candidatos municipales, particip\u00f3 el candidato presidencial Gonzalo Castillo, quien acompa\u00f1\u00f3 al candidato alcalde Abel Atahualpa Mart\u00ednez Dur\u00e1n.<\/p>\n<p><img loading=\"lazy\" class=\"aligncenter size-large wp-image-8792746\" src=\"https:\/\/acento.com.do\/wp-content\/uploads\/Gonzalo-y-Abel-cierran-campa%C3%B1a-PLD-en-Santiago-acompa%C3%B1ados-de-artistas-10-700x467.jpg\" sizes=\"(max-width: 640px) 100vw, 640px\" srcset=\"https:\/\/acento.com.do\/wp-content\/uploads\/Gonzalo-y-Abel-cierran-campa\u00f1a-PLD-en-Santiago-acompa\u00f1ados-de-artistas-10-700x467.jpg 700w, https:\/\/acento.com.do\/wp-content\/uploads\/Gonzalo-y-Abel-cierran-campa\u00f1a-PLD-en-Santiago-acompa\u00f1ados-de-artistas-10-250x166.jpg 250w, https:\/\/acento.com.do\/wp-content\/uploads\/Gonzalo-y-Abel-cierran-campa\u00f1a-PLD-en-Santiago-acompa\u00f1ados-de-artistas-10-768x512.jpg 768w, https:\/\/acento.com.do\/wp-content\/uploads\/Gonzalo-y-Abel-cierran-campa\u00f1a-PLD-en-Santiago-acompa\u00f1ados-de-artistas-10-1536x1025.jpg 1536w, https:\/\/acento.com.do\/wp-content\/uploads\/Gonzalo-y-Abel-cierran-campa\u00f1a-PLD-en-Santiago-acompa\u00f1ados-de-artistas-10-2048x1367.jpg 2048w, https:\/\/acento.com.do\/wp-content\/uploads\/Gonzalo-y-Abel-cierran-campa\u00f1a-PLD-en-Santiago-acompa\u00f1ados-de-artistas-10-120x80.jpg 120w, https:\/\/acento.com.do\/wp-content\/uploads\/Gonzalo-y-Abel-cierran-campa\u00f1a-PLD-en-Santiago-acompa\u00f1ados-de-artistas-10-12x8.jpg 12w\" alt=\"\" width=\"640\" height=\"427\" \/><\/p>\n<p>Tras conocerse los resultados de varias firmas encuestadoras que dan cuenta de un descenso del PLD y sus candidatos en Santiago, los cuadros del \u201cabelismo\u201d y la llamada \u201cpencoman\u00eda\u201d, pusieron todo su empe\u00f1o en llenar el corredor que abarc\u00f3 la menos 10 barrios, este mi\u00e9rcoles 11 de marzo del 2020, para mandar el mensaje de que posee el poder y la log\u00edstica para movilizar su militancia y obtener el triunfo.\u00a0<img loading=\"lazy\" class=\"aligncenter size-large wp-image-8792747\" src=\"https:\/\/acento.com.do\/wp-content\/uploads\/Gonzalo-y-Abel-cierran-campa%C3%B1a-PLD-en-Santiago-acompa%C3%B1ados-de-artistas-9-700x467.jpg\" sizes=\"(max-width: 640px) 100vw, 640px\" srcset=\"https:\/\/acento.com.do\/wp-content\/uploads\/Gonzalo-y-Abel-cierran-campa\u00f1a-PLD-en-Santiago-acompa\u00f1ados-de-artistas-9-700x467.jpg 700w, https:\/\/acento.com.do\/wp-content\/uploads\/Gonzalo-y-Abel-cierran-campa\u00f1a-PLD-en-Santiago-acompa\u00f1ados-de-artistas-9-250x166.jpg 250w, https:\/\/acento.com.do\/wp-content\/uploads\/Gonzalo-y-Abel-cierran-campa\u00f1a-PLD-en-Santiago-acompa\u00f1ados-de-artistas-9-768x512.jpg 768w, https:\/\/acento.com.do\/wp-content\/uploads\/Gonzalo-y-Abel-cierran-campa\u00f1a-PLD-en-Santiago-acompa\u00f1ados-de-artistas-9-1536x1025.jpg 1536w, https:\/\/acento.com.do\/wp-content\/uploads\/Gonzalo-y-Abel-cierran-campa\u00f1a-PLD-en-Santiago-acompa\u00f1ados-de-artistas-9-2048x1367.jpg 2048w, https:\/\/acento.com.do\/wp-content\/uploads\/Gonzalo-y-Abel-cierran-campa\u00f1a-PLD-en-Santiago-acompa\u00f1ados-de-artistas-9-120x80.jpg 120w, https:\/\/acento.com.do\/wp-content\/uploads\/Gonzalo-y-Abel-cierran-campa\u00f1a-PLD-en-Santiago-acompa\u00f1ados-de-artistas-9-12x8.jpg 12w\" alt=\"\" width=\"640\" height=\"427\" \/><\/p>\n<p>Para lograr su objetivo la maquinaria oficialista puso en la calle la estructura municipal y parte del Gobierno Central. Se pudo observar como se llamaba la atenci\u00f3n de la ciudadan\u00eda al pasar por cada calle y barrio.\u00a0<img loading=\"lazy\" class=\"aligncenter size-large wp-image-8792748\" src=\"https:\/\/acento.com.do\/wp-content\/uploads\/Gonzalo-y-Abel-cierran-campa%C3%B1a-PLD-en-Santiago-acompa%C3%B1ados-de-artistas-8-700x467.jpg\" sizes=\"(max-width: 640px) 100vw, 640px\" srcset=\"https:\/\/acento.com.do\/wp-content\/uploads\/Gonzalo-y-Abel-cierran-campa\u00f1a-PLD-en-Santiago-acompa\u00f1ados-de-artistas-8-700x467.jpg 700w, https:\/\/acento.com.do\/wp-content\/uploads\/Gonzalo-y-Abel-cierran-campa\u00f1a-PLD-en-Santiago-acompa\u00f1ados-de-artistas-8-250x166.jpg 250w, https:\/\/acento.com.do\/wp-content\/uploads\/Gonzalo-y-Abel-cierran-campa\u00f1a-PLD-en-Santiago-acompa\u00f1ados-de-artistas-8-768x512.jpg 768w, https:\/\/acento.com.do\/wp-content\/uploads\/Gonzalo-y-Abel-cierran-campa\u00f1a-PLD-en-Santiago-acompa\u00f1ados-de-artistas-8-1536x1025.jpg 1536w, https:\/\/acento.com.do\/wp-content\/uploads\/Gonzalo-y-Abel-cierran-campa\u00f1a-PLD-en-Santiago-acompa\u00f1ados-de-artistas-8-2048x1367.jpg 2048w, https:\/\/acento.com.do\/wp-content\/uploads\/Gonzalo-y-Abel-cierran-campa\u00f1a-PLD-en-Santiago-acompa\u00f1ados-de-artistas-8-120x80.jpg 120w, https:\/\/acento.com.do\/wp-content\/uploads\/Gonzalo-y-Abel-cierran-campa\u00f1a-PLD-en-Santiago-acompa\u00f1ados-de-artistas-8-12x8.jpg 12w\" alt=\"\" width=\"640\" height=\"427\" \/><\/p>\n<p>\u201cBueno, para el 16 de febrero est\u00e1bamos ganados de calle, pero, ahora no se sabe como van a ser la cosas\u201d, afirm\u00f3 uno de los peled\u00e9istas.\u00a0<img loading=\"lazy\" class=\"aligncenter size-large wp-image-8792749\" src=\"https:\/\/acento.com.do\/wp-content\/uploads\/Gonzalo-y-Abel-cierran-campa%C3%B1a-PLD-en-Santiago-acompa%C3%B1ados-de-artistas-7-700x467.jpg\" sizes=\"(max-width: 640px) 100vw, 640px\" srcset=\"https:\/\/acento.com.do\/wp-content\/uploads\/Gonzalo-y-Abel-cierran-campa\u00f1a-PLD-en-Santiago-acompa\u00f1ados-de-artistas-7-700x467.jpg 700w, https:\/\/acento.com.do\/wp-content\/uploads\/Gonzalo-y-Abel-cierran-campa\u00f1a-PLD-en-Santiago-acompa\u00f1ados-de-artistas-7-250x166.jpg 250w, https:\/\/acento.com.do\/wp-content\/uploads\/Gonzalo-y-Abel-cierran-campa\u00f1a-PLD-en-Santiago-acompa\u00f1ados-de-artistas-7-768x512.jpg 768w, https:\/\/acento.com.do\/wp-content\/uploads\/Gonzalo-y-Abel-cierran-campa\u00f1a-PLD-en-Santiago-acompa\u00f1ados-de-artistas-7-1536x1025.jpg 1536w, https:\/\/acento.com.do\/wp-content\/uploads\/Gonzalo-y-Abel-cierran-campa\u00f1a-PLD-en-Santiago-acompa\u00f1ados-de-artistas-7-2048x1367.jpg 2048w, https:\/\/acento.com.do\/wp-content\/uploads\/Gonzalo-y-Abel-cierran-campa\u00f1a-PLD-en-Santiago-acompa\u00f1ados-de-artistas-7-120x80.jpg 120w, https:\/\/acento.com.do\/wp-content\/uploads\/Gonzalo-y-Abel-cierran-campa\u00f1a-PLD-en-Santiago-acompa\u00f1ados-de-artistas-7-12x8.jpg 12w\" alt=\"\" width=\"640\" height=\"427\" \/><\/p>\n<p>Gonzalo Castillo, el alcalde Abel Mart\u00ednez, el senador Julio C\u00e9sar Valent\u00edn, la gobernadora Ana Mar\u00eda Dom\u00ednguez y candidatos a regidores lideraron el recorrido de dos horas, que cont\u00f3 la animaci\u00f3n de una orquesta merenguera y artistas urbanos en cada esquina, adem\u00e1s de las cerverzas y los tragos.\u00a0<img loading=\"lazy\" class=\"aligncenter size-large wp-image-8792750\" src=\"https:\/\/acento.com.do\/wp-content\/uploads\/Gonzalo-y-Abel-cierran-campa%C3%B1a-PLD-en-Santiago-acompa%C3%B1ados-de-artistas-6-700x467.jpg\" sizes=\"(max-width: 640px) 100vw, 640px\" srcset=\"https:\/\/acento.com.do\/wp-content\/uploads\/Gonzalo-y-Abel-cierran-campa\u00f1a-PLD-en-Santiago-acompa\u00f1ados-de-artistas-6-700x467.jpg 700w, https:\/\/acento.com.do\/wp-content\/uploads\/Gonzalo-y-Abel-cierran-campa\u00f1a-PLD-en-Santiago-acompa\u00f1ados-de-artistas-6-250x166.jpg 250w, https:\/\/acento.com.do\/wp-content\/uploads\/Gonzalo-y-Abel-cierran-campa\u00f1a-PLD-en-Santiago-acompa\u00f1ados-de-artistas-6-768x512.jpg 768w, https:\/\/acento.com.do\/wp-content\/uploads\/Gonzalo-y-Abel-cierran-campa\u00f1a-PLD-en-Santiago-acompa\u00f1ados-de-artistas-6-1536x1025.jpg 1536w, https:\/\/acento.com.do\/wp-content\/uploads\/Gonzalo-y-Abel-cierran-campa\u00f1a-PLD-en-Santiago-acompa\u00f1ados-de-artistas-6-2048x1367.jpg 2048w, https:\/\/acento.com.do\/wp-content\/uploads\/Gonzalo-y-Abel-cierran-campa\u00f1a-PLD-en-Santiago-acompa\u00f1ados-de-artistas-6-120x80.jpg 120w, https:\/\/acento.com.do\/wp-content\/uploads\/Gonzalo-y-Abel-cierran-campa\u00f1a-PLD-en-Santiago-acompa\u00f1ados-de-artistas-6-12x8.jpg 12w\" alt=\"\" width=\"640\" height=\"427\" \/><\/p>\n<p>A lo largo del recorrido iniciado a las 5:00 de la tarde en el sector Pueblo Nuevo, los candidatos del PLD, fueron ovacionados por miles de simpatizantes, que previamente eran arengados por animadores, que adem\u00e1s de motivar la bulla, entregaban camisetas, gorras y fotos de los proponentes, a fin de asegurar que la marcha-caravana no perdieron entusiasmo.\u00a0<img loading=\"lazy\" class=\"aligncenter size-large wp-image-8792751\" src=\"https:\/\/acento.com.do\/wp-content\/uploads\/Gonzalo-y-Abel-cierran-campa%C3%B1a-PLD-en-Santiago-acompa%C3%B1ados-de-artistas-5-700x467.jpg\" sizes=\"(max-width: 640px) 100vw, 640px\" srcset=\"https:\/\/acento.com.do\/wp-content\/uploads\/Gonzalo-y-Abel-cierran-campa\u00f1a-PLD-en-Santiago-acompa\u00f1ados-de-artistas-5-700x467.jpg 700w, https:\/\/acento.com.do\/wp-content\/uploads\/Gonzalo-y-Abel-cierran-campa\u00f1a-PLD-en-Santiago-acompa\u00f1ados-de-artistas-5-250x166.jpg 250w, https:\/\/acento.com.do\/wp-content\/uploads\/Gonzalo-y-Abel-cierran-campa\u00f1a-PLD-en-Santiago-acompa\u00f1ados-de-artistas-5-768x512.jpg 768w, https:\/\/acento.com.do\/wp-content\/uploads\/Gonzalo-y-Abel-cierran-campa\u00f1a-PLD-en-Santiago-acompa\u00f1ados-de-artistas-5-1536x1025.jpg 1536w, https:\/\/acento.com.do\/wp-content\/uploads\/Gonzalo-y-Abel-cierran-campa\u00f1a-PLD-en-Santiago-acompa\u00f1ados-de-artistas-5-2048x1367.jpg 2048w, https:\/\/acento.com.do\/wp-content\/uploads\/Gonzalo-y-Abel-cierran-campa\u00f1a-PLD-en-Santiago-acompa\u00f1ados-de-artistas-5-120x80.jpg 120w, https:\/\/acento.com.do\/wp-content\/uploads\/Gonzalo-y-Abel-cierran-campa\u00f1a-PLD-en-Santiago-acompa\u00f1ados-de-artistas-5-12x8.jpg 12w\" alt=\"\" width=\"640\" height=\"427\" \/><\/p>\n<p>En algunos puntos del recorrido se vieron se\u00f1ales de rechazo al paso de los candidatos, en el sector Los Reyes varias personas esperaron a la masa peledeista con cacerolas en mano, en repudio a las propuestas oficialistas.\u00a0<img loading=\"lazy\" class=\"aligncenter size-large wp-image-8792752\" src=\"https:\/\/acento.com.do\/wp-content\/uploads\/Gonzalo-y-Abel-cierran-campa%C3%B1a-PLD-en-Santiago-acompa%C3%B1ados-de-artistas-4-700x467.jpg\" sizes=\"(max-width: 640px) 100vw, 640px\" srcset=\"https:\/\/acento.com.do\/wp-content\/uploads\/Gonzalo-y-Abel-cierran-campa\u00f1a-PLD-en-Santiago-acompa\u00f1ados-de-artistas-4-700x467.jpg 700w, https:\/\/acento.com.do\/wp-content\/uploads\/Gonzalo-y-Abel-cierran-campa\u00f1a-PLD-en-Santiago-acompa\u00f1ados-de-artistas-4-250x166.jpg 250w, https:\/\/acento.com.do\/wp-content\/uploads\/Gonzalo-y-Abel-cierran-campa\u00f1a-PLD-en-Santiago-acompa\u00f1ados-de-artistas-4-768x512.jpg 768w, https:\/\/acento.com.do\/wp-content\/uploads\/Gonzalo-y-Abel-cierran-campa\u00f1a-PLD-en-Santiago-acompa\u00f1ados-de-artistas-4-1536x1025.jpg 1536w, https:\/\/acento.com.do\/wp-content\/uploads\/Gonzalo-y-Abel-cierran-campa\u00f1a-PLD-en-Santiago-acompa\u00f1ados-de-artistas-4-2048x1367.jpg 2048w, https:\/\/acento.com.do\/wp-content\/uploads\/Gonzalo-y-Abel-cierran-campa\u00f1a-PLD-en-Santiago-acompa\u00f1ados-de-artistas-4-120x80.jpg 120w, https:\/\/acento.com.do\/wp-content\/uploads\/Gonzalo-y-Abel-cierran-campa\u00f1a-PLD-en-Santiago-acompa\u00f1ados-de-artistas-4-12x8.jpg 12w\" alt=\"\" width=\"640\" height=\"427\" \/><\/p>\n<p>\u00ab\u00bfGonzalo, \u201cte gustan las chapas que vibran?\u201d, entonaba cantante\u00a0<em>urbana<\/em>\u00a0Yaniris Infante Honoret (La Materialista), en una esquina del barrio Los Salados, acompa\u00f1ada de dos bailarinas. Las chicas se contoneaban con especial \u00e9nfasis frente al candidato presidencial Gonzalo Castillo y al aspirante a la reelecci\u00f3n en la alcald\u00eda de Santiago Abel Mart\u00ednez.\u00a0<img loading=\"lazy\" class=\"aligncenter size-large wp-image-8792753\" src=\"https:\/\/acento.com.do\/wp-content\/uploads\/Gonzalo-y-Abel-cierran-campa%C3%B1a-PLD-en-Santiago-acompa%C3%B1ados-de-artistas-3-700x467.jpg\" sizes=\"(max-width: 640px) 100vw, 640px\" srcset=\"https:\/\/acento.com.do\/wp-content\/uploads\/Gonzalo-y-Abel-cierran-campa\u00f1a-PLD-en-Santiago-acompa\u00f1ados-de-artistas-3-700x467.jpg 700w, https:\/\/acento.com.do\/wp-content\/uploads\/Gonzalo-y-Abel-cierran-campa\u00f1a-PLD-en-Santiago-acompa\u00f1ados-de-artistas-3-250x166.jpg 250w, https:\/\/acento.com.do\/wp-content\/uploads\/Gonzalo-y-Abel-cierran-campa\u00f1a-PLD-en-Santiago-acompa\u00f1ados-de-artistas-3-768x512.jpg 768w, https:\/\/acento.com.do\/wp-content\/uploads\/Gonzalo-y-Abel-cierran-campa\u00f1a-PLD-en-Santiago-acompa\u00f1ados-de-artistas-3-1536x1025.jpg 1536w, https:\/\/acento.com.do\/wp-content\/uploads\/Gonzalo-y-Abel-cierran-campa\u00f1a-PLD-en-Santiago-acompa\u00f1ados-de-artistas-3-2048x1367.jpg 2048w, https:\/\/acento.com.do\/wp-content\/uploads\/Gonzalo-y-Abel-cierran-campa\u00f1a-PLD-en-Santiago-acompa\u00f1ados-de-artistas-3-120x80.jpg 120w, https:\/\/acento.com.do\/wp-content\/uploads\/Gonzalo-y-Abel-cierran-campa\u00f1a-PLD-en-Santiago-acompa\u00f1ados-de-artistas-3-12x8.jpg 12w\" alt=\"\" width=\"640\" height=\"427\" \/><\/p>\n<p>Los candidatos le dispensaron su atenci\u00f3n por un momento a La Materialista, antes de proseguir con sus repartos de saludos y sonrisas a la militancia que se apostaba en las aceras y otros que caminaban alrededor de los veh\u00edculos en marcha.\u00a0<img loading=\"lazy\" class=\"aligncenter size-large wp-image-8792754\" src=\"https:\/\/acento.com.do\/wp-content\/uploads\/Gonzalo-y-Abel-cierran-campa%C3%B1a-PLD-en-Santiago-acompa%C3%B1ados-de-artistas-2-700x467.jpg\" sizes=\"(max-width: 640px) 100vw, 640px\" srcset=\"https:\/\/acento.com.do\/wp-content\/uploads\/Gonzalo-y-Abel-cierran-campa\u00f1a-PLD-en-Santiago-acompa\u00f1ados-de-artistas-2-700x467.jpg 700w, https:\/\/acento.com.do\/wp-content\/uploads\/Gonzalo-y-Abel-cierran-campa\u00f1a-PLD-en-Santiago-acompa\u00f1ados-de-artistas-2-250x166.jpg 250w, https:\/\/acento.com.do\/wp-content\/uploads\/Gonzalo-y-Abel-cierran-campa\u00f1a-PLD-en-Santiago-acompa\u00f1ados-de-artistas-2-768x512.jpg 768w, https:\/\/acento.com.do\/wp-content\/uploads\/Gonzalo-y-Abel-cierran-campa\u00f1a-PLD-en-Santiago-acompa\u00f1ados-de-artistas-2-1536x1025.jpg 1536w, https:\/\/acento.com.do\/wp-content\/uploads\/Gonzalo-y-Abel-cierran-campa\u00f1a-PLD-en-Santiago-acompa\u00f1ados-de-artistas-2-2048x1367.jpg 2048w, https:\/\/acento.com.do\/wp-content\/uploads\/Gonzalo-y-Abel-cierran-campa\u00f1a-PLD-en-Santiago-acompa\u00f1ados-de-artistas-2-120x80.jpg 120w, https:\/\/acento.com.do\/wp-content\/uploads\/Gonzalo-y-Abel-cierran-campa\u00f1a-PLD-en-Santiago-acompa\u00f1ados-de-artistas-2-12x8.jpg 12w\" alt=\"\" width=\"640\" height=\"427\" \/><\/p>\n<p>La animaci\u00f3n cont\u00f3 con los urbanos y merengueros Tito Swin, El Cross, El Mega Kinito M\u00e9ndez, Jes\u00fas Gil (Masa) y su Big Band, Juli\u00e1n Oro Duro, Crazy Desing, Silvio Mora, Raffy Coronado y una larga lista de artistas locales, que deleitaron a los pelede\u00edstas.<\/p>\n<p>La caravana pelede\u00edsta en Santiago de los Caballeros tambi\u00e9n fue reforzada con militantes que fueron trasladados desde los municipios vecinos como Villa Bison\u00f3 (Navarrete), Villa Gonz\u00e1lez, Pu\u00f1al y otros.<\/p>\n<p>Los sectores de Pueblo Nuevo, Savica, El Ejido, barrio Hermanas Mirabal (Yaguita del Ejido), Ensanche Bol\u00edvar, Los Ciruelitos, Los Reyes, los Salados, Camboya y Buenos Aires, fueron testigo del empe\u00f1o de los peledeistas por ganar las elecciones municipales de este domingo 15 de marzo.<\/p>\n<p>Impactos: 131<\/p>","protected":false},"excerpt":{"rendered":"<p>M\u00e1ximo Laureano SANTIAGO.-El cese de las lluvias en Santiago de los Caballeros permiti\u00f3 que el Partido de la Liberaci\u00f3n Dominicana (PLD) llevara a cabo<\/p>\n","protected":false},"author":3,"featured_media":8858,"comment_status":"closed","ping_status":"closed","sticky":false,"template":"","format":"standard","meta":[],"categories":[6],"tags":[],"_links":{"self":[{"href":"https:\/\/hormigaradio.com\/index.php?rest_route=\/wp\/v2\/posts\/8857"}],"collection":[{"href":"https:\/\/hormigaradio.com\/index.php?rest_route=\/wp\/v2\/posts"}],"about":[{"href":"https:\/\/hormigaradio.com\/index.php?rest_route=\/wp\/v2\/types\/post"}],"author":[{"embeddable":true,"href":"https:\/\/hormigaradio.com\/index.php?rest_route=\/wp\/v2\/users\/3"}],"replies":[{"embeddable":true,"href":"https:\/\/hormigaradio.com\/index.php?rest_route=%2Fwp%2Fv2%2Fcomments&post=8857"}],"version-history":[{"count":1,"href":"https:\/\/hormigaradio.com\/index.php?rest_route=\/wp\/v2\/posts\/8857\/revisions"}],"predecessor-version":[{"id":8859,"href":"https:\/\/hormigaradio.com\/index.php?rest_route=\/wp\/v2\/posts\/8857\/revisions\/8859"}],"wp:featuredmedia":[{"embeddable":true,"href":"https:\/\/hormigaradio.com\/index.php?rest_route=\/wp\/v2\/media\/8858"}],"wp:attachment":[{"href":"https:\/\/hormigaradio.com\/index.php?rest_route=%2Fwp%2Fv2%2Fmedia&parent=8857"}],"wp:term":[{"taxonomy":"category","embeddable":true,"href":"https:\/\/hormigaradio.com\/index.php?rest_route=%2Fwp%2Fv2%2Fcategories&post=8857"},{"taxonomy":"post_tag","embeddable":true,"href":"https:\/\/hormigaradio.com\/index.php?rest_route=%2Fwp%2Fv2%2Ftags&post=8857"}],"curies":[{"name":"wp","href":"https:\/\/api.w.org\/{rel}","templated":true}]}}