{"id":8862,"date":"2020-03-13T18:47:11","date_gmt":"2020-03-13T18:47:11","guid":{"rendered":"http:\/\/hormigaradio.com\/?p=8862"},"modified":"2020-03-13T18:47:42","modified_gmt":"2020-03-13T18:47:42","slug":"politicos-y-activistas-de-santiago-valoran-eleccion-de-raquel-pena-para-vice-de-luis-abinader","status":"publish","type":"post","link":"https:\/\/hormigaradio.com\/?p=8862","title":{"rendered":"POL\u00cdTICOS Y ACTIVISTAS DE SANTIAGO VALORAN ELECCI\u00d3N DE RAQUEL PE\u00d1A PARA VICE  DE LUIS ABINADER"},"content":{"rendered":"<p><a href=\"https:\/\/acento.com.do\/author\/mlaureano\/\">M\u00e1ximo Laureano<\/a><\/p>\n<figure id=\"attachment_8842\" aria-describedby=\"caption-attachment-8842\" style=\"width: 300px\" class=\"wp-caption alignleft\"><img loading=\"lazy\" class=\"wp-image-8842 size-medium\" src=\"http:\/\/hormigaradio.com\/wp-content\/uploads\/2020\/03\/LA-VICE-DE-LUIS-300x192.jpg\" alt=\"\" width=\"300\" height=\"192\" srcset=\"https:\/\/hormigaradio.com\/wp-content\/uploads\/2020\/03\/LA-VICE-DE-LUIS-300x192.jpg 300w, https:\/\/hormigaradio.com\/wp-content\/uploads\/2020\/03\/LA-VICE-DE-LUIS-115x73.jpg 115w, https:\/\/hormigaradio.com\/wp-content\/uploads\/2020\/03\/LA-VICE-DE-LUIS.jpg 546w\" sizes=\"(max-width: 300px) 100vw, 300px\" \/><figcaption id=\"caption-attachment-8842\" class=\"wp-caption-text\"><em><strong>Raquel Pe\u00f1a.<\/strong><\/em><\/figcaption><\/figure>\n<p>SANTIAGO, Rep\u00fablica Dominicana.-Voces representativas de Santiago de los Caballeros han valorado como atinada la escogencia de la empresaria Raquel Pe\u00f1a, para compa\u00f1era de boleta del candidato presidencial de Luis Abinader, del Partido Revolucionario Moderno (PRM).<\/p>\n<p>Al ser preguntados en relaci\u00f3n a la elecci\u00f3n de la vicerrectora de la Pontificia Universidad Cat\u00f3lica Madre y Maestra (PUCMM), los consultados han coincidido en que Pe\u00f1a representa un elemento unificador en el PRM, conecta con el sector empresarial, adem\u00e1s de ser tener una gran formaci\u00f3n personal y profesional que pondr\u00eda al servicio del pa\u00eds.<\/p>\n<p>\u201cNo resta\u201d, \u201cno hace sombra al candidato\u201d, suma los sectores conservadores a la pol\u00edtica, \u201csuma votos al candidato alcalde Ulises Rodr\u00edguez\u201d, \u201cpone la tapa al pomo\u201d , lo que se traduce como sellar la victoria perreme\u00edsta, son algunas de las valoraciones hechas.<\/p>\n<p>Otros en las redes sociales se han referido a que la falta de experiencia pol\u00edtica y no ser muy conocida en este escenario, no dar\u00e1 mucha ventaja al candidato Luis Abinader.<\/p>\n<p>\u201cLa elecci\u00f3n de Raquel Pe\u00f1a como compa\u00f1era de boleta de Luis Abinader, llena mis expectativas\u201d, refiere Mario Arturo Fern\u00e1ndez, del movimiento Santiago Somos Todos (SST) y otras organizaciones sociales.<\/p>\n<p>El profesional del derecho agrega que Raquel pone ventaja a la candidatura de Luis Abinader, por sus condiciones humanas y profesionales. Tambi\u00e9n valora que su experiencia como gerente y educadora enfocan el principal d\u00e9ficit de la sociedad Dominicana que es la educaci\u00f3n.<\/p>\n<p>La elecci\u00f3n de Raquel Pe\u00f1a, ser\u00eda poner \u201cla tapa al pomo en su inminente victoria electoral\u201d, ha dicho el profesor y economista Radham\u00e9s Garc\u00eda Gonz\u00e1lez.<\/p>\n<p>\u201cUna elecci\u00f3n que proporciona much\u00edsimas ventajas competitivas. No le resta nada a Lu\u00eds. Lo m\u00e1s importante, no le hace sombra. Raquel es una persona con muchos m\u00e9ritos acad\u00e9micos, familiares y personales\u201d, refiere el profesor Garc\u00eda Gonz\u00e1lez.<\/p>\n<p>Sobre la escogencia, el periodista y analista de temas pol\u00edticos Esteban Rosario destaca que es la primera mujer de Santiago que ocupa la candidatura vicepresidencial en 500 a\u00f1os.<\/p>\n<p>\u201cInserta al PRM en los grupos empresariales de Santiago y gana adeptos en la pucamaima. Su escogencia abre las puertas al PRM a los grupos femeninos que incursionan en el mundo empresarial \u201c, dice Rosario.<\/p>\n<p>El comunicador agrega que Raquel Pe\u00f1a es una figura fresca y sin compromisos con el pasado pol\u00edtico y que estos ayudar\u00e1 al candidato presidencial.<\/p>\n<p>El diputado del PRM Robinson D\u00edaz ha dicho que que la decisi\u00f3n de Luis Abinader no tiene desperdicio.<\/p>\n<p>\u201cLuis no busca quien le sume, sino quien no le reste, Raquel podr\u00eda entonces sumar y no restar, Raquel representa la provincia Santiago, que es epicentro del Cibao, Raquel representa la mujer en la equidad de poder del PRM\u201d, afirm\u00f3 D\u00edaz.<\/p>\n<p>\u201cEs una mujer que equilibra las fuerzas internas dentro del PRM ya que es una petici\u00f3n del ex presidente Hip\u00f3lito Mej\u00eda\u201d, agrega el legislador.<\/p>\n<p>\u201cQu\u00e9 alegr\u00eda me produce la elecci\u00f3n como vicepresidenta de una Se\u00f1ora que representa los valores, principios y educaci\u00f3n que este pa\u00eds necesita para aportar desde sus competencias en finanzas y su pasi\u00f3n por la academia, en la construcci\u00f3n de una nueva forma de gobierno, que nos ayude a salir de la crisis econ\u00f3mica, moral y c\u00edvica que vivimos\u201d, proclam\u00f3 la arquitecta Mar\u00eda Isabel Serrano Din\u00e1.<\/p>\n<p>\u201cNo es popular y eso es muy bueno, no tiene historial en la pol\u00edtica, es mujer intachable de firmes convicciones\u201d, ha dicho Maria Isabel.<\/p>\n<p>Lucienne Carlo activista social, cree que Luis Abinader ha dado un jonr\u00f3n con la elecci\u00f3n de Raquel Pe\u00f1a, porque se trata de una mujer preparada, con valores, una mujer de val\u00eda.<\/p>\n<p>\u201cCon Raquel hemos elevado la Pol\u00edtica, a una propuesta, de valores, de principios y es una propuesta para sumar y ganar\u201d, ha dicho Lucience Carlo. Agrega que con la elecci\u00f3n de Raquel, Luis ha demostrado que en verdad busca algo diferente y alguien de consenso.<\/p>\n<p>Impactos: 181<\/p>","protected":false},"excerpt":{"rendered":"<p>M\u00e1ximo Laureano SANTIAGO, Rep\u00fablica Dominicana.-Voces representativas de Santiago de los Caballeros han valorado como atinada la escogencia de la empresaria Raquel Pe\u00f1a, para compa\u00f1era<\/p>\n","protected":false},"author":3,"featured_media":8844,"comment_status":"closed","ping_status":"closed","sticky":false,"template":"","format":"standard","meta":[],"categories":[6],"tags":[],"_links":{"self":[{"href":"https:\/\/hormigaradio.com\/index.php?rest_route=\/wp\/v2\/posts\/8862"}],"collection":[{"href":"https:\/\/hormigaradio.com\/index.php?rest_route=\/wp\/v2\/posts"}],"about":[{"href":"https:\/\/hormigaradio.com\/index.php?rest_route=\/wp\/v2\/types\/post"}],"author":[{"embeddable":true,"href":"https:\/\/hormigaradio.com\/index.php?rest_route=\/wp\/v2\/users\/3"}],"replies":[{"embeddable":true,"href":"https:\/\/hormigaradio.com\/index.php?rest_route=%2Fwp%2Fv2%2Fcomments&post=8862"}],"version-history":[{"count":1,"href":"https:\/\/hormigaradio.com\/index.php?rest_route=\/wp\/v2\/posts\/8862\/revisions"}],"predecessor-version":[{"id":8863,"href":"https:\/\/hormigaradio.com\/index.php?rest_route=\/wp\/v2\/posts\/8862\/revisions\/8863"}],"wp:featuredmedia":[{"embeddable":true,"href":"https:\/\/hormigaradio.com\/index.php?rest_route=\/wp\/v2\/media\/8844"}],"wp:attachment":[{"href":"https:\/\/hormigaradio.com\/index.php?rest_route=%2Fwp%2Fv2%2Fmedia&parent=8862"}],"wp:term":[{"taxonomy":"category","embeddable":true,"href":"https:\/\/hormigaradio.com\/index.php?rest_route=%2Fwp%2Fv2%2Fcategories&post=8862"},{"taxonomy":"post_tag","embeddable":true,"href":"https:\/\/hormigaradio.com\/index.php?rest_route=%2Fwp%2Fv2%2Ftags&post=8862"}],"curies":[{"name":"wp","href":"https:\/\/api.w.org\/{rel}","templated":true}]}}