{"id":8866,"date":"2020-03-14T00:06:27","date_gmt":"2020-03-14T00:06:27","guid":{"rendered":"http:\/\/hormigaradio.com\/?p=8866"},"modified":"2020-03-14T00:06:42","modified_gmt":"2020-03-14T00:06:42","slug":"ministerio-educacion-anuncia-no-habra-clases-lunes-y-martes-higienizar-centros-prevencion-coronavirus","status":"publish","type":"post","link":"https:\/\/hormigaradio.com\/?p=8866","title":{"rendered":"MINISTERIO EDUCACI\u00d3N ANUNCIA NO HABR\u00c1 CLASES LUNES Y MARTES HIGIENIZAR  CENTROS PREVENCI\u00d3N CORONAVIRUS"},"content":{"rendered":"<p><a href=\"https:\/\/acento.com.do\/author\/cbatista\/\">Carolina Batista\/Acento.com.do<\/a><\/p>\n<figure id=\"attachment_5970\" aria-describedby=\"caption-attachment-5970\" style=\"width: 300px\" class=\"wp-caption alignright\"><img loading=\"lazy\" class=\"wp-image-5970 size-medium\" src=\"http:\/\/hormigaradio.com\/wp-content\/uploads\/2019\/05\/educacion-300x174.jpg\" alt=\"\" width=\"300\" height=\"174\" srcset=\"https:\/\/hormigaradio.com\/wp-content\/uploads\/2019\/05\/educacion-300x174.jpg 300w, https:\/\/hormigaradio.com\/wp-content\/uploads\/2019\/05\/educacion-768x447.jpg 768w, https:\/\/hormigaradio.com\/wp-content\/uploads\/2019\/05\/educacion-1024x595.jpg 1024w, https:\/\/hormigaradio.com\/wp-content\/uploads\/2019\/05\/educacion.jpg 1080w\" sizes=\"(max-width: 300px) 100vw, 300px\" \/><figcaption id=\"caption-attachment-5970\" class=\"wp-caption-text\"><em><strong>Sede del Ministerio de Educaci\u00f3n en la Rep\u00fablica Dominicana.<\/strong><\/em><\/figcaption><\/figure>\n<p>SANTO DOMINGO, Rep\u00fablica Dominicana.- El ministro de Educaci\u00f3n, Antonio Pe\u00f1a Mirabal, anunci\u00f3 que se suspende la docencia en todo el pa\u00eds el lunes 16 y el martes 17 para desinfectar todos los centros educativos (p\u00fablicos y privados) para estar seguros que las escuelas est\u00e9n saneadas tras las elecciones del pr\u00f3ximo domingo.<\/p>\n<p>Pe\u00f1a Mirabal inform\u00f3 que desde el Minerd se est\u00e1n adoptando todas las medidas que sean necesarias para responder al Covid-19, por lo que se orden\u00f3 una jornada de limpieza profunda luego de pasado el proceso de elecciones.<\/p>\n<p>La informaci\u00f3n fue comunicada a los directores regionales, distritales y de centros, para que lleven a cabo la log\u00edstica necesaria para llevar a cabo la jornada de limpieza.<\/p>\n<p>Seg\u00fan inform\u00f3 el ministro de Salud P\u00fablica, Rafael S\u00e1nchez C\u00e1rdenas, a la fecha se han realizado 70 pruebas contra el coronavirus, de las cuales 25 est\u00e1n\u00a0 pendientes de los resultados, 40 con resultados negativos y solo 5 con resultados positivos, que son los cinco casos que ya se han comunicados.<\/p>\n<p>Impactos: 95<\/p>","protected":false},"excerpt":{"rendered":"<p>Carolina Batista\/Acento.com.do SANTO DOMINGO, Rep\u00fablica Dominicana.- El ministro de Educaci\u00f3n, Antonio Pe\u00f1a Mirabal, anunci\u00f3 que se suspende la docencia en todo el pa\u00eds el<\/p>\n","protected":false},"author":3,"featured_media":5970,"comment_status":"closed","ping_status":"closed","sticky":false,"template":"","format":"standard","meta":[],"categories":[3],"tags":[],"_links":{"self":[{"href":"https:\/\/hormigaradio.com\/index.php?rest_route=\/wp\/v2\/posts\/8866"}],"collection":[{"href":"https:\/\/hormigaradio.com\/index.php?rest_route=\/wp\/v2\/posts"}],"about":[{"href":"https:\/\/hormigaradio.com\/index.php?rest_route=\/wp\/v2\/types\/post"}],"author":[{"embeddable":true,"href":"https:\/\/hormigaradio.com\/index.php?rest_route=\/wp\/v2\/users\/3"}],"replies":[{"embeddable":true,"href":"https:\/\/hormigaradio.com\/index.php?rest_route=%2Fwp%2Fv2%2Fcomments&post=8866"}],"version-history":[{"count":1,"href":"https:\/\/hormigaradio.com\/index.php?rest_route=\/wp\/v2\/posts\/8866\/revisions"}],"predecessor-version":[{"id":8867,"href":"https:\/\/hormigaradio.com\/index.php?rest_route=\/wp\/v2\/posts\/8866\/revisions\/8867"}],"wp:featuredmedia":[{"embeddable":true,"href":"https:\/\/hormigaradio.com\/index.php?rest_route=\/wp\/v2\/media\/5970"}],"wp:attachment":[{"href":"https:\/\/hormigaradio.com\/index.php?rest_route=%2Fwp%2Fv2%2Fmedia&parent=8866"}],"wp:term":[{"taxonomy":"category","embeddable":true,"href":"https:\/\/hormigaradio.com\/index.php?rest_route=%2Fwp%2Fv2%2Fcategories&post=8866"},{"taxonomy":"post_tag","embeddable":true,"href":"https:\/\/hormigaradio.com\/index.php?rest_route=%2Fwp%2Fv2%2Ftags&post=8866"}],"curies":[{"name":"wp","href":"https:\/\/api.w.org\/{rel}","templated":true}]}}