{"id":8895,"date":"2020-03-16T01:49:27","date_gmt":"2020-03-16T01:49:27","guid":{"rendered":"http:\/\/hormigaradio.com\/?p=8895"},"modified":"2020-03-16T01:49:35","modified_gmt":"2020-03-16T01:49:35","slug":"con-el-10-de-los-votos-computados-abel-arriba-por-11-puntos","status":"publish","type":"post","link":"https:\/\/hormigaradio.com\/?p=8895","title":{"rendered":"CON EL 10 %  DE LOS VOTOS COMPUTADOS ABEL ARRIBA POR 11 PUNTOS"},"content":{"rendered":"<p><a href=\"https:\/\/acento.com.do\/author\/mlaureano\/\">M\u00e1ximo Laureano<\/a><\/p>\n<p>SANTIAGO DE LOS CABALLEROS, Rep\u00fablica Dominicana.- Con 11 puntos de diferencia, el candidato por el Partido de la Liberaci\u00f3n Dominicana (PLD), Abel Mart\u00ednez, aventaja al del Partido Revolucionario Moderno, Ulises Rodr\u00edguez, por la Alcald\u00eda de Santiago de los Caballeros.<\/p>\n<p>Mart\u00ednez, quien la ma\u00f1ana de este domingo adelant\u00f3 que obtendr\u00eda la victoria con m\u00e1s de 20 puntos de diferencia, domina 51.21 % a 39.51 %.<\/p>\n<p>En tercera posici\u00f3n, a un distante 5.77 % de los votos, se encuentra el candidato del Partido Reformista Social Cristiano, Rafael \u2013 Papito \u2013 Ulises Cruz.<\/p>\n<p>En el primer bolet\u00edn emitido por la junta, el computo de los votos es del 39.09 %.<\/p>\n<p><a href=\"https:\/\/acento.com.do\/wp-content\/uploads\/Screenshot-2020-03-15-20.45.13.png\" data-slb-active=\"1\" data-slb-asset=\"247198832\" data-slb-internal=\"0\" data-slb-group=\"8794304\"><img loading=\"lazy\" class=\"aligncenter size-full wp-image-8794305\" src=\"https:\/\/acento.com.do\/wp-content\/uploads\/Screenshot-2020-03-15-20.45.13.png\" sizes=\"(max-width: 1366px) 100vw, 1366px\" srcset=\"https:\/\/acento.com.do\/wp-content\/uploads\/Screenshot-2020-03-15-20.45.13.png 1366w, https:\/\/acento.com.do\/wp-content\/uploads\/Screenshot-2020-03-15-20.45.13-250x140.png 250w, https:\/\/acento.com.do\/wp-content\/uploads\/Screenshot-2020-03-15-20.45.13-700x393.png 700w, https:\/\/acento.com.do\/wp-content\/uploads\/Screenshot-2020-03-15-20.45.13-768x432.png 768w, https:\/\/acento.com.do\/wp-content\/uploads\/Screenshot-2020-03-15-20.45.13-120x67.png 120w, https:\/\/acento.com.do\/wp-content\/uploads\/Screenshot-2020-03-15-20.45.13-12x7.png 12w\" alt=\"\" width=\"1366\" height=\"768\" \/><\/a><\/p>\n<p>Impactos: 114<\/p>","protected":false},"excerpt":{"rendered":"<p>M\u00e1ximo Laureano SANTIAGO DE LOS CABALLEROS, Rep\u00fablica Dominicana.- Con 11 puntos de diferencia, el candidato por el Partido de la Liberaci\u00f3n Dominicana (PLD), Abel<\/p>\n","protected":false},"author":3,"featured_media":8477,"comment_status":"closed","ping_status":"closed","sticky":false,"template":"","format":"standard","meta":[],"categories":[6],"tags":[],"_links":{"self":[{"href":"https:\/\/hormigaradio.com\/index.php?rest_route=\/wp\/v2\/posts\/8895"}],"collection":[{"href":"https:\/\/hormigaradio.com\/index.php?rest_route=\/wp\/v2\/posts"}],"about":[{"href":"https:\/\/hormigaradio.com\/index.php?rest_route=\/wp\/v2\/types\/post"}],"author":[{"embeddable":true,"href":"https:\/\/hormigaradio.com\/index.php?rest_route=\/wp\/v2\/users\/3"}],"replies":[{"embeddable":true,"href":"https:\/\/hormigaradio.com\/index.php?rest_route=%2Fwp%2Fv2%2Fcomments&post=8895"}],"version-history":[{"count":1,"href":"https:\/\/hormigaradio.com\/index.php?rest_route=\/wp\/v2\/posts\/8895\/revisions"}],"predecessor-version":[{"id":8896,"href":"https:\/\/hormigaradio.com\/index.php?rest_route=\/wp\/v2\/posts\/8895\/revisions\/8896"}],"wp:featuredmedia":[{"embeddable":true,"href":"https:\/\/hormigaradio.com\/index.php?rest_route=\/wp\/v2\/media\/8477"}],"wp:attachment":[{"href":"https:\/\/hormigaradio.com\/index.php?rest_route=%2Fwp%2Fv2%2Fmedia&parent=8895"}],"wp:term":[{"taxonomy":"category","embeddable":true,"href":"https:\/\/hormigaradio.com\/index.php?rest_route=%2Fwp%2Fv2%2Fcategories&post=8895"},{"taxonomy":"post_tag","embeddable":true,"href":"https:\/\/hormigaradio.com\/index.php?rest_route=%2Fwp%2Fv2%2Ftags&post=8895"}],"curies":[{"name":"wp","href":"https:\/\/api.w.org\/{rel}","templated":true}]}}