{"id":8903,"date":"2020-03-16T19:14:39","date_gmt":"2020-03-16T19:14:39","guid":{"rendered":"http:\/\/hormigaradio.com\/?p=8903"},"modified":"2020-03-16T19:15:05","modified_gmt":"2020-03-16T19:15:05","slug":"coronavirus-mata-una-persona-en-el-pais-confirman-ministerio-salud","status":"publish","type":"post","link":"https:\/\/hormigaradio.com\/?p=8903","title":{"rendered":"CORONAVIRUS MATA UNA PERSONA EN EL PA\u00cdS CONFIRMAN MINISTERIO SALUD"},"content":{"rendered":"<p><a href=\"https:\/\/acento.com.do\/author\/nespejo\/\">Nicole Espejo<\/a><\/p>\n<figure id=\"attachment_8869\" aria-describedby=\"caption-attachment-8869\" style=\"width: 300px\" class=\"wp-caption alignleft\"><img loading=\"lazy\" class=\"wp-image-8869 size-medium\" src=\"http:\/\/hormigaradio.com\/wp-content\/uploads\/2020\/03\/Rafael-Sanchez-Cardenas-300x200.jpg\" alt=\"\" width=\"300\" height=\"200\" srcset=\"https:\/\/hormigaradio.com\/wp-content\/uploads\/2020\/03\/Rafael-Sanchez-Cardenas-300x200.jpg 300w, https:\/\/hormigaradio.com\/wp-content\/uploads\/2020\/03\/Rafael-Sanchez-Cardenas-768x512.jpg 768w, https:\/\/hormigaradio.com\/wp-content\/uploads\/2020\/03\/Rafael-Sanchez-Cardenas-1024x682.jpg 1024w, https:\/\/hormigaradio.com\/wp-content\/uploads\/2020\/03\/Rafael-Sanchez-Cardenas.jpg 1600w\" sizes=\"(max-width: 300px) 100vw, 300px\" \/><figcaption id=\"caption-attachment-8869\" class=\"wp-caption-text\"><em><strong>Rafael C\u00e1rdenas.<\/strong><\/em><\/figcaption><\/figure>\n<p>SANTO DOMINGO, Rep\u00fablica Dominicana. \u2013 El ministro de Salud P\u00fablica, Rafael S\u00e1nchez C\u00e1rdenas y la representante de la Organizaci\u00f3n Mundial de la Salud (OMS) y Organizaci\u00f3n Panamericana de la Salud (OPS), Alba Morales, confirmaron la primera muerte por coronavirus en el pa\u00eds y el primer caso de contagio local.<\/p>\n<p>La persona que muri\u00f3 era una dominicana de 47 a\u00f1os, portadora de VIH y paciente de tuberculosis que lleg\u00f3 desde Espa\u00f1a. Muri\u00f3 en el trayecto hacia el centro m\u00e9dico.<\/p>\n<p>Estas informaciones indican que el virus entr\u00f3 en la tercera etapa en el pa\u00eds, caracterizada por el contagio de uno a uno o transmisi\u00f3n local, ya que hasta el d\u00eda de ayer las informaciones mostraban que los afectados eran extranjeros o dominicanos provenientes del extranjero.<\/p>\n<p>Una vez que ofrecieron los datos, se les cuestion\u00f3 si en el pa\u00eds se tomar\u00e1 como medida de contenci\u00f3n la emergencia sanitaria o cuarentena. \u201cSe comienza a considerar desde que se confirma el caso de transmisi\u00f3n local\u201d, dijo Morales, y adjudic\u00f3 la responsabilidad de tomar la decisi\u00f3n a las autoridades sanitarias.<\/p>\n<p>Ante esto, en los pr\u00f3ximos d\u00edas se espera que las autoridades preparen medidas adicionales para la contenci\u00f3n del virus.<\/p>\n<p>El caso de contagio local proviene de contacto con la se\u00f1ora Oraida Herrera D\u00edaz, que lleg\u00f3 al pa\u00eds desde Italia y estuvo en aislamiento en su hogar al llegar al pa\u00eds, ubicado en Villa Rivas. Se trata de una vecina que present\u00f3 s\u00edntomas y result\u00f3 positiva en la prueba.<\/p>\n<p>En una rueda de prensa, informaron que la cantidad de contagiados por el coronavirus en el pa\u00eds aument\u00f3 a 21 personas que dieron positivo en las pruebas, mientras que hay 25 pruebas en curso y \u201cciento y pico\u201d en observaci\u00f3n.<\/p>\n<p>De las personas en observaci\u00f3n \u201cmuchas\u201d, est\u00e1n vinculadas al barco Costa Fabulosa, que estuvo en puerto dominicano, seg\u00fan explic\u00f3 C\u00e1rdenas.<\/p>\n<p>Ambos hicieron un llamado a la poblaci\u00f3n para hacer un ejercicio responsable de la ciudadan\u00eda ante el desarrollo de la pandemia.<\/p>\n<p>Con datos de EFE y servicios propios de Acento.coimdo<\/p>\n<p>Impactos: 84<\/p>","protected":false},"excerpt":{"rendered":"<p>Nicole Espejo SANTO DOMINGO, Rep\u00fablica Dominicana. \u2013 El ministro de Salud P\u00fablica, Rafael S\u00e1nchez C\u00e1rdenas y la representante de la Organizaci\u00f3n Mundial de la<\/p>\n","protected":false},"author":3,"featured_media":8869,"comment_status":"closed","ping_status":"closed","sticky":false,"template":"","format":"standard","meta":[],"categories":[3],"tags":[],"_links":{"self":[{"href":"https:\/\/hormigaradio.com\/index.php?rest_route=\/wp\/v2\/posts\/8903"}],"collection":[{"href":"https:\/\/hormigaradio.com\/index.php?rest_route=\/wp\/v2\/posts"}],"about":[{"href":"https:\/\/hormigaradio.com\/index.php?rest_route=\/wp\/v2\/types\/post"}],"author":[{"embeddable":true,"href":"https:\/\/hormigaradio.com\/index.php?rest_route=\/wp\/v2\/users\/3"}],"replies":[{"embeddable":true,"href":"https:\/\/hormigaradio.com\/index.php?rest_route=%2Fwp%2Fv2%2Fcomments&post=8903"}],"version-history":[{"count":1,"href":"https:\/\/hormigaradio.com\/index.php?rest_route=\/wp\/v2\/posts\/8903\/revisions"}],"predecessor-version":[{"id":8904,"href":"https:\/\/hormigaradio.com\/index.php?rest_route=\/wp\/v2\/posts\/8903\/revisions\/8904"}],"wp:featuredmedia":[{"embeddable":true,"href":"https:\/\/hormigaradio.com\/index.php?rest_route=\/wp\/v2\/media\/8869"}],"wp:attachment":[{"href":"https:\/\/hormigaradio.com\/index.php?rest_route=%2Fwp%2Fv2%2Fmedia&parent=8903"}],"wp:term":[{"taxonomy":"category","embeddable":true,"href":"https:\/\/hormigaradio.com\/index.php?rest_route=%2Fwp%2Fv2%2Fcategories&post=8903"},{"taxonomy":"post_tag","embeddable":true,"href":"https:\/\/hormigaradio.com\/index.php?rest_route=%2Fwp%2Fv2%2Ftags&post=8903"}],"curies":[{"name":"wp","href":"https:\/\/api.w.org\/{rel}","templated":true}]}}