{"id":8943,"date":"2020-03-17T13:42:35","date_gmt":"2020-03-17T13:42:35","guid":{"rendered":"http:\/\/hormigaradio.com\/?p=8943"},"modified":"2020-03-17T13:52:23","modified_gmt":"2020-03-17T13:52:23","slug":"pld-y-prm-bailaron-pegados-en-elecciones-municipales-de-santiago","status":"publish","type":"post","link":"https:\/\/hormigaradio.com\/?p=8943","title":{"rendered":"PLD Y PRM BAILARON PEGADOS EN ELECCIONES MUNICIPALES DE SANTIAGO"},"content":{"rendered":"<p><a href=\"https:\/\/acento.com.do\/author\/mlaureano\/\">M\u00e1ximo Laureano<\/a><\/p>\n<p>&nbsp;<\/p>\n<figure id=\"attachment_8946\" aria-describedby=\"caption-attachment-8946\" style=\"width: 715px\" class=\"wp-caption aligncenter\"><img loading=\"lazy\" class=\"wp-image-8946 size-large\" src=\"http:\/\/hormigaradio.com\/wp-content\/uploads\/2020\/03\/DSC_0159-1024x683.jpg\" alt=\"\" width=\"715\" height=\"477\" srcset=\"https:\/\/hormigaradio.com\/wp-content\/uploads\/2020\/03\/DSC_0159-1024x683.jpg 1024w, https:\/\/hormigaradio.com\/wp-content\/uploads\/2020\/03\/DSC_0159-300x200.jpg 300w, https:\/\/hormigaradio.com\/wp-content\/uploads\/2020\/03\/DSC_0159-768x512.jpg 768w\" sizes=\"(max-width: 715px) 100vw, 715px\" \/><figcaption id=\"caption-attachment-8946\" class=\"wp-caption-text\"><strong>Entrega de valijas en la Junta Electoral de Santiago.<\/strong><\/figcaption><\/figure>\n<p>SANTIAGO, Rep\u00fablica Dominicana.-El conteo final para la provincia de Santiago, de la Junta Central Electoral (JCE), otorga\u00a0 cinco alcald\u00edas al Partido de la Liberaci\u00f3n Dominicana (PLD), cuatro al Partido Revolucionario Moderno (PRM) y una para el Partido Reformista Social Cristiano (PRSC).<\/p>\n<p>No obstante, el triunfo en Tamboril a favor del PLD est\u00e1 pendiente de una revisi\u00f3n de los votos considerados nulos en primera instancia, porque el margen entre los competidores es casi inexistente.<\/p>\n<p>Tambi\u00e9n en Villa Bison\u00f3 (Navarrte), donde habr\u00eda ganado Tito Bueno, del PRM,\u00a0 ha habido un reconteo de los votos.<\/p>\n<p>En Santiago como municipio cabecera de la provincia, el PLD y su candidato Abel Atahualpa Mart\u00ednez Dur\u00e1n, sumaron 73, 677 votos, equivalente a un 49.62% de los votos v\u00e1lidos emitidos; Ulises Rodr\u00edguez, del PRM, sum\u00f3 56,983 votos, para un 38.38%,\u00a0 el reformista \u00a0Rafael Ulises Cruz Rodr\u00edguez (Papito Cruz) se qued\u00f3 con el tercer lugar con un 7, 845 votos, un 5.28%; mientras que Gilberto Serulle, del Partido Revolucionario Dominicano (PRD) solo alcanz\u00f3 5, 805 votos, es decir, un 3.91%.<\/p>\n<p>Alianza Pa\u00eds, que llev\u00f3 en su boleta al joven Delvis Salgado, sum\u00f3 1, 872 votos, para un 1, 25 %, los \u00a0dem\u00e1s competidores no alcanzaron votos suficientes para el 1 %.<\/p>\n<figure id=\"attachment_8794772\" class=\"wp-caption aligncenter\" aria-describedby=\"caption-attachment-8794772\"><img loading=\"lazy\" class=\"wp-image-8794772 size-full\" src=\"https:\/\/acento.com.do\/wp-content\/uploads\/Elecciones-2020-en-Santiago-de-los-Caballeros-2.jpg\" sizes=\"(max-width: 4496px) 100vw, 4496px\" srcset=\"https:\/\/acento.com.do\/wp-content\/uploads\/Elecciones-2020-en-Santiago-de-los-Caballeros-2.jpg 4496w, https:\/\/acento.com.do\/wp-content\/uploads\/Elecciones-2020-en-Santiago-de-los-Caballeros-2-250x166.jpg 250w, https:\/\/acento.com.do\/wp-content\/uploads\/Elecciones-2020-en-Santiago-de-los-Caballeros-2-700x467.jpg 700w, https:\/\/acento.com.do\/wp-content\/uploads\/Elecciones-2020-en-Santiago-de-los-Caballeros-2-768x512.jpg 768w, https:\/\/acento.com.do\/wp-content\/uploads\/Elecciones-2020-en-Santiago-de-los-Caballeros-2-1536x1025.jpg 1536w, https:\/\/acento.com.do\/wp-content\/uploads\/Elecciones-2020-en-Santiago-de-los-Caballeros-2-2048x1367.jpg 2048w, https:\/\/acento.com.do\/wp-content\/uploads\/Elecciones-2020-en-Santiago-de-los-Caballeros-2-120x80.jpg 120w, https:\/\/acento.com.do\/wp-content\/uploads\/Elecciones-2020-en-Santiago-de-los-Caballeros-2-12x8.jpg 12w\" alt=\"Un ciudadano ejerce el voto el 15 de marzo.\" width=\"4496\" height=\"3000\" \/><figcaption id=\"caption-attachment-8794772\" class=\"wp-caption-text\">Un ciudadano ejerce el voto el 15 de marzo.<\/figcaption><\/figure>\n<p>El partido oficial, PLD, se qued\u00f3 con cinco de los 10 municipios, Santiago (reelecto), Tamboril (reelecto), J\u00e1nico (reelecto), Sabana Iglesia (repite PLD, con otro candidato), Licey al Medio (reelecto).<\/p>\n<p>El PRM se queda con Baitoa (reelecto), Villa Gonz\u00e1lez (reelecto), Navarrete (reelecto), Pu\u00f1al (gana por primera vez).<\/p>\n<p>En San Jos\u00e9 de las Matas,\u00a0 el PRSC, destron\u00f3 al PLD, que llevaba al menos\u00a0 cuatro per\u00edodos\u00a0 ganando esa plaza.<\/p>\n<p>El PLD\u00a0 habr\u00eda ganado la mitad de las juntas distritales, es decir, ocho de 16, en toda la provincia. Seg\u00fan datos del partido,\u00a0 gan\u00f3 en Palmar Arriba, El Lim\u00f3n de Villa Gonz\u00e1lez, Pedro Garc\u00eda, Canca la Piedra, Hato del Yaque, Juncalito, El Caimito-J\u00e1nico y Las Placetas, esta \u00faltima demarcaci\u00f3n estaba en manos de Alianza Pa\u00eds.<\/p>\n<p>El PRM gan\u00f3 Guayabal, Santiago Oeste (Cienfuegos) San Francisco de Jacagua, El Rubio, La Cuesta,\u00a0 Canabacoa y La Canela. En este \u00faltimo poblado el exdiputado\u00a0 reformista Marino Collante supuestamente orden\u00f3 a los empleados p\u00fablicos votar por el candidato del PLD, Jos\u00e9 Bueno.<\/p>\n<p>En la Paloma, que pertenece al municipio de Licey al Medio,\u00a0 habr\u00eda ganado la Fuerza del Pueblo, que lidera el ex presidente Leonel Fern\u00e1ndez Reyna.<\/p>\n<p><strong>Alcald\u00edas.<\/strong><\/p>\n<p>PLD\u2026\u2026\u2026\u2026\u2026\u2026.05<\/p>\n<p>PRM\u2026\u2026\u2026\u2026..04<\/p>\n<p>PRSC\u2026\u2026\u2026\u2026\u2026..01<\/p>\n<p><strong>Distritos Municipales.<\/strong><\/p>\n<p>PLD\u2026\u2026\u2026\u2026\u2026\u2026.08<\/p>\n<p>PRM\u2026\u2026\u2026\u2026\u2026\u2026.07<\/p>\n<p>FP\u2026\u2026\u2026\u2026\u2026\u2026\u2026.01<\/p>\n<figure id=\"attachment_8794773\" class=\"wp-caption aligncenter\" aria-describedby=\"caption-attachment-8794773\"><img loading=\"lazy\" class=\"wp-image-8794773 size-full\" src=\"https:\/\/acento.com.do\/wp-content\/uploads\/Elecciones-2020-en-Santiago-de-los-Caballeros-3.jpg\" sizes=\"(max-width: 4496px) 100vw, 4496px\" srcset=\"https:\/\/acento.com.do\/wp-content\/uploads\/Elecciones-2020-en-Santiago-de-los-Caballeros-3.jpg 4496w, https:\/\/acento.com.do\/wp-content\/uploads\/Elecciones-2020-en-Santiago-de-los-Caballeros-3-250x166.jpg 250w, https:\/\/acento.com.do\/wp-content\/uploads\/Elecciones-2020-en-Santiago-de-los-Caballeros-3-700x467.jpg 700w, https:\/\/acento.com.do\/wp-content\/uploads\/Elecciones-2020-en-Santiago-de-los-Caballeros-3-768x512.jpg 768w, https:\/\/acento.com.do\/wp-content\/uploads\/Elecciones-2020-en-Santiago-de-los-Caballeros-3-1536x1025.jpg 1536w, https:\/\/acento.com.do\/wp-content\/uploads\/Elecciones-2020-en-Santiago-de-los-Caballeros-3-2048x1367.jpg 2048w, https:\/\/acento.com.do\/wp-content\/uploads\/Elecciones-2020-en-Santiago-de-los-Caballeros-3-120x80.jpg 120w, https:\/\/acento.com.do\/wp-content\/uploads\/Elecciones-2020-en-Santiago-de-los-Caballeros-3-12x8.jpg 12w\" alt=\"Un ciudadano ejerce el voto asistido por un pariente y por un representante de la JCE.\" width=\"4496\" height=\"3000\" \/><figcaption id=\"caption-attachment-8794773\" class=\"wp-caption-text\">Un ciudadano ejerce el voto asistido por un pariente y por un representante de la JCE.<\/figcaption><\/figure>\n<p>Impactos: 97<\/p>","protected":false},"excerpt":{"rendered":"<p>M\u00e1ximo Laureano &nbsp; SANTIAGO, Rep\u00fablica Dominicana.-El conteo final para la provincia de Santiago, de la Junta Central Electoral (JCE), otorga\u00a0 cinco alcald\u00edas al Partido<\/p>\n","protected":false},"author":3,"featured_media":8947,"comment_status":"closed","ping_status":"closed","sticky":false,"template":"","format":"standard","meta":[],"categories":[6],"tags":[],"_links":{"self":[{"href":"https:\/\/hormigaradio.com\/index.php?rest_route=\/wp\/v2\/posts\/8943"}],"collection":[{"href":"https:\/\/hormigaradio.com\/index.php?rest_route=\/wp\/v2\/posts"}],"about":[{"href":"https:\/\/hormigaradio.com\/index.php?rest_route=\/wp\/v2\/types\/post"}],"author":[{"embeddable":true,"href":"https:\/\/hormigaradio.com\/index.php?rest_route=\/wp\/v2\/users\/3"}],"replies":[{"embeddable":true,"href":"https:\/\/hormigaradio.com\/index.php?rest_route=%2Fwp%2Fv2%2Fcomments&post=8943"}],"version-history":[{"count":3,"href":"https:\/\/hormigaradio.com\/index.php?rest_route=\/wp\/v2\/posts\/8943\/revisions"}],"predecessor-version":[{"id":8948,"href":"https:\/\/hormigaradio.com\/index.php?rest_route=\/wp\/v2\/posts\/8943\/revisions\/8948"}],"wp:featuredmedia":[{"embeddable":true,"href":"https:\/\/hormigaradio.com\/index.php?rest_route=\/wp\/v2\/media\/8947"}],"wp:attachment":[{"href":"https:\/\/hormigaradio.com\/index.php?rest_route=%2Fwp%2Fv2%2Fmedia&parent=8943"}],"wp:term":[{"taxonomy":"category","embeddable":true,"href":"https:\/\/hormigaradio.com\/index.php?rest_route=%2Fwp%2Fv2%2Fcategories&post=8943"},{"taxonomy":"post_tag","embeddable":true,"href":"https:\/\/hormigaradio.com\/index.php?rest_route=%2Fwp%2Fv2%2Ftags&post=8943"}],"curies":[{"name":"wp","href":"https:\/\/api.w.org\/{rel}","templated":true}]}}