{"id":8989,"date":"2020-03-19T20:12:41","date_gmt":"2020-03-19T20:12:41","guid":{"rendered":"http:\/\/hormigaradio.com\/?p=8989"},"modified":"2020-03-19T20:25:38","modified_gmt":"2020-03-19T20:25:38","slug":"santiago-se-adelanta-llamado-cuarentena-negocios-cerrados-centro-de-la-ciudad","status":"publish","type":"post","link":"https:\/\/hormigaradio.com\/?p=8989","title":{"rendered":"SANTIAGO SE ADELANTA LLAMADO CUARENTENA; NEGOCIOS CERRADOS CENTRO DE LA CIUDAD"},"content":{"rendered":"<p><a href=\"https:\/\/acento.com.do\/author\/mlaureano\/\">M\u00e1ximo Laureano<\/a><\/p>\n<figure id=\"attachment_8992\" aria-describedby=\"caption-attachment-8992\" style=\"width: 715px\" class=\"wp-caption aligncenter\"><img loading=\"lazy\" class=\"wp-image-8992 size-large\" src=\"http:\/\/hormigaradio.com\/wp-content\/uploads\/2020\/03\/WhatsApp-Image-2020-03-19-at-11.46.47-AM-1024x768.jpeg\" alt=\"\" width=\"715\" height=\"536\" srcset=\"https:\/\/hormigaradio.com\/wp-content\/uploads\/2020\/03\/WhatsApp-Image-2020-03-19-at-11.46.47-AM-1024x768.jpeg 1024w, https:\/\/hormigaradio.com\/wp-content\/uploads\/2020\/03\/WhatsApp-Image-2020-03-19-at-11.46.47-AM-300x225.jpeg 300w, https:\/\/hormigaradio.com\/wp-content\/uploads\/2020\/03\/WhatsApp-Image-2020-03-19-at-11.46.47-AM-768x576.jpeg 768w, https:\/\/hormigaradio.com\/wp-content\/uploads\/2020\/03\/WhatsApp-Image-2020-03-19-at-11.46.47-AM.jpeg 1040w\" sizes=\"(max-width: 715px) 100vw, 715px\" \/><figcaption id=\"caption-attachment-8992\" class=\"wp-caption-text\"><em><strong>Calle 30 de marzo con Restauraci\u00f3n. Fotos Evelin Valdez.<\/strong><\/em><\/figcaption><\/figure>\n<p>SANTIAGO DE LOS CABALLEROS, Rep\u00fablica Dominicana.- Los llamados a la autoconvocatoria dan resultados. La ruta G de trasporte de pasajeros, desde el \u00e1rea urbana hasta los sectores de Gurabo, est\u00e1 suspendida, los pastores han sugerido hacer los cultos en las casas y difundirlos por redes sociales, mientras que las visitas a las instituciones bancarias son m\u00edminas.<\/p>\n<p>No hay declaratoria de cuarentena obligatoria, pero parece que s\u00ed la hubiera por algunas de las situaciones registradas este jueves en Santiago de los Caballeros, donde la gente ha empezado a tomar precauciones ante el peligro de contagio con coronavirus.<\/p>\n<p>En todo el pa\u00eds este virus se ha cobrado dos vidas y ya hay 34 casos cofirmados, seg\u00fan ha dicho el ministro de Salud, Rafael S\u00e1nchez C\u00e1rdenas.<\/p>\n<p>En Santiago se ha detectado un par de casos sospechosos, uno de un ciudadano espa\u00f1ol que habr\u00eda llegado a Rep\u00fablica Dominicana desde su pa\u00eds de origen y que ya fue trasladado a Santo Domingo, lo mismo un segundo de quien no se obtuvo mucho detalle.<\/p>\n<figure id=\"attachment_8795842\" class=\"wp-caption alignleft\" aria-describedby=\"caption-attachment-8795842\"><img loading=\"lazy\" class=\"wp-image-8795842 size-medium\" src=\"https:\/\/acento.com.do\/wp-content\/uploads\/stgo-CALLE-DEL-SOL-con-San-Luis-250x187.jpg\" sizes=\"(max-width: 250px) 100vw, 250px\" srcset=\"https:\/\/acento.com.do\/wp-content\/uploads\/stgo-CALLE-DEL-SOL-con-San-Luis-250x187.jpg 250w, https:\/\/acento.com.do\/wp-content\/uploads\/stgo-CALLE-DEL-SOL-con-San-Luis-700x525.jpg 700w, https:\/\/acento.com.do\/wp-content\/uploads\/stgo-CALLE-DEL-SOL-con-San-Luis-768x576.jpg 768w, https:\/\/acento.com.do\/wp-content\/uploads\/stgo-CALLE-DEL-SOL-con-San-Luis-120x90.jpg 120w, https:\/\/acento.com.do\/wp-content\/uploads\/stgo-CALLE-DEL-SOL-con-San-Luis-12x9.jpg 12w, https:\/\/acento.com.do\/wp-content\/uploads\/stgo-CALLE-DEL-SOL-con-San-Luis.jpg 1040w\" alt=\"\" width=\"250\" height=\"187\" \/><figcaption id=\"caption-attachment-8795842\" class=\"wp-caption-text\"><em><strong>Calle Del Sol, con San Luis.<\/strong><\/em><\/figcaption><\/figure>\n<p>En el centro urbano, el llamado Centro Hist\u00f3rico de Santiago, el tr\u00e1nsito veh\u00edcular llega apenas al 5% en relaci\u00f3n a d\u00edas de labores habituales. Adem\u00e1s, pocos negocios han abierto sus puertas.<\/p>\n<p>En el mercado del Hospedaje Yaque, principal plaza en Santiago para la distribuci\u00f3n de productos agropecuarios y de almacenes de proviones, se constat\u00f3 que est\u00e1 funcionando con un 50%\u00a0 de la afuencia\u00a0 de p\u00fablico que suele tener.<\/p>\n<p><img loading=\"lazy\" class=\"size-medium wp-image-8795843 alignright\" src=\"https:\/\/acento.com.do\/wp-content\/uploads\/s5tgo-banco-250x187.jpg\" sizes=\"(max-width: 250px) 100vw, 250px\" srcset=\"https:\/\/acento.com.do\/wp-content\/uploads\/s5tgo-banco-250x187.jpg 250w, https:\/\/acento.com.do\/wp-content\/uploads\/s5tgo-banco-700x525.jpg 700w, https:\/\/acento.com.do\/wp-content\/uploads\/s5tgo-banco-768x576.jpg 768w, https:\/\/acento.com.do\/wp-content\/uploads\/s5tgo-banco-120x90.jpg 120w, https:\/\/acento.com.do\/wp-content\/uploads\/s5tgo-banco-12x9.jpg 12w, https:\/\/acento.com.do\/wp-content\/uploads\/s5tgo-banco.jpg 1040w\" alt=\"\" width=\"250\" height=\"187\" \/><\/p>\n<p>En las calles se ha visto a personas con mascarillas puestas, mientras que en los supermercados sigue la afluencia de personas que acuden para abastecerse, previendo que se puede presentar una declaratoria ofical de cuarentena por parte del Gobierno.<\/p>\n<figure id=\"attachment_8795849\" class=\"wp-caption alignleft\" aria-describedby=\"caption-attachment-8795849\"><img loading=\"lazy\" class=\"wp-image-8795849 size-medium\" src=\"https:\/\/acento.com.do\/wp-content\/uploads\/STGO-calle-RESTAURACI%C3%93N-CON-30-de-marzo-250x187.jpg\" sizes=\"(max-width: 250px) 100vw, 250px\" srcset=\"https:\/\/acento.com.do\/wp-content\/uploads\/STGO-calle-RESTAURACI\u00d3N-CON-30-de-marzo-250x187.jpg 250w, https:\/\/acento.com.do\/wp-content\/uploads\/STGO-calle-RESTAURACI\u00d3N-CON-30-de-marzo-700x525.jpg 700w, https:\/\/acento.com.do\/wp-content\/uploads\/STGO-calle-RESTAURACI\u00d3N-CON-30-de-marzo-768x576.jpg 768w, https:\/\/acento.com.do\/wp-content\/uploads\/STGO-calle-RESTAURACI\u00d3N-CON-30-de-marzo-120x90.jpg 120w, https:\/\/acento.com.do\/wp-content\/uploads\/STGO-calle-RESTAURACI\u00d3N-CON-30-de-marzo-12x9.jpg 12w, https:\/\/acento.com.do\/wp-content\/uploads\/STGO-calle-RESTAURACI\u00d3N-CON-30-de-marzo.jpg 1040w\" alt=\"\" width=\"250\" height=\"187\" \/><figcaption id=\"caption-attachment-8795849\" class=\"wp-caption-text\">Calle Restauraci\u00f3n con calle Mella<\/figcaption><\/figure>\n<p>En primera instancia, el Gobierno opt\u00f3 por pedir poderes especiales al Congreso para un per\u00edodo de excepci\u00f3n y emiti\u00f3 una larga lista de medidas preventivas.<\/p>\n<p>La propuesta del Gobierno fue aprobado este mi\u00e9rcoles por el Senado de la Rep\u00fablica Dominicana y est\u00e1 pendiente ahora de la decisi\u00f3n de la C\u00e1mara de Diputados.<\/p>\n<p>Impactos: 104<\/p>","protected":false},"excerpt":{"rendered":"<p>M\u00e1ximo Laureano SANTIAGO DE LOS CABALLEROS, Rep\u00fablica Dominicana.- Los llamados a la autoconvocatoria dan resultados. La ruta G de trasporte de pasajeros, desde el<\/p>\n","protected":false},"author":3,"featured_media":8990,"comment_status":"closed","ping_status":"closed","sticky":false,"template":"","format":"standard","meta":[],"categories":[3],"tags":[],"_links":{"self":[{"href":"https:\/\/hormigaradio.com\/index.php?rest_route=\/wp\/v2\/posts\/8989"}],"collection":[{"href":"https:\/\/hormigaradio.com\/index.php?rest_route=\/wp\/v2\/posts"}],"about":[{"href":"https:\/\/hormigaradio.com\/index.php?rest_route=\/wp\/v2\/types\/post"}],"author":[{"embeddable":true,"href":"https:\/\/hormigaradio.com\/index.php?rest_route=\/wp\/v2\/users\/3"}],"replies":[{"embeddable":true,"href":"https:\/\/hormigaradio.com\/index.php?rest_route=%2Fwp%2Fv2%2Fcomments&post=8989"}],"version-history":[{"count":4,"href":"https:\/\/hormigaradio.com\/index.php?rest_route=\/wp\/v2\/posts\/8989\/revisions"}],"predecessor-version":[{"id":8995,"href":"https:\/\/hormigaradio.com\/index.php?rest_route=\/wp\/v2\/posts\/8989\/revisions\/8995"}],"wp:featuredmedia":[{"embeddable":true,"href":"https:\/\/hormigaradio.com\/index.php?rest_route=\/wp\/v2\/media\/8990"}],"wp:attachment":[{"href":"https:\/\/hormigaradio.com\/index.php?rest_route=%2Fwp%2Fv2%2Fmedia&parent=8989"}],"wp:term":[{"taxonomy":"category","embeddable":true,"href":"https:\/\/hormigaradio.com\/index.php?rest_route=%2Fwp%2Fv2%2Fcategories&post=8989"},{"taxonomy":"post_tag","embeddable":true,"href":"https:\/\/hormigaradio.com\/index.php?rest_route=%2Fwp%2Fv2%2Ftags&post=8989"}],"curies":[{"name":"wp","href":"https:\/\/api.w.org\/{rel}","templated":true}]}}