{"id":9003,"date":"2020-03-19T21:53:44","date_gmt":"2020-03-19T21:53:44","guid":{"rendered":"http:\/\/hormigaradio.com\/?p=9003"},"modified":"2020-03-19T21:53:44","modified_gmt":"2020-03-19T21:53:44","slug":"invertir-la-piramide-de-la-movilidad-urbana-una-solucion-al-transito-debate-expertos","status":"publish","type":"post","link":"https:\/\/hormigaradio.com\/?p=9003","title":{"rendered":"INVERTIR LA PIR\u00c1MIDE DE LA MOVILIDAD URBANA, UNA SOLUCI\u00d3N AL TR\u00c1NSITO (Debate expertos)"},"content":{"rendered":"<p><strong>Firma invitada\/Hormiga Radio Group.<\/strong><\/p>\n<figure id=\"attachment_9004\" aria-describedby=\"caption-attachment-9004\" style=\"width: 715px\" class=\"wp-caption aligncenter\"><img loading=\"lazy\" class=\"wp-image-9004 size-large\" src=\"http:\/\/hormigaradio.com\/wp-content\/uploads\/2020\/03\/WhatsApp-Image-2020-03-19-at-6.43.29-PM-1024x683.jpeg\" alt=\"\" width=\"715\" height=\"477\" srcset=\"https:\/\/hormigaradio.com\/wp-content\/uploads\/2020\/03\/WhatsApp-Image-2020-03-19-at-6.43.29-PM-1024x683.jpeg 1024w, https:\/\/hormigaradio.com\/wp-content\/uploads\/2020\/03\/WhatsApp-Image-2020-03-19-at-6.43.29-PM-300x200.jpeg 300w, https:\/\/hormigaradio.com\/wp-content\/uploads\/2020\/03\/WhatsApp-Image-2020-03-19-at-6.43.29-PM-768x512.jpeg 768w, https:\/\/hormigaradio.com\/wp-content\/uploads\/2020\/03\/WhatsApp-Image-2020-03-19-at-6.43.29-PM.jpeg 1280w\" sizes=\"(max-width: 715px) 100vw, 715px\" \/><figcaption id=\"caption-attachment-9004\" class=\"wp-caption-text\"><em><strong>Personal del Consejo para el Desarrollo Estrat\u00e9gico de Santiago (CDES, Tr\u00e1nsito y la PUCMM.<\/strong><\/em><\/figcaption><\/figure>\n<p><span lang=\"ES-DO\">Invertir la pir\u00e1mide de la movilidad urbana permitir\u00e1 encontrar soluciones colectivas a problemas colectivos; principal conclusi\u00f3n a la que se lleg\u00f3 en las sesiones de debate que se llevaron a cabo en el primer Foro de Movilidad Sostenible que organiz\u00f3\u00a0<a name=\"m_-659320906449209138_m_-7572993778234533496_m_-43176332900855260_m_-8622658336701636362_m_-5773441820423322908_m_6922431352373175064_m_-2910889779123778276__Hlk34231092\"><\/a>Domino&#8217;s\u00a0en coordinaci\u00f3n con la Pontificia Universidad Cat\u00f3lica Madre y Maestra (PUCMM), en su sede de Santiago.<\/span><\/p>\n<p><span lang=\"ES-DO\">El primer panel debati\u00f3 sobre el concepto de la pir\u00e1mide invertida de la movilidad urbana, que se fundamenta en la premisa de poner al peat\u00f3n en el tope de la pir\u00e1mide como prioridad, y en la necesidad de ofrecer facilidades de movilidad para beneficiar, en primer orden, a los ciudadanos que transitan a pie, y entre \u00e9stos, los m\u00e1s vulnerables. En orden descendiente, propone ofrecer facilidades a los ciclistas, el transporte p\u00fablico, el transporte de carga y finalmente los veh\u00edculos privados. Esta visi\u00f3n adem\u00e1s es la forma en que menos se impacta en el medio ambiente.<\/span><\/p>\n<p><span lang=\"ES-DO\">Hacer esta iniciativa solo es posible con la participaci\u00f3n y el compromiso de todos: las autoridades de gobierno, el sector empresarial y la sociedad civil, indic\u00f3\u00a0 Lu\u00eds Francisco Rodr\u00edguez, gerente de Domino&#8217;s Rep\u00fablica Dominicana, en su intervenci\u00f3n y agreg\u00f3 \u201chay que empezar a buscar soluciones que quiz\u00e1s pueden no ser las m\u00e1s c\u00f3modas a corto plazo, pero son las que nos permitir\u00e1n hacer cambios en la forma en que abordamos los problemas colectivos que nos afectan, como es el caso del transporte y el tr\u00e1fico\u201d.<\/span><\/p>\n<p><b><span lang=\"ES-DO\">El transporte p\u00fablico, una soluci\u00f3n colectiva a un problema colectivo<\/span><\/b><\/p>\n<p><span lang=\"ES-DO\">Otro tema tratado durante la actividad fue el Proyecto DATUM, una iniciativa de PUCMM, en coordinaci\u00f3n con otras universidades<\/span><span lang=\"ES\">, que logr\u00f3 la digitalizaci\u00f3n total del 100% de las rutas de transporte colectivo de la ciudad de Santiago, lo que representa el registro fotogr\u00e1fico de un per\u00edmetro de 80 kil\u00f3metros.<\/span><\/p>\n<p><span lang=\"ES\">Daritza Nicodemo, directora del Centro de Estudios Urbanos y Regionales de la PUCMM, quien estuvo a cargo de exponer la experiencia de DATUM indic\u00f3 que \u201cla participaci\u00f3n ciudadana represent\u00f3 una forma innovadora en la que logramos que los habitantes de la ciudad pudieran integrarse en la planificaci\u00f3n de las pol\u00edticas p\u00fablicas\u201d.<\/span><\/p>\n<p><span lang=\"ES\">Por su parte, Reynaldo Peguero, director del Plan Estrat\u00e9gico Santiago 2030 revel\u00f3 que el plan de transporte colectivo propone, a trav\u00e9s de una alianza p\u00fablico-privada, la integraci\u00f3n de una flota de 339 autobuses h\u00edbridos urbanos con capacidades para 84 y 90 pasajeros, en una ruta que contemplar\u00e1 356 paradas ubicadas en puntos estrat\u00e9gicos.<\/span><\/p>\n<p><b><span lang=\"ES-DO\">Movilidad el\u00e9ctrica, la alternativa que garantiza la movilidad sostenible.\u00a0<\/span><\/b><\/p>\n<p><a name=\"m_-659320906449209138_m_-7572993778234533496_m_-43176332900855260_m_-8622658336701636362_m_-5773441820423322908_m_6922431352373175064_m_-2910889779123778276__Hlk34232965\"><\/a><span lang=\"ES\">En un \u00faltimo panel, Charles S\u00e1nchez, presidente de la Asociaci\u00f3n de Movilidad El\u00e9ctrica Dominicana (Asomoedo)\u00a0<\/span><span lang=\"ES\">expuso sobre los avances que ha logrado el pa\u00eds en la transici\u00f3n hacia un sistema de transporte, como las bicicletas y motores el\u00e9ctricos, que garanticen cero emisiones, generando menos impacto en el medio ambiente.<\/span><\/p>\n<p><span lang=\"ES\">\u201cPara diciembre de 2019 ya en el pa\u00eds ten\u00edamos 1,327 autos el\u00e9ctricos, lo que posiciona a Rep\u00fablica Dominicana como el cuarto pa\u00eds de Am\u00e9rica Latina en materia de movilidad el\u00e9ctrica\u201d, agreg\u00f3 S\u00e1nchez, al referirse a lo que ha logrado el pa\u00eds luego de la implementaci\u00f3n de la Ley 103-13 sobre el Incentivo a la Importaci\u00f3n de Veh\u00edculos de Energ\u00eda no Convencional.<\/span><\/p>\n<p><span lang=\"ES\">Luis Francisco Rodr\u00edguez present\u00f3 la experiencia de\u00a0<\/span><span lang=\"ES-DO\">Domino&#8217;s<\/span><span lang=\"ES-DO\">\u00a0<\/span><span lang=\"ES\">con la implementaci\u00f3n de la movilidad el\u00e9ctrica como parte de su estrategia de sostenibilidad y Edwin Alberto Mart\u00ednez, director ejecutivo y fundador de Celeste Mobility Group, habl\u00f3 sobre el innovador modelo de negocio que ha puesto en marcha al ofrecer alternativas de transporte ecol\u00f3gico para que el sector de la mensajer\u00eda pueda contribuir con la movilidad sostenible.\u00a0<\/span><\/p>\n<p><strong>\u00a0Agradecimientos a Pamely Hern\u00e1ndez.<\/strong><\/p>\n<p>Impactos: 132<\/p>","protected":false},"excerpt":{"rendered":"<p>Firma invitada\/Hormiga Radio Group. Invertir la pir\u00e1mide de la movilidad urbana permitir\u00e1 encontrar soluciones colectivas a problemas colectivos; principal conclusi\u00f3n a la que se<\/p>\n","protected":false},"author":3,"featured_media":9005,"comment_status":"closed","ping_status":"closed","sticky":false,"template":"","format":"standard","meta":[],"categories":[3],"tags":[],"_links":{"self":[{"href":"https:\/\/hormigaradio.com\/index.php?rest_route=\/wp\/v2\/posts\/9003"}],"collection":[{"href":"https:\/\/hormigaradio.com\/index.php?rest_route=\/wp\/v2\/posts"}],"about":[{"href":"https:\/\/hormigaradio.com\/index.php?rest_route=\/wp\/v2\/types\/post"}],"author":[{"embeddable":true,"href":"https:\/\/hormigaradio.com\/index.php?rest_route=\/wp\/v2\/users\/3"}],"replies":[{"embeddable":true,"href":"https:\/\/hormigaradio.com\/index.php?rest_route=%2Fwp%2Fv2%2Fcomments&post=9003"}],"version-history":[{"count":1,"href":"https:\/\/hormigaradio.com\/index.php?rest_route=\/wp\/v2\/posts\/9003\/revisions"}],"predecessor-version":[{"id":9006,"href":"https:\/\/hormigaradio.com\/index.php?rest_route=\/wp\/v2\/posts\/9003\/revisions\/9006"}],"wp:featuredmedia":[{"embeddable":true,"href":"https:\/\/hormigaradio.com\/index.php?rest_route=\/wp\/v2\/media\/9005"}],"wp:attachment":[{"href":"https:\/\/hormigaradio.com\/index.php?rest_route=%2Fwp%2Fv2%2Fmedia&parent=9003"}],"wp:term":[{"taxonomy":"category","embeddable":true,"href":"https:\/\/hormigaradio.com\/index.php?rest_route=%2Fwp%2Fv2%2Fcategories&post=9003"},{"taxonomy":"post_tag","embeddable":true,"href":"https:\/\/hormigaradio.com\/index.php?rest_route=%2Fwp%2Fv2%2Ftags&post=9003"}],"curies":[{"name":"wp","href":"https:\/\/api.w.org\/{rel}","templated":true}]}}