{"id":9097,"date":"2020-03-25T14:26:11","date_gmt":"2020-03-25T14:26:11","guid":{"rendered":"http:\/\/hormigaradio.com\/?p=9097"},"modified":"2020-03-25T15:29:41","modified_gmt":"2020-03-25T15:29:41","slug":"fallecidos-por-coronavirus-suman-10-en-republica-dominicana-contagiados-son-392","status":"publish","type":"post","link":"https:\/\/hormigaradio.com\/?p=9097","title":{"rendered":"FALLECIDOS POR CORONAVIRUS SUMAN  10 EN REP\u00daBLICA DOMINICANA CONTAGIADOS SON 392"},"content":{"rendered":"<p><a href=\"https:\/\/acento.com.do\/author\/servicios\/\">Servicios de Acento.com.do<\/a><\/p>\n<p>392 confirmados<br \/>\n10 fallecidos<br \/>\n2 recuperados<br \/>\n715 descartados<br \/>\n109 aislados en hospitales<span class=\"text_exposed_show\"><br \/>\n273 aislados en su casa<br \/>\n60 % fallecidos hombres<br \/>\n40 % fallecidos mujeres<br \/>\nDN 168<br \/>\nStgo 53<br \/>\nSD 52<br \/>\nSFM 49<br \/>\n156 en seguimiento por estar en contacto con casos confirmados<br \/>\n12 provincias con casos.<br \/>\n<\/span>SANTO DOMINGO, Rep\u00fablica Dominicana.- El ministro de Salud P\u00fablica, Rafael S\u00e1nchez C\u00e1rdenas, inform\u00f3 este mi\u00e9rcoles que, con cuatro nuevos fallecidos, la cantidad de defunciones por\u00a0 el coronavirus COVID-19 aument\u00f3 a 10, mientras que el de afectados subi\u00f3 a 392.<\/p>\n<p>Al dar lectura al bolet\u00edn especial n\u00famero seis, S\u00e1nchez C\u00e1rdenas indic\u00f3 que de la cantidad de casos positivos, 109 se encuentran en aislamiento hospitalario, 273 domiciliario, y dos recibieron altas m\u00e9dicas.<\/p>\n<p>Agreg\u00f3 que cuatro de los fallecimientos corresponden a la provincia Duarte.<\/p>\n<p>Hasta la fecha, seg\u00fan el titular de Salud P\u00fablica, se han descartado 715 casos.<\/p>\n<p>S\u00e1nchez C\u00e1rdenas detall\u00f3 que la edad de los fallecidos oscila entre 41 y 84 a\u00f1os, siendo 65 la edad media. De estos, el 60 % son hombres, los cuales presentaban enfermedades cr\u00f3nicas de larga duraci\u00f3n como hipertensi\u00f3n arterial, diabetes, insuficiencia renal, enfermedad pulmonar obstructiva cr\u00f3nica y consumo de tabaco.<\/p>\n<p>Por otra parte, el ministro de Salud confirm\u00f3 que el doctor Felix Antonio Cruz Jimini\u00e1n dio positivo al COVID-19. La condici\u00f3n del galeno es delicada.<\/p>\n<p><iframe loading=\"lazy\" id=\"ls_embed_1585145488\" src=\"https:\/\/livestream.com\/accounts\/2044704\/events\/9057026\/player?width=640&amp;height=360&amp;enableInfoAndActivity=true&amp;defaultDrawer=&amp;autoPlay=true&amp;mute=false\" width=\"640\" height=\"360\" frameborder=\"0\" scrolling=\"no\" allowfullscreen=\"allowfullscreen\" data-mce-fragment=\"1\"><\/iframe><\/p>\n<p>Impactos: 114<\/p>","protected":false},"excerpt":{"rendered":"<p>Servicios de Acento.com.do 392 confirmados 10 fallecidos 2 recuperados 715 descartados 109 aislados en hospitales 273 aislados en su casa 60 % fallecidos hombres<\/p>\n","protected":false},"author":3,"featured_media":9050,"comment_status":"closed","ping_status":"closed","sticky":false,"template":"","format":"standard","meta":[],"categories":[3],"tags":[],"_links":{"self":[{"href":"https:\/\/hormigaradio.com\/index.php?rest_route=\/wp\/v2\/posts\/9097"}],"collection":[{"href":"https:\/\/hormigaradio.com\/index.php?rest_route=\/wp\/v2\/posts"}],"about":[{"href":"https:\/\/hormigaradio.com\/index.php?rest_route=\/wp\/v2\/types\/post"}],"author":[{"embeddable":true,"href":"https:\/\/hormigaradio.com\/index.php?rest_route=\/wp\/v2\/users\/3"}],"replies":[{"embeddable":true,"href":"https:\/\/hormigaradio.com\/index.php?rest_route=%2Fwp%2Fv2%2Fcomments&post=9097"}],"version-history":[{"count":5,"href":"https:\/\/hormigaradio.com\/index.php?rest_route=\/wp\/v2\/posts\/9097\/revisions"}],"predecessor-version":[{"id":9103,"href":"https:\/\/hormigaradio.com\/index.php?rest_route=\/wp\/v2\/posts\/9097\/revisions\/9103"}],"wp:featuredmedia":[{"embeddable":true,"href":"https:\/\/hormigaradio.com\/index.php?rest_route=\/wp\/v2\/media\/9050"}],"wp:attachment":[{"href":"https:\/\/hormigaradio.com\/index.php?rest_route=%2Fwp%2Fv2%2Fmedia&parent=9097"}],"wp:term":[{"taxonomy":"category","embeddable":true,"href":"https:\/\/hormigaradio.com\/index.php?rest_route=%2Fwp%2Fv2%2Fcategories&post=9097"},{"taxonomy":"post_tag","embeddable":true,"href":"https:\/\/hormigaradio.com\/index.php?rest_route=%2Fwp%2Fv2%2Ftags&post=9097"}],"curies":[{"name":"wp","href":"https:\/\/api.w.org\/{rel}","templated":true}]}}