{"id":9114,"date":"2020-03-26T18:22:29","date_gmt":"2020-03-26T18:22:29","guid":{"rendered":"http:\/\/hormigaradio.com\/?p=9114"},"modified":"2020-03-26T18:25:28","modified_gmt":"2020-03-26T18:25:28","slug":"9114","status":"publish","type":"post","link":"https:\/\/hormigaradio.com\/?p=9114","title":{"rendered":"FALLECI\u00d3 TRAS SER INFECTADO POR CORONAVIRUS PERIODISTA PEDRO FERN\u00c1NDEZ"},"content":{"rendered":"<p><a href=\"https:\/\/acento.com.do\/author\/fcalderon\/\">Francisco Calder\u00f3n Hern\u00e1ndez<\/a><\/p>\n<p>&nbsp;<\/p>\n<figure style=\"width: 540px\" class=\"wp-caption alignnone\"><img loading=\"lazy\" class=\"attachment-full wp-post-image\" src=\"https:\/\/acento.com.do\/wp-content\/uploads\/Pedro-Fern%C3%A1ndez-periodista-fallecido-nueva.jpg\" alt=\"\" width=\"540\" height=\"306\" \/><figcaption class=\"wp-caption-text\">P<em><strong>edro Fern\u00e1ndez.<\/strong><\/em><\/figcaption><\/figure>\n<p>SAN FRANCISCO DE MACOR\u00cdS, Rep\u00fablica Dominicana.-Falleci\u00f3 el periodista Pedro Fern\u00e1ndez, quiene ten\u00eda m\u00e1s de 40 a\u00f1os de ejercicio profesional en esta ciudad.<\/p>\n<p>Fern\u00e1ndez muri\u00f3 en un centro de salud de la ciudad de Santiago de los Caballeros, a donde hab\u00eda sido trasladado hac\u00eda una semana para recibir cuidados intensivos debido a problemas respiratorios agudos.<\/p>\n<p>Su viuda, la tambi\u00e9n periodista Rosalina Taveras, clam\u00f3 desesperada por ayuda, debido a que se enter\u00e9 del fallecimiento de su esposo estando en su hogar de San Francisco de Macor\u00eds guardando la cuarentena por la crisis saniaria del coronavirus.<\/p>\n<p>Fern\u00e1ndez, quien ejerci\u00f3 como corresponsal de importantes noticiarios de radio de la capital desde los a\u00f1os setenta, era llamado \u00abPedrito\u00bb por sus colegas y amigos.<\/p>\n<p>Fern\u00e1ndez trabaj\u00f3 para Radio Mil Informado, entre otros medios. En la actualidd produc\u00eda programas de comentarios y noticias para la televisi\u00f3n local de San Francisco de Macor\u00eds. En los gobiernos de los 12 a\u00f1os de Joaqu\u00edn Balaguer se distingui\u00f3 por su valent\u00eda en momentos de represi\u00f3n contra la prensa independiente.<\/p>\n<p>Impactos: 86<\/p>","protected":false},"excerpt":{"rendered":"<p>Francisco Calder\u00f3n Hern\u00e1ndez &nbsp; SAN FRANCISCO DE MACOR\u00cdS, Rep\u00fablica Dominicana.-Falleci\u00f3 el periodista Pedro Fern\u00e1ndez, quiene ten\u00eda m\u00e1s de 40 a\u00f1os de ejercicio profesional en<\/p>\n","protected":false},"author":3,"featured_media":0,"comment_status":"closed","ping_status":"closed","sticky":false,"template":"","format":"standard","meta":[],"categories":[3],"tags":[],"_links":{"self":[{"href":"https:\/\/hormigaradio.com\/index.php?rest_route=\/wp\/v2\/posts\/9114"}],"collection":[{"href":"https:\/\/hormigaradio.com\/index.php?rest_route=\/wp\/v2\/posts"}],"about":[{"href":"https:\/\/hormigaradio.com\/index.php?rest_route=\/wp\/v2\/types\/post"}],"author":[{"embeddable":true,"href":"https:\/\/hormigaradio.com\/index.php?rest_route=\/wp\/v2\/users\/3"}],"replies":[{"embeddable":true,"href":"https:\/\/hormigaradio.com\/index.php?rest_route=%2Fwp%2Fv2%2Fcomments&post=9114"}],"version-history":[{"count":3,"href":"https:\/\/hormigaradio.com\/index.php?rest_route=\/wp\/v2\/posts\/9114\/revisions"}],"predecessor-version":[{"id":9117,"href":"https:\/\/hormigaradio.com\/index.php?rest_route=\/wp\/v2\/posts\/9114\/revisions\/9117"}],"wp:attachment":[{"href":"https:\/\/hormigaradio.com\/index.php?rest_route=%2Fwp%2Fv2%2Fmedia&parent=9114"}],"wp:term":[{"taxonomy":"category","embeddable":true,"href":"https:\/\/hormigaradio.com\/index.php?rest_route=%2Fwp%2Fv2%2Fcategories&post=9114"},{"taxonomy":"post_tag","embeddable":true,"href":"https:\/\/hormigaradio.com\/index.php?rest_route=%2Fwp%2Fv2%2Ftags&post=9114"}],"curies":[{"name":"wp","href":"https:\/\/api.w.org\/{rel}","templated":true}]}}