{"id":9118,"date":"2020-03-26T18:30:29","date_gmt":"2020-03-26T18:30:29","guid":{"rendered":"http:\/\/hormigaradio.com\/?p=9118"},"modified":"2020-03-27T02:01:34","modified_gmt":"2020-03-27T02:01:34","slug":"toque-de-queda-sera-desde-las-500-de-la-tarde","status":"publish","type":"post","link":"https:\/\/hormigaradio.com\/?p=9118","title":{"rendered":"TOQUE DE QUEDA SER\u00c1 DESDE LAS 5:00 DE LA TARDE ANUNCIA EL GOBIERNO (Video)"},"content":{"rendered":"<p><a href=\"https:\/\/acento.com.do\/author\/servicios\/\">Servicios de Acento.com.do<\/a><\/p>\n<p><img loading=\"lazy\" class=\"alignleft wp-image-9119 size-medium\" src=\"http:\/\/hormigaradio.com\/wp-content\/uploads\/2020\/03\/Decreto-Danilo-toque-queda-231x300.jpg\" alt=\"\" width=\"231\" height=\"300\" srcset=\"https:\/\/hormigaradio.com\/wp-content\/uploads\/2020\/03\/Decreto-Danilo-toque-queda-231x300.jpg 231w, https:\/\/hormigaradio.com\/wp-content\/uploads\/2020\/03\/Decreto-Danilo-toque-queda-768x997.jpg 768w, https:\/\/hormigaradio.com\/wp-content\/uploads\/2020\/03\/Decreto-Danilo-toque-queda-789x1024.jpg 789w, https:\/\/hormigaradio.com\/wp-content\/uploads\/2020\/03\/Decreto-Danilo-toque-queda.jpg 972w\" sizes=\"(max-width: 231px) 100vw, 231px\" \/><\/p>\n<p>SANTO DOMINGO, Rep\u00fablica Dominicana.-El presidente Danilo Medina emiti\u00f3 el decreto 138-20, que ordena el aumento del horario para el toque de queda que busca reforzar la cuarentena y otras medidas de prevenci\u00f3n ante la pandemia del coronavirus, que ya ha ocasionado la muerte a 10 personas y mantiene bajo cuidados m\u00e9dicos a cerca de 500.<\/p>\n<p>La disposici\u00f3n se cumplir\u00e1 a partir de este viernes 27 de marzo en todo el territorio nacional.<\/p>\n<p>El Ministro de Salud P\u00fablica, Rafael S\u00e1nchez C\u00e1rdenas, inform\u00f3 hoy jueves que suman 488 los casos de COVID-19 confirmados en el pa\u00eds y que las muertes se mantienen en diez, y que ya hay 3 recuperados y 960 casos descartados tras efectuarse las pruebas cl\u00ednicas de rigor.<\/p>\n<p>La cifra de 488 contagiados de coronavirus represente un aumento de 96 casos nuevos con relaci\u00f3n al mi\u00e9rcoles.<\/p>\n<p>Los casos confirmados de coronavirus en la Rep\u00fablica Dominicana corresponde a hombres en un 57 % y el restante 43 % a mujeres, precis\u00f3 en una teleconferencia de prensa.<\/p>\n<p>El ministro tambi\u00e9n detall\u00f3 que el 80% de los casos confirmados se han dado en las provincias del Distrito Nacional, Santiago, Santo Domingo y Duarte.<\/p>\n<p><iframe loading=\"lazy\"  id=\"_ytid_65156\" width=\"715\" height=\"402\"  data-origwidth=\"715\" data-origheight=\"402\"  src=\"https:\/\/www.youtube.com\/embed\/qnYfn12asT8?enablejsapi=1&#038;autoplay=0&#038;cc_load_policy=0&#038;iv_load_policy=1&#038;loop=0&#038;modestbranding=0&#038;rel=1&#038;fs=1&#038;playsinline=0&#038;autohide=2&#038;theme=dark&#038;color=red&#038;controls=1&#038;\" class=\"__youtube_prefs__\" title=\"YouTube player\"  allow=\"autoplay; encrypted-media\" allowfullscreen data-no-lazy=\"1\" data-skipgform_ajax_framebjll=\"\"><\/iframe><\/p>\n<p>Por otro lado, este jueves se inform\u00f3 que las detenciones por violar el toque de queda decretado para frenar el avance del coronavirus en el pa\u00eds llegaron a las 1,480 durante la noche del mi\u00e9rcoles, lo que supone un incremento del 12 % frente a las 1,320 de la jornada anterior, rompiendo la ligera tendencia a la baja registrada lunes y martes.<\/p>\n<p>Con las de anoche, suman 9,886 los arrestos de ciudadanos que incumplieron la disposici\u00f3n de no salir a la calle entre las 8.00 de la noche y las 6.00 de la ma\u00f1ana, inform\u00f3 Polic\u00eda Nacional en un comunicado.<\/p>\n<p>Las regiones en las cuales se ha registrado mayor n\u00famero de detenciones por la violaci\u00f3n de esta medida, puesta en vigor el pasado viernes, son Santiago de los Caballeros, La Romana, El Gran Santo Domingo y Ban\u00ed.<\/p>\n<p>Tras aportar estas cifras en un comunicado, el cuerpo armado insisti\u00f3 en recordar que el toque de queda \u00abno es solo por el orden, la seguridad, la convivencia\u00bb, sino que tambi\u00e9n persigue salvaguardar la salud de la poblaci\u00f3n.<\/p>\n<p>En la v\u00edspera de la entrada en vigor del toque de queda, el Gobierno dispuso la aplicaci\u00f3n del estado de emergencia en el pa\u00eds, como parte de las medidas ante la crisis sanitaria por el coronavirus, enfermedad que ha causado la muerte de 10 personas en el pa\u00eds, donde hasta el d\u00eda de ayer se confirmaron 392 casos.<\/p>\n<p>Impactos: 100<\/p>","protected":false},"excerpt":{"rendered":"<p>Servicios de Acento.com.do SANTO DOMINGO, Rep\u00fablica Dominicana.-El presidente Danilo Medina emiti\u00f3 el decreto 138-20, que ordena el aumento del horario para el toque de<\/p>\n","protected":false},"author":3,"featured_media":9122,"comment_status":"closed","ping_status":"closed","sticky":false,"template":"","format":"standard","meta":[],"categories":[3],"tags":[],"_links":{"self":[{"href":"https:\/\/hormigaradio.com\/index.php?rest_route=\/wp\/v2\/posts\/9118"}],"collection":[{"href":"https:\/\/hormigaradio.com\/index.php?rest_route=\/wp\/v2\/posts"}],"about":[{"href":"https:\/\/hormigaradio.com\/index.php?rest_route=\/wp\/v2\/types\/post"}],"author":[{"embeddable":true,"href":"https:\/\/hormigaradio.com\/index.php?rest_route=\/wp\/v2\/users\/3"}],"replies":[{"embeddable":true,"href":"https:\/\/hormigaradio.com\/index.php?rest_route=%2Fwp%2Fv2%2Fcomments&post=9118"}],"version-history":[{"count":4,"href":"https:\/\/hormigaradio.com\/index.php?rest_route=\/wp\/v2\/posts\/9118\/revisions"}],"predecessor-version":[{"id":9124,"href":"https:\/\/hormigaradio.com\/index.php?rest_route=\/wp\/v2\/posts\/9118\/revisions\/9124"}],"wp:featuredmedia":[{"embeddable":true,"href":"https:\/\/hormigaradio.com\/index.php?rest_route=\/wp\/v2\/media\/9122"}],"wp:attachment":[{"href":"https:\/\/hormigaradio.com\/index.php?rest_route=%2Fwp%2Fv2%2Fmedia&parent=9118"}],"wp:term":[{"taxonomy":"category","embeddable":true,"href":"https:\/\/hormigaradio.com\/index.php?rest_route=%2Fwp%2Fv2%2Fcategories&post=9118"},{"taxonomy":"post_tag","embeddable":true,"href":"https:\/\/hormigaradio.com\/index.php?rest_route=%2Fwp%2Fv2%2Ftags&post=9118"}],"curies":[{"name":"wp","href":"https:\/\/api.w.org\/{rel}","templated":true}]}}