{"id":9128,"date":"2020-03-28T02:25:12","date_gmt":"2020-03-28T02:25:12","guid":{"rendered":"http:\/\/hormigaradio.com\/?p=9128"},"modified":"2020-03-28T02:28:35","modified_gmt":"2020-03-28T02:28:35","slug":"muere-leyenda-musica-tipica-bartolo-alvarado-elciego-de-nagua","status":"publish","type":"post","link":"https:\/\/hormigaradio.com\/?p=9128","title":{"rendered":"MUERE LEYENDA M\u00daSICA T\u00cdPICA BARTOLO ALVARADO-EL CIEGO DE NAGUA"},"content":{"rendered":"<p><a href=\"https:\/\/acento.com.do\/author\/servicios\/\">Servicios de Acento.com.do<\/a><\/p>\n<p><strong>Escuchar aqu\u00ed tema &#8220;El diente de oro&#8221;.<\/strong><\/p>\n<!--[if lt IE 9]><script>document.createElement('audio');<\/script><![endif]-->\n<audio class=\"wp-audio-shortcode\" id=\"audio-9128-1\" preload=\"none\" style=\"width: 100%;\" controls=\"controls\"><source type=\"audio\/mpeg\" src=\"http:\/\/hormigaradio.com\/wp-content\/uploads\/2020\/03\/El-diente-de-oro-Bartolo-Alvarado-el-Ciego-de-Nagua.mp3?_=1\" \/><a href=\"http:\/\/hormigaradio.com\/wp-content\/uploads\/2020\/03\/El-diente-de-oro-Bartolo-Alvarado-el-Ciego-de-Nagua.mp3\">http:\/\/hormigaradio.com\/wp-content\/uploads\/2020\/03\/El-diente-de-oro-Bartolo-Alvarado-el-Ciego-de-Nagua.mp3<\/a><\/audio>\n<figure id=\"attachment_9130\" aria-describedby=\"caption-attachment-9130\" style=\"width: 300px\" class=\"wp-caption alignright\"><img loading=\"lazy\" class=\"wp-image-9130 size-medium\" src=\"http:\/\/hormigaradio.com\/wp-content\/uploads\/2020\/03\/BARTOLO-ALVARADO-300x200.jpg\" alt=\"\" width=\"300\" height=\"200\" srcset=\"https:\/\/hormigaradio.com\/wp-content\/uploads\/2020\/03\/BARTOLO-ALVARADO-300x200.jpg 300w, https:\/\/hormigaradio.com\/wp-content\/uploads\/2020\/03\/BARTOLO-ALVARADO.jpg 647w\" sizes=\"(max-width: 300px) 100vw, 300px\" \/><figcaption id=\"caption-attachment-9130\" class=\"wp-caption-text\"><em><strong>Bartolo Alvarado-El ciego de Nagua.<\/strong><\/em><\/figcaption><\/figure>\n<p>Brooklyn, Nueva York.- Muri\u00f3 la tarde de este viernes, 27 de marzo, el merenguero de m\u00fasica t\u00edpica Bartolo Alvarado, conocido popularmente como El Cieguito de Nagua.<\/p>\n<p>El merenguero ten\u00eda varios a\u00f1os residiendo en los Estados Unidos, donde recibe atenci\u00f3n m\u00e9dica por sus problemas renales.<\/p>\n<p>Seg\u00fan se ha informado, su muerte se debi\u00f3 a problemas respiratorios.<\/p>\n<p>Gonz\u00e1lez Alvarado Pereira, conocido popularmente como Bartolo Alvarado, El Ciego de Nagua, naci\u00f3 el 10 de enero de 1947 en La Jaguita, municipio de Cabrera, provincia\u00a0 Mar\u00eda Trinidad S\u00e1nchez. Hijo de Ram\u00f3n Alvarado y Juana Pereira, fue apodado Bartolo desde su infancia temprana. De los diez hijos del matrimonio fue \u00e9l el \u00fanico que naci\u00f3 sin el sentido de la vista, condici\u00f3n que no limit\u00f3 su desarrollo. Sacaba ritmo de todos los objetos que llegaban a su mano, fue entonces cuando su abuelo le regal\u00f3 una tambora, con ella se gan\u00f3 los primeros cinco pesos, tras actuar como ni\u00f1o prodigioso en un espect\u00e1culo de circo.<\/p>\n<p>Con apenas tres a\u00f1os de edad recibe como regalo una arm\u00f3nica, con la que comienza a tocar merengues. A los siete a\u00f1os, su abuelo le compra un acorde\u00f3n, instrumento que comenz\u00f3 a manejar con gran destreza y ya para 1956, con nueve a\u00f1os de edad, particip\u00f3 en el programa \u00abBuscando Estrellas\u00bb de La Voz Dominicana. De regreso a su natal Cabrera, tocaba \u00a0fiestas.<\/p>\n<p>La fama del ni\u00f1o prodigio se extendi\u00f3 vertiginosamente. Su destreza para tocar el acorde\u00f3n y su voz se conjugaron para convertirse posteriormente en una estrella imprescindible del g\u00e9nero t\u00edpico nacional. Ya con 18 a\u00f1os, \u00abEl Cieguito de Nagua\u00bb era un m\u00fasico consagrado. Vinieron los viajes, las contrataciones, las grabaciones. Vinieron los \u00e9xitos como \u00abLa luz\u00bb, su mayor \u00e9xito.<\/p>\n<p>Impactos: 168<\/p>","protected":false},"excerpt":{"rendered":"<p>Servicios de Acento.com.do Escuchar aqu\u00ed tema &#8220;El diente de oro&#8221;. Brooklyn, Nueva York.- Muri\u00f3 la tarde de este viernes, 27 de marzo, el merenguero<\/p>\n","protected":false},"author":3,"featured_media":9130,"comment_status":"closed","ping_status":"closed","sticky":false,"template":"","format":"standard","meta":[],"categories":[3],"tags":[],"_links":{"self":[{"href":"https:\/\/hormigaradio.com\/index.php?rest_route=\/wp\/v2\/posts\/9128"}],"collection":[{"href":"https:\/\/hormigaradio.com\/index.php?rest_route=\/wp\/v2\/posts"}],"about":[{"href":"https:\/\/hormigaradio.com\/index.php?rest_route=\/wp\/v2\/types\/post"}],"author":[{"embeddable":true,"href":"https:\/\/hormigaradio.com\/index.php?rest_route=\/wp\/v2\/users\/3"}],"replies":[{"embeddable":true,"href":"https:\/\/hormigaradio.com\/index.php?rest_route=%2Fwp%2Fv2%2Fcomments&post=9128"}],"version-history":[{"count":4,"href":"https:\/\/hormigaradio.com\/index.php?rest_route=\/wp\/v2\/posts\/9128\/revisions"}],"predecessor-version":[{"id":9134,"href":"https:\/\/hormigaradio.com\/index.php?rest_route=\/wp\/v2\/posts\/9128\/revisions\/9134"}],"wp:featuredmedia":[{"embeddable":true,"href":"https:\/\/hormigaradio.com\/index.php?rest_route=\/wp\/v2\/media\/9130"}],"wp:attachment":[{"href":"https:\/\/hormigaradio.com\/index.php?rest_route=%2Fwp%2Fv2%2Fmedia&parent=9128"}],"wp:term":[{"taxonomy":"category","embeddable":true,"href":"https:\/\/hormigaradio.com\/index.php?rest_route=%2Fwp%2Fv2%2Fcategories&post=9128"},{"taxonomy":"post_tag","embeddable":true,"href":"https:\/\/hormigaradio.com\/index.php?rest_route=%2Fwp%2Fv2%2Ftags&post=9128"}],"curies":[{"name":"wp","href":"https:\/\/api.w.org\/{rel}","templated":true}]}}