{"id":9187,"date":"2020-04-03T23:37:42","date_gmt":"2020-04-03T23:37:42","guid":{"rendered":"http:\/\/hormigaradio.com\/?p=9187"},"modified":"2020-04-03T23:37:42","modified_gmt":"2020-04-03T23:37:42","slug":"gobierno-prohibe-viajes-internos-en-el-pais-por-15-dias","status":"publish","type":"post","link":"https:\/\/hormigaradio.com\/?p=9187","title":{"rendered":"GOBIERNO PROH\u00cdBE VIAJES INTERNOS  EN EL PA\u00cdS POR 15 D\u00cdAS"},"content":{"rendered":"<p><a href=\"https:\/\/acento.com.do\/author\/cbatista\/\">Carolina Batista\/Acento.com.do<\/a><\/p>\n<p>SANTO DOMINGO, Rep\u00fablica Dominicana.-\u00a0 El ministro de la Presidencia, en su condici\u00f3n de presidente de la Comisi\u00f3n de Alto Nivel para dar Seguimiento al Coronavirus, Gustavo Montalvo, inform\u00f3 que quedan prohibidos todos los viajes al interior del pa\u00eds durante los d\u00edas que dure el per\u00edodo de alejamiento social.<\/p>\n<p>\u00abEs nuestro deber recordar que, con la extensi\u00f3n del toque de queda por quince d\u00edas, quedan terminantemente prohibidos los viajes al interior del pa\u00eds, excepto para el transporte de mercanc\u00edas esenciales\u00bb indic\u00f3 Montalvo.<\/p>\n<div>\n<div class=\"css-1dbjc4n r-1adg3ll\">\n<article class=\"css-1dbjc4n r-1loqt21 r-1udh08x r-o7ynqc r-6416eg\" tabindex=\"0\" role=\"article\" aria-haspopup=\"false\" data-focusable=\"true\">\n<div class=\"css-1dbjc4n\">\n<div class=\"css-1dbjc4n r-1j3t67a\">\n<div class=\"css-1dbjc4n r-18u37iz r-thb0q2\" data-testid=\"tweet\">\n<div class=\"css-1dbjc4n r-1iusvr4 r-16y2uox r-1777fci r-5f2r5o r-1mi0q7o\">\n<div class=\"css-1dbjc4n\">\n<div class=\"css-1dbjc4n\">\n<div class=\"css-901oao r-hkyrab r-1qd0xha r-a023e6 r-16dba41 r-ad9z0x r-bcqeeo r-bnwqim r-qvutc0\" dir=\"auto\" lang=\"es\"><span class=\"css-901oao css-16my406 r-1qd0xha r-ad9z0x r-bcqeeo r-qvutc0\">Inform\u00f3 que militares instalar\u00e1n retenes en las entradas de los municipios, para asegurar la correcta aplicaci\u00f3n de esta medida.<\/span><\/div>\n<\/div>\n<\/div>\n<\/div>\n<\/div>\n<\/div>\n<\/div>\n<\/article>\n<\/div>\n<\/div>\n<div>\n<div class=\"css-1dbjc4n r-1adg3ll\">\n<article class=\"css-1dbjc4n r-vqp9x9 r-1loqt21 r-1udh08x r-o7ynqc r-6416eg\" tabindex=\"0\" role=\"article\" aria-haspopup=\"false\" data-focusable=\"true\" aria-labelledby=\"tweet-promoted-label conversation-level-label tweet-social-context tweet-user-name tweet-user-screen-name tweet-timestamp tweet-reply-context tweet-text tweet-rich-content-label tweet-action-buttons\">\n<div class=\"css-1dbjc4n\">\n<div class=\"css-1dbjc4n r-1j3t67a\">\n<div class=\"css-1dbjc4n r-18u37iz r-thb0q2\" data-testid=\"tweet\">\n<div class=\"css-1dbjc4n r-1iusvr4 r-16y2uox r-1777fci r-5f2r5o r-1mi0q7o\">\n<div class=\"css-1dbjc4n\">\n<div class=\"css-1dbjc4n\">\n<div dir=\"auto\" lang=\"es\"><\/div>\n<div id=\"tweet-text\" class=\"css-901oao r-hkyrab r-1qd0xha r-a023e6 r-16dba41 r-ad9z0x r-bcqeeo r-bnwqim r-qvutc0\" dir=\"auto\" lang=\"es\"><span class=\"css-901oao css-16my406 r-1qd0xha r-ad9z0x r-bcqeeo r-qvutc0\">\u00ab<\/span><span class=\"css-901oao css-16my406 r-1qd0xha r-ad9z0x r-bcqeeo r-qvutc0\">En esto debemos ser claros. No se admiten excepciones y no es v\u00e1lido ir de una localidad a otra, incluso con la intenci\u00f3n de guardar cuarentena una vez llegados ah\u00ed\u00bb advirti\u00f3.\u00a0<\/span><\/div>\n<\/div>\n<div dir=\"auto\" lang=\"es\"><\/div>\n<div dir=\"auto\" lang=\"es\">Aclar\u00f3 que esta disposici\u00f3n no es solo para el horario de toque de queda. Ni a\u00fan en horario de ma\u00f1ana, cuando es correcto ir a la farmacia o supermercado, es permisible desplazarse hacia el interior del pa\u00eds.<\/div>\n<\/div>\n<\/div>\n<div dir=\"auto\" lang=\"es\"><\/div>\n<div dir=\"auto\" lang=\"es\">\u00abNo podemos permitir que la imprudencia de algunos ponga en peligro la salud de todos. Y pueden estar seguros que las autoridades establecer\u00e1n rigurosos controles y sanciones para evitar cualquier riesgo\u00bb.<\/div>\n<\/div>\n<div dir=\"auto\" lang=\"es\">\n<div>\n<div class=\"css-1dbjc4n r-1adg3ll\">\n<article class=\"css-1dbjc4n r-vqp9x9 r-1loqt21 r-1udh08x r-o7ynqc r-6416eg\" tabindex=\"0\" role=\"article\" aria-haspopup=\"false\" data-focusable=\"true\" aria-labelledby=\"tweet-promoted-label conversation-level-label tweet-social-context tweet-user-name tweet-user-screen-name tweet-timestamp tweet-reply-context tweet-text tweet-rich-content-label tweet-action-buttons\">\n<div class=\"css-1dbjc4n\">\n<div class=\"css-1dbjc4n r-1j3t67a\">\n<div class=\"css-1dbjc4n r-18u37iz r-thb0q2\" data-testid=\"tweet\">\n<div class=\"css-1dbjc4n r-1iusvr4 r-16y2uox r-1777fci r-5f2r5o r-1mi0q7o\">\n<div class=\"css-1dbjc4n\">\n<div class=\"css-1dbjc4n\">\n<div dir=\"auto\" lang=\"es\"><\/div>\n<div id=\"tweet-text\" class=\"css-901oao r-hkyrab r-1qd0xha r-a023e6 r-16dba41 r-ad9z0x r-bcqeeo r-bnwqim r-qvutc0\" dir=\"auto\" lang=\"es\"><span class=\"css-901oao css-16my406 r-1qd0xha r-ad9z0x r-bcqeeo r-qvutc0\">\u00abDebemos todos permanecer en nuestro propio municipio y en nuestra propia casa. Hacer lo contrario ser\u00eda una irresponsabilidad inaceptable\u00bb.<\/span><\/div>\n<div dir=\"auto\" lang=\"es\"><\/div>\n<\/div>\n<\/div>\n<\/div>\n<\/div>\n<\/div>\n<\/div>\n<\/article>\n<\/div>\n<\/div>\n<div>\n<div class=\"css-1dbjc4n r-1adg3ll\">\n<article class=\"css-1dbjc4n r-1loqt21 r-1udh08x r-o7ynqc r-6416eg\" tabindex=\"0\" role=\"article\" aria-haspopup=\"false\" data-focusable=\"true\">\n<div class=\"css-1dbjc4n\">\n<div class=\"css-1dbjc4n r-1j3t67a\">\n<div class=\"css-1dbjc4n r-18u37iz r-thb0q2\" data-testid=\"tweet\">\n<div class=\"css-1dbjc4n r-1iusvr4 r-16y2uox r-1777fci r-5f2r5o r-1mi0q7o\">\n<div class=\"css-1dbjc4n\">\n<div class=\"css-1dbjc4n\">\n<div class=\"css-901oao r-hkyrab r-1qd0xha r-a023e6 r-16dba41 r-ad9z0x r-bcqeeo r-bnwqim r-qvutc0\" dir=\"auto\" lang=\"es\"><span class=\"css-901oao css-16my406 r-1qd0xha r-ad9z0x r-bcqeeo r-qvutc0\">El funcionario indic\u00f3 que es crucial evitar que \u00e1reas enteras en las que no hay presencia del virus a\u00fan o es muy peque\u00f1a, se expanda. Seamos responsables. \u00abVe\u00e1monos en el ejemplo de pa\u00edses como Italia, donde el desplazamiento de la poblaci\u00f3n llev\u00f3 a la p\u00e9rdida de miles de vidas\u00bb.<\/span><\/div>\n<\/div>\n<div class=\"css-1dbjc4n r-18u37iz r-1wtj0ep r-156q2ks r-1mdbhws\" role=\"group\" aria-label=\"1 respuesta, 8 Retweets, 11 Me gusta\">\n<div class=\"css-1dbjc4n r-1mlwlqe r-18u37iz r-18kxxzh r-1h0z5md\">\n<div class=\"css-18t94o4 css-1dbjc4n r-1777fci r-11cpok1 r-1ny4l3l r-bztko3 r-lrvibr\" tabindex=\"0\" role=\"button\" aria-haspopup=\"true\" aria-label=\"Compartir Tweet\" data-focusable=\"true\">\n<div class=\"css-901oao r-1awozwy r-1re7ezh r-6koalj r-1qd0xha r-a023e6 r-16dba41 r-1h0z5md r-ad9z0x r-bcqeeo r-o7ynqc r-clp7b1 r-3s2u2q r-qvutc0\" dir=\"ltr\">\n<div class=\"css-1dbjc4n r-xoduu5\">\n<div class=\"css-1dbjc4n r-sdzlij r-1p0dtai r-xoduu5 r-1d2f490 r-xf4iuw r-u8s1d r-zchlnj r-ipm5af r-o7ynqc r-6416eg\"><\/div>\n<\/div>\n<\/div>\n<\/div>\n<\/div>\n<\/div>\n<\/div>\n<\/div>\n<\/div>\n<\/div>\n<\/div>\n<\/article>\n<\/div>\n<\/div>\n<div>\n<div class=\"css-1dbjc4n r-my5ep6 r-qklmqi r-1adg3ll\">\n<article class=\"css-1dbjc4n r-1loqt21 r-1udh08x r-o7ynqc r-6416eg\" tabindex=\"0\" role=\"article\" aria-haspopup=\"false\" data-focusable=\"true\">\n<div class=\"css-1dbjc4n\">\n<div class=\"css-1dbjc4n r-1j3t67a\">\n<div class=\"css-1dbjc4n r-18u37iz r-thb0q2\" data-testid=\"tweet\">\n<div class=\"css-1dbjc4n r-1iusvr4 r-16y2uox r-1777fci r-5f2r5o r-1mi0q7o\">\n<div class=\"css-1dbjc4n\">\n<div class=\"css-1dbjc4n\">\n<div class=\"css-901oao r-hkyrab r-1qd0xha r-a023e6 r-16dba41 r-ad9z0x r-bcqeeo r-bnwqim r-qvutc0\" dir=\"auto\" lang=\"es\"><span class=\"css-901oao css-16my406 r-1qd0xha r-ad9z0x r-bcqeeo r-qvutc0\">\u00abDe las acciones de cada uno depende que, juntos, logremos hacer descender esa curva de crecimiento de los contagios, de manera que si alguien se enferma tengamos siempre capacidad de darle el tratamiento que precisa\u00bb dijo.<\/span><\/div>\n<\/div>\n<\/div>\n<\/div>\n<\/div>\n<\/div>\n<\/div>\n<\/article>\n<\/div>\n<\/div>\n<\/div>\n<\/div>\n<\/div>\n<\/article>\n<\/div>\n<\/div>\n<p>Impactos: 105<\/p>","protected":false},"excerpt":{"rendered":"<p>Carolina Batista\/Acento.com.do SANTO DOMINGO, Rep\u00fablica Dominicana.-\u00a0 El ministro de la Presidencia, en su condici\u00f3n de presidente de la Comisi\u00f3n de Alto Nivel para dar<\/p>\n","protected":false},"author":3,"featured_media":9188,"comment_status":"closed","ping_status":"closed","sticky":false,"template":"","format":"standard","meta":[],"categories":[3],"tags":[],"_links":{"self":[{"href":"https:\/\/hormigaradio.com\/index.php?rest_route=\/wp\/v2\/posts\/9187"}],"collection":[{"href":"https:\/\/hormigaradio.com\/index.php?rest_route=\/wp\/v2\/posts"}],"about":[{"href":"https:\/\/hormigaradio.com\/index.php?rest_route=\/wp\/v2\/types\/post"}],"author":[{"embeddable":true,"href":"https:\/\/hormigaradio.com\/index.php?rest_route=\/wp\/v2\/users\/3"}],"replies":[{"embeddable":true,"href":"https:\/\/hormigaradio.com\/index.php?rest_route=%2Fwp%2Fv2%2Fcomments&post=9187"}],"version-history":[{"count":1,"href":"https:\/\/hormigaradio.com\/index.php?rest_route=\/wp\/v2\/posts\/9187\/revisions"}],"predecessor-version":[{"id":9189,"href":"https:\/\/hormigaradio.com\/index.php?rest_route=\/wp\/v2\/posts\/9187\/revisions\/9189"}],"wp:featuredmedia":[{"embeddable":true,"href":"https:\/\/hormigaradio.com\/index.php?rest_route=\/wp\/v2\/media\/9188"}],"wp:attachment":[{"href":"https:\/\/hormigaradio.com\/index.php?rest_route=%2Fwp%2Fv2%2Fmedia&parent=9187"}],"wp:term":[{"taxonomy":"category","embeddable":true,"href":"https:\/\/hormigaradio.com\/index.php?rest_route=%2Fwp%2Fv2%2Fcategories&post=9187"},{"taxonomy":"post_tag","embeddable":true,"href":"https:\/\/hormigaradio.com\/index.php?rest_route=%2Fwp%2Fv2%2Ftags&post=9187"}],"curies":[{"name":"wp","href":"https:\/\/api.w.org\/{rel}","templated":true}]}}