{"id":9196,"date":"2020-04-05T15:42:57","date_gmt":"2020-04-05T15:42:57","guid":{"rendered":"http:\/\/hormigaradio.com\/?p=9196"},"modified":"2020-04-05T15:42:57","modified_gmt":"2020-04-05T15:42:57","slug":"el-senado-conoce-el-lunes-pedido-de-medina-de-extender-periodo-de-emergencia","status":"publish","type":"post","link":"https:\/\/hormigaradio.com\/?p=9196","title":{"rendered":"EL SENADO CONOCE EL LUNES PEDIDO DE MEDINA DE EXTENDER PER\u00cdODO DE EMERGENCIA"},"content":{"rendered":"<div class=\"px-md-0 px-2\">\n<p><a href=\"https:\/\/acento.com.do\/author\/efe\/\">Efe\u00a0<\/a><\/p>\n<figure style=\"width: 645px\" class=\"wp-caption alignnone\"><img loading=\"lazy\" class=\"attachment-full wp-post-image\" src=\"https:\/\/acento.com.do\/wp-content\/uploads\/10001351905197jpg-1.jpg\" sizes=\"(max-width: 645px) 100vw, 645px\" srcset=\"https:\/\/acento.com.do\/wp-content\/uploads\/10001351905197jpg-1.jpg 645w, https:\/\/acento.com.do\/wp-content\/uploads\/10001351905197jpg-1-250x166.jpg 250w, https:\/\/acento.com.do\/wp-content\/uploads\/10001351905197jpg-1-120x79.jpg 120w, https:\/\/acento.com.do\/wp-content\/uploads\/10001351905197jpg-1-12x8.jpg 12w\" alt=\"\" width=\"645\" height=\"429\" \/><figcaption class=\"wp-caption-text\"><em><strong>Senadores de la Rep\u00fablica Dominicana, en sesi\u00f3n.<\/strong><\/em><\/figcaption><\/figure>\n<p>Santo Domingo, 4 abr (EFE).- El Senado de la Rep\u00fablica conocer\u00e1 el lunes venidero la solicitud del presidente Danilo Medina dirigida a extender en 25 d\u00edas m\u00e1s el per\u00edodo de emergencia nacional que el Congreso le otorg\u00f3 en marzo pasado con el prop\u00f3sito de otorgarle poderes especiales para enfrentar la pandemia del coronavirus.<\/p>\n<\/div>\n<div id=\"\" class=\"d-flex flex-column flex-md-row no-gutters\">\n<div class=\"col-xl-8 col-md-8 .col-sm-11 col-xs-12 detalleALL\">\n<div id=\"PrimerParrafo_55003489321001\" class=\"p-4 m-0 BOX-light \">Un d\u00eda despu\u00e9s se reunir\u00e1 la C\u00e1mara de Diputados para conocer el mismo proyecto, seg\u00fan informaron hoy a Efe fuentes de prensa de ambos hemiciclos.\u00abEl lunes a las 11.00 de la ma\u00f1ana est\u00e1 convocada la sesi\u00f3n para conocer sobre el proyecto del Ejecutivo\u00bb, se inform\u00f3 desde el Senado.<\/p>\n<p>La fuente asegur\u00f3 que se permitir\u00e1 la entrada a los periodistas, siempre y cuando acudan protegidos con mascarillas y guantes.<\/p>\n<p>Sin embargo, la informaci\u00f3n suministrada desde la C\u00e1mara de Diputados estableci\u00f3 que la prensa no tendr\u00e1 acceso a la sesi\u00f3n, y que podr\u00eda seguirla por varias plataformas virtuales.<\/p>\n<p>El Congreso Nacional aprob\u00f3 el 19 de marzo el per\u00edodo de emergencia nacional solicitado por Medina. Ese mismo d\u00eda, el gobernante promulg\u00f3 el proyecto.<\/p>\n<p>Este viernes, la Comisi\u00f3n Bicameral que da seguimiento al estado de emergencia se reuni\u00f3 para conocer el primer informe remitido por el jefe de Estado, en cumplimiento con lo dispuesto por el numeral 2 del art\u00edculo 266 de la Constituci\u00f3n y el art\u00edculo 29 de la Ley 2118 sobre regulaci\u00f3n de los Estados de Excepci\u00f3n.<\/p>\n<p>Los legisladores aprobaron las acciones tomadas por el Poder Ejecutivo, aunque expresaron inquietudes que ser\u00e1n remitidas al ministro de la Presidencia, Gustavo Montalvo, quien encabeza la Comisi\u00f3n de Alto Nivel del Gobierno dirigida a coordinar las acciones contra el coronavirus.<\/p>\n<p>Montalvo, precisamente, anunci\u00f3 ayer que est\u00e1n \u00abterminantemente prohibidos\u00bb los viajes al interior del pa\u00eds, a prop\u00f3sito de que este domingo inicia la Semana Santa, per\u00edodo en el que miles de personas acostumbran desplazarse a playas, r\u00edos y otros lugares de ocio.<\/p>\n<p>\u00abEs nuestro deber recordar que, con la extensi\u00f3n del toque de queda por quince d\u00edas, quedan terminantemente prohibidos los viajes al interior del pa\u00eds, excepto para el transporte de mercanc\u00edas esenciales. Las Fuerzas Armadas y la Polic\u00eda Nacional instalar\u00e1n retenes en las entradas de los municipios, para asegurar la correcta aplicaci\u00f3n de esta medida\u00bb, dijo el funcionario en una alocuci\u00f3n.<\/p>\n<p>Montalvo afirm\u00f3 que las autoridades no admitir\u00e1n excepciones en el cumplimiento de esta disposici\u00f3n y que no es \u00abv\u00e1lido\u00bb trasladarse de una localidad a otra, incluso con la intenci\u00f3n de guardar cuarentena una vez all\u00ed.<\/p>\n<p>\u00abDe la misma forma aclarar\u00e9 que esta disposici\u00f3n no es solo para el horario de toque de queda. Ni a\u00fan en horario de ma\u00f1ana, cuando es correcto ir a la farmacia o supermercado, es permisible desplazarse hacia el interior del pa\u00eds\u00bb, expuso el alto cargo en su discurso por televisi\u00f3n y redes sociales.EFE<\/p>\n<\/div>\n<\/div>\n<\/div>\n<p>Impactos: 71<\/p>","protected":false},"excerpt":{"rendered":"<p>Efe\u00a0 Santo Domingo, 4 abr (EFE).- El Senado de la Rep\u00fablica conocer\u00e1 el lunes venidero la solicitud del presidente Danilo Medina dirigida a extender<\/p>\n","protected":false},"author":3,"featured_media":9197,"comment_status":"closed","ping_status":"closed","sticky":false,"template":"","format":"standard","meta":[],"categories":[3],"tags":[],"_links":{"self":[{"href":"https:\/\/hormigaradio.com\/index.php?rest_route=\/wp\/v2\/posts\/9196"}],"collection":[{"href":"https:\/\/hormigaradio.com\/index.php?rest_route=\/wp\/v2\/posts"}],"about":[{"href":"https:\/\/hormigaradio.com\/index.php?rest_route=\/wp\/v2\/types\/post"}],"author":[{"embeddable":true,"href":"https:\/\/hormigaradio.com\/index.php?rest_route=\/wp\/v2\/users\/3"}],"replies":[{"embeddable":true,"href":"https:\/\/hormigaradio.com\/index.php?rest_route=%2Fwp%2Fv2%2Fcomments&post=9196"}],"version-history":[{"count":1,"href":"https:\/\/hormigaradio.com\/index.php?rest_route=\/wp\/v2\/posts\/9196\/revisions"}],"predecessor-version":[{"id":9198,"href":"https:\/\/hormigaradio.com\/index.php?rest_route=\/wp\/v2\/posts\/9196\/revisions\/9198"}],"wp:featuredmedia":[{"embeddable":true,"href":"https:\/\/hormigaradio.com\/index.php?rest_route=\/wp\/v2\/media\/9197"}],"wp:attachment":[{"href":"https:\/\/hormigaradio.com\/index.php?rest_route=%2Fwp%2Fv2%2Fmedia&parent=9196"}],"wp:term":[{"taxonomy":"category","embeddable":true,"href":"https:\/\/hormigaradio.com\/index.php?rest_route=%2Fwp%2Fv2%2Fcategories&post=9196"},{"taxonomy":"post_tag","embeddable":true,"href":"https:\/\/hormigaradio.com\/index.php?rest_route=%2Fwp%2Fv2%2Ftags&post=9196"}],"curies":[{"name":"wp","href":"https:\/\/api.w.org\/{rel}","templated":true}]}}