{"id":9204,"date":"2020-04-06T18:55:16","date_gmt":"2020-04-06T18:55:16","guid":{"rendered":"http:\/\/hormigaradio.com\/?p=9204"},"modified":"2020-04-06T18:56:38","modified_gmt":"2020-04-06T18:56:38","slug":"senado-aprueba-solicitud-de-extension-de-estado-de-emergencia-por-25-dias","status":"publish","type":"post","link":"https:\/\/hormigaradio.com\/?p=9204","title":{"rendered":"SENADO APRUEBA SOLICITUD DE EXTENSI\u00d3N DE ESTADO DE EMERGENCIA POR 25 D\u00cdAS"},"content":{"rendered":"<p><a href=\"https:\/\/acento.com.do\/author\/servicios\/\">Servicios de Acento.com.do<\/a><\/p>\n<p>SANTO DOMINGO, Rep\u00fablica Dominicana.- El Senado de la Rep\u00fablica aprob\u00f3 este lunes 6 de abril la solicitud de extensi\u00f3n del Poder Ejecutivo del estado de emergencia por otros 25 d\u00edas para combatir la pandemia del coronavirus COVID-19 en el pa\u00eds.<\/p>\n<p>La sesi\u00f3n de hoy estuvo presidida por el presidente interino del Senado, Aristides Victoria Yeb.<\/p>\n<p>Tambi\u00e9n estuvo el presidente de la Comisi\u00f3n Bicameral que da seguimiento al estado de excepci\u00f3n, Luis Ren\u00e9 Cana\u00e1n.<\/p>\n<p>Los legisladores, adem\u00e1s rechazaron enviar a la comisi\u00f3n bicameral del Congreso Nacional la iniciativa del senador Dionis S\u00e1nchez y Amarilis Santana.<\/p>\n<p>Mediante esta, se buscaba que los trabajadores pudieran tener acceso al 20 % de los fondos ahorrados en las Aseguradoras de Fondos de Pensiones, a ra\u00edz el estado de excepci\u00f3n.<\/p>\n<p>Impactos: 72<\/p>","protected":false},"excerpt":{"rendered":"<p>Servicios de Acento.com.do SANTO DOMINGO, Rep\u00fablica Dominicana.- El Senado de la Rep\u00fablica aprob\u00f3 este lunes 6 de abril la solicitud de extensi\u00f3n del Poder<\/p>\n","protected":false},"author":3,"featured_media":9197,"comment_status":"closed","ping_status":"closed","sticky":false,"template":"","format":"standard","meta":[],"categories":[6],"tags":[],"_links":{"self":[{"href":"https:\/\/hormigaradio.com\/index.php?rest_route=\/wp\/v2\/posts\/9204"}],"collection":[{"href":"https:\/\/hormigaradio.com\/index.php?rest_route=\/wp\/v2\/posts"}],"about":[{"href":"https:\/\/hormigaradio.com\/index.php?rest_route=\/wp\/v2\/types\/post"}],"author":[{"embeddable":true,"href":"https:\/\/hormigaradio.com\/index.php?rest_route=\/wp\/v2\/users\/3"}],"replies":[{"embeddable":true,"href":"https:\/\/hormigaradio.com\/index.php?rest_route=%2Fwp%2Fv2%2Fcomments&post=9204"}],"version-history":[{"count":1,"href":"https:\/\/hormigaradio.com\/index.php?rest_route=\/wp\/v2\/posts\/9204\/revisions"}],"predecessor-version":[{"id":9205,"href":"https:\/\/hormigaradio.com\/index.php?rest_route=\/wp\/v2\/posts\/9204\/revisions\/9205"}],"wp:featuredmedia":[{"embeddable":true,"href":"https:\/\/hormigaradio.com\/index.php?rest_route=\/wp\/v2\/media\/9197"}],"wp:attachment":[{"href":"https:\/\/hormigaradio.com\/index.php?rest_route=%2Fwp%2Fv2%2Fmedia&parent=9204"}],"wp:term":[{"taxonomy":"category","embeddable":true,"href":"https:\/\/hormigaradio.com\/index.php?rest_route=%2Fwp%2Fv2%2Fcategories&post=9204"},{"taxonomy":"post_tag","embeddable":true,"href":"https:\/\/hormigaradio.com\/index.php?rest_route=%2Fwp%2Fv2%2Ftags&post=9204"}],"curies":[{"name":"wp","href":"https:\/\/api.w.org\/{rel}","templated":true}]}}