{"id":9206,"date":"2020-04-06T19:04:14","date_gmt":"2020-04-06T19:04:14","guid":{"rendered":"http:\/\/hormigaradio.com\/?p=9206"},"modified":"2020-04-06T19:05:53","modified_gmt":"2020-04-06T19:05:53","slug":"coronavirus-1-828-casos-republica-dominicana-86-muerto-33-recuperados","status":"publish","type":"post","link":"https:\/\/hormigaradio.com\/?p=9206","title":{"rendered":"CORONAVIRUS 1, 828 CASOS REP\u00daBLICA DOMINICANA, 86 MUERTO, 33 RECUPERADOS"},"content":{"rendered":"<p><a href=\"https:\/\/acento.com.do\/author\/servicios\/\">Servicios de Acento.com.do<\/a>\u00a0<strong>Con datos de EFE<\/strong><\/p>\n<p>SANTO DOMINGO, Rep\u00fablica Dominicana.- El Ministerio de Salud P\u00fablica inform\u00f3 este lunes 6 que aument\u00f3 a 86 el n\u00famero de muertos a causa del coronavirus COVID-19 en el pa\u00eds, mientras que n\u00famero de afectados subi\u00f3 a 1,828.<\/p>\n<p>Hasta las 6:00 de tarde, del domingo 5 de abril, el titular de la entidad, Rafael S\u00e1nchez C\u00e1rdenas indic\u00f3 que 1,481 personas se encuentran en aislamiento domiciliario, 33 recibieron el alta m\u00e9dica y 3,661 casos fueron descartados luego de dar negativo a las pruebas.<\/p>\n<p><iframe loading=\"lazy\" id=\"ls_embed_1586182303\" src=\"https:\/\/livestream.com\/accounts\/2044704\/events\/9075808\/player?width=640&amp;height=360&amp;enableInfoAndActivity=true&amp;defaultDrawer=&amp;autoPlay=true&amp;mute=false\" width=\"100%\" height=\"500\" frameborder=\"0\" scrolling=\"no\" allowfullscreen=\"allowfullscreen\" data-mce-fragment=\"1\"><\/iframe><\/p>\n<div class=\"royalSlider rsDefault rsHor rsWithThumbs rsWithThumbsHor\">\n<div class=\"rsOverflow grab-cursor\">\n<div class=\"rsContainer\">\n<div class=\"rsSlide \"><img class=\"rsImg rsMainSlideImage\" src=\"https:\/\/acento.com.do\/wp-content\/uploads\/WhatsApp-Image-2020-04-06-at-10.43.27-AM-768x1008.jpeg\" data-no-lazy=\"1\" data-rstmb=\"https:\/\/acento.com.do\/wp-content\/uploads\/WhatsApp-Image-2020-04-06-at-10.43.27-AM-180x180.jpeg\" \/><\/div>\n<div class=\"rsSlide \"><img class=\"rsImg rsMainSlideImage\" src=\"https:\/\/acento.com.do\/wp-content\/uploads\/WhatsApp-Image-2020-04-06-at-10.43.27-AM-1-768x973.jpeg\" data-no-lazy=\"1\" data-rstmb=\"https:\/\/acento.com.do\/wp-content\/uploads\/WhatsApp-Image-2020-04-06-at-10.43.27-AM-1-180x180.jpeg\" \/><\/div>\n<div class=\"rsSlide \"><img class=\"rsImg rsMainSlideImage\" src=\"https:\/\/acento.com.do\/wp-content\/uploads\/WhatsApp-Image-2020-04-06-at-10.43.27-AM-2-768x1024.jpeg\" data-no-lazy=\"1\" data-rstmb=\"https:\/\/acento.com.do\/wp-content\/uploads\/WhatsApp-Image-2020-04-06-at-10.43.27-AM-2-180x180.jpeg\" \/><\/div>\n<div class=\"rsSlide \"><img class=\"rsImg rsMainSlideImage\" src=\"https:\/\/acento.com.do\/wp-content\/uploads\/WhatsApp-Image-2020-04-06-at-10.43.27-AM-3-768x975.jpeg\" data-no-lazy=\"1\" data-rstmb=\"https:\/\/acento.com.do\/wp-content\/uploads\/WhatsApp-Image-2020-04-06-at-10.43.27-AM-3-180x180.jpeg\" \/><\/div>\n<\/div>\n<div class=\"rsArrow rsArrowLeft rsArrowDisabled rsHidden\">\n<div class=\"rsArrowIcn\"><\/div>\n<\/div>\n<div class=\"rsArrow rsArrowRight rsHidden\">\n<div class=\"rsArrowIcn\"><\/div>\n<\/div>\n<\/div>\n<div class=\"rsNav rsThumbs rsThumbsHor\">\n<div class=\"rsThumbsContainer\">\n<div class=\"rsNavItem rsThumb rsNavSelected\"><img src=\"https:\/\/acento.com.do\/wp-content\/uploads\/WhatsApp-Image-2020-04-06-at-10.43.27-AM-180x180.jpeg\" \/><\/div>\n<div class=\"rsNavItem rsThumb\"><img src=\"https:\/\/acento.com.do\/wp-content\/uploads\/WhatsApp-Image-2020-04-06-at-10.43.27-AM-1-180x180.jpeg\" \/><\/div>\n<div class=\"rsNavItem rsThumb\"><img src=\"https:\/\/acento.com.do\/wp-content\/uploads\/WhatsApp-Image-2020-04-06-at-10.43.27-AM-2-180x180.jpeg\" \/><\/div>\n<div class=\"rsNavItem rsThumb\"><img src=\"https:\/\/acento.com.do\/wp-content\/uploads\/WhatsApp-Image-2020-04-06-at-10.43.27-AM-3-180x180.jpeg\" \/><\/div>\n<\/div>\n<\/div>\n<\/div>\n<p>&nbsp;<\/p>\n<p>En tanto, los contagios suman 1,828, de acuerdo con el funcionario, qui\u00e9n revel\u00f3 que entre estos se encuentran cuatro reclusos de la Penitenciaria La Victoria, donde se han realizado 576 pruebas tras la muerte de dos internos infectados por este virus.<\/p>\n<p>El 78 % de los fallecidos corresponde a hombres y la media de edad es de 62 a\u00f1os, explic\u00f3 S\u00e1nchez C\u00e1rdenas en rueda de prensa virtual.<\/p>\n<p>La mayor\u00eda de las v\u00edctimas fatales ten\u00edan enfermedades como diabetes, hipertensi\u00f3n y asma.<\/p>\n<p>El 38 % de los casos ocurri\u00f3 en el Distrito Nacional, el 15 % en Santo Domingo, el 11 % en Santiago, el 8 % en Duarte y el 6 % en La Vega.<\/p>\n<p>En la rueda de prensa, S\u00e1nchez C\u00e1rdenas llam\u00f3 a la ciudadan\u00eda a observar las medidas de higiene para evitar el contagio, as\u00ed como acudir a los centros asistenciales si presenta alguno de los s\u00edntomas de la enfermedad, entre ellos, tos y fiebre.<\/p>\n<p>A la vez, recomend\u00f3 el uso de mascarillas de forma masiva en las provincias que presentan transmisi\u00f3n comunitaria de la enfermedad, declarada pandemia por la Organizaci\u00f3n Mundial de la Salud (OMS).<\/p>\n<p>Por otro lado, el ministro de Salud llam\u00f3 a las autoridades a endurecer las medidas para evitar las visitas en las prisiones y en los asilos.<\/p>\n<p>Tambi\u00e9n anunci\u00f3 que el Laboratorio Patria Rivas ha empezado a realizar las pruebas de la enfermedad, lo que eleva a tres los laboratorios privados certificados para hacer este tipo de an\u00e1lisis.EFE<\/p>\n<p>Impactos: 126<\/p>","protected":false},"excerpt":{"rendered":"<p>Servicios de Acento.com.do\u00a0Con datos de EFE SANTO DOMINGO, Rep\u00fablica Dominicana.- El Ministerio de Salud P\u00fablica inform\u00f3 este lunes 6 que aument\u00f3 a 86 el<\/p>\n","protected":false},"author":3,"featured_media":9164,"comment_status":"closed","ping_status":"closed","sticky":false,"template":"","format":"standard","meta":[],"categories":[3],"tags":[],"_links":{"self":[{"href":"https:\/\/hormigaradio.com\/index.php?rest_route=\/wp\/v2\/posts\/9206"}],"collection":[{"href":"https:\/\/hormigaradio.com\/index.php?rest_route=\/wp\/v2\/posts"}],"about":[{"href":"https:\/\/hormigaradio.com\/index.php?rest_route=\/wp\/v2\/types\/post"}],"author":[{"embeddable":true,"href":"https:\/\/hormigaradio.com\/index.php?rest_route=\/wp\/v2\/users\/3"}],"replies":[{"embeddable":true,"href":"https:\/\/hormigaradio.com\/index.php?rest_route=%2Fwp%2Fv2%2Fcomments&post=9206"}],"version-history":[{"count":1,"href":"https:\/\/hormigaradio.com\/index.php?rest_route=\/wp\/v2\/posts\/9206\/revisions"}],"predecessor-version":[{"id":9207,"href":"https:\/\/hormigaradio.com\/index.php?rest_route=\/wp\/v2\/posts\/9206\/revisions\/9207"}],"wp:featuredmedia":[{"embeddable":true,"href":"https:\/\/hormigaradio.com\/index.php?rest_route=\/wp\/v2\/media\/9164"}],"wp:attachment":[{"href":"https:\/\/hormigaradio.com\/index.php?rest_route=%2Fwp%2Fv2%2Fmedia&parent=9206"}],"wp:term":[{"taxonomy":"category","embeddable":true,"href":"https:\/\/hormigaradio.com\/index.php?rest_route=%2Fwp%2Fv2%2Fcategories&post=9206"},{"taxonomy":"post_tag","embeddable":true,"href":"https:\/\/hormigaradio.com\/index.php?rest_route=%2Fwp%2Fv2%2Ftags&post=9206"}],"curies":[{"name":"wp","href":"https:\/\/api.w.org\/{rel}","templated":true}]}}