{"id":9217,"date":"2020-04-07T20:13:18","date_gmt":"2020-04-07T20:13:18","guid":{"rendered":"http:\/\/hormigaradio.com\/?p=9217"},"modified":"2020-04-07T20:17:22","modified_gmt":"2020-04-07T20:17:22","slug":"9217","status":"publish","type":"post","link":"https:\/\/hormigaradio.com\/?p=9217","title":{"rendered":"CORREA ES CONDENADO POR SUPUESTO \u00abCOHECHO\u00bb, EXPRESIDENTE DICE BUSCAN IMPEDIRLE PARTICIPAR EN ELECCIONES"},"content":{"rendered":"<p><a href=\"https:\/\/acento.com.do\/author\/servicios\/\">Servicios de Acento.com.do<\/a><\/p>\n<p>Quito, 7 abr (EFE).- El expresidente de Ecuador Rafael Correa ha sido condenado este martes a ocho a\u00f1os de c\u00e1rcel como autor del delito de cohecho agravado, por el que perder\u00eda, adem\u00e1s, sus derechos pol\u00edticos durante 25 a\u00f1os, seg\u00fan dictamin\u00f3 el tribunal penal de la Corte Nacional de Justicia.<\/p>\n<figure id=\"attachment_9218\" aria-describedby=\"caption-attachment-9218\" style=\"width: 500px\" class=\"wp-caption alignleft\"><img loading=\"lazy\" class=\"wp-image-9218 size-full\" src=\"http:\/\/hormigaradio.com\/wp-content\/uploads\/2020\/04\/CORREA.jpg\" alt=\"\" width=\"500\" height=\"333\" srcset=\"https:\/\/hormigaradio.com\/wp-content\/uploads\/2020\/04\/CORREA.jpg 500w, https:\/\/hormigaradio.com\/wp-content\/uploads\/2020\/04\/CORREA-300x200.jpg 300w\" sizes=\"(max-width: 500px) 100vw, 500px\" \/><figcaption id=\"caption-attachment-9218\" class=\"wp-caption-text\"><strong>Rafael Correa.<\/strong><\/figcaption><\/figure>\n<p>De acuerdo a la sentencia, Correa y el exvicepresidente Jorge Glas, quien fuera su estrecho colaborador, han sido condenados como autores del delito de cohecho, mientras que la mayor parte de la veintena de imputados en la misma causa, fueron declarados coautores del mismo, y dos exfuncionarias de la Presidencia como c\u00f3mplices.<\/p>\n<p>Tanto para Correa como a Glas, el panel de tres jueces que compone el tribunal, emiti\u00f3 una condena de ocho a\u00f1os de prisi\u00f3n, la inhabilitaci\u00f3n de la pol\u00edtica durante 25 a\u00f1os.<\/p>\n<p>\u00abLa sentencia como tal debe ratificarse o no en segunda instancia. Todav\u00eda ninguna pena esta ejecutoriada. Esto debe llegar hasta casaci\u00f3n y resolverse para estar en firme\u00bb, explic\u00f3 a Efe una fuente judicial sobre el alcance de la condena.<\/p>\n<p>El exmandatario enfrenta asimismo el pago de una suma por da\u00f1os y perjuicios, adem\u00e1s de una reparaci\u00f3n integral con la colocaci\u00f3n de una placa en el Edificio de la Presidencia de la Rep\u00fablica, pidiendo disculpas p\u00fablicas.<\/p>\n<blockquote><p>\u00abYo estoy bien. Me preocupan mis compa\u00f1eros. De seguro ganaremos a nivel internacional, porque todo es una mamarrachada, pero toma a\u00f1os. De tu voto depende que esta pesadilla acabe\u00bb, indic\u00f3 Rafael Correa<\/p>\n<div class=\"quote-share\"><\/div>\n<\/blockquote>\n<p>La sentencia acusa a Correa de haber liderado una red de corrupci\u00f3n entre 2012 y 2016 mediante la cual recibi\u00f3 \u00abaportes indebidos\u00bb en el palacio presidencial de Carondelet, para la financiaci\u00f3n irregular de su movimiento pol\u00edtico, el izquierdista Alianza Pa\u00eds, a cambio de la adjudicaci\u00f3n de millonarios contratos del Estado a varias empresas, entre ellas Odebrecht.<\/p>\n<p>El expresidente, que reside en B\u00e9lgica y se encuentra pr\u00f3fugo de la justicia por esta y otra causa, ha calificado \u00abde payasada\u00bb el juicio y su defensa cuestionado la imparcialidad de los jueces, as\u00ed como supuestas irregularidades de procedimiento en tiempo y forma.<\/p>\n<p>En las audiencias previas a inicios de marzo, la fiscal general, Diana Salazar, acus\u00f3 al exmandatario de haber dado las \u00f3rdenes para que se cometiera el delito sin necesidad de participar directamente: \u00abTodo estaba organizado desde arriba\u00bb, dijo.<\/p>\n<p>Salazar consider\u00f3 necesario el pago de una reparaci\u00f3n econ\u00f3mica de 1.130 millones de d\u00f3lares, el valor global de cada uno de los contratos que se colocaron dentro de esta trama de corrupci\u00f3n.EFE<\/p>\n<p><strong>Correa cree que sentencia de justicia en Ecuador busc\u00f3 apartarlo de las urnas<\/strong><\/p>\n<p>Quito, 7 abr (EFE).- El expresidente de Ecuador Rafael Correa reaccion\u00f3 este martes a la condena de 8 a\u00f1os de c\u00e1rcel e inhabilitaci\u00f3n pol\u00edtica, sugiriendo que sus detractores pol\u00edticos habr\u00edan conseguido apartarlo de las urnas.<\/p>\n<p>\u00abBueno, esto era lo que buscaban: manejando la justicia lograr lo que nunca pudieron en las urnas\u00bb, escribi\u00f3 el exmandatario en su cuenta de Twitter.<\/p>\n<p>Advirti\u00f3 a sus seguidores que se encuentra en buen estado y que seguir\u00e1 luchando en el \u00e1mbito internacional.<\/p>\n<p>\u00abYo estoy bien. Me preocupan mis compa\u00f1eros. De seguro ganaremos a nivel internacional, porque todo es una mamarrachada, pero toma a\u00f1os. De tu voto depende que esta pesadilla acabe\u00bb, indic\u00f3.<\/p>\n<p>Correa, que gobern\u00f3 Ecuador entre 2007 y 2017, ha sido condenado este martes a ocho a\u00f1os de c\u00e1rcel como autor del delito de cohecho agravado, por el que perder\u00eda, adem\u00e1s, sus derechos pol\u00edticos durante 25 a\u00f1os, seg\u00fan dictamin\u00f3 el tribunal penal de la Corte Nacional de Justicia.<\/p>\n<p>De acuerdo a la sentencia, Correa y el exvicepresidente Jorge Glas, quien fuera su estrecho colaborador, han sido condenados como autores mediatos del delito de cohecho, mientras que la mayor parte de la veintena de imputados en la causa, fueron declarados coautores del mismo.<\/p>\n<p>Tanto para Correa como para Glas, el panel de tres jueces que compone el tribunal, emiti\u00f3 una condena de ocho a\u00f1os de prisi\u00f3n, la inhabilitaci\u00f3n de la pol\u00edtica durante 25 a\u00f1os y el pago de reparaciones.<\/p>\n<p>Con todo, la sentencia a\u00fan pude \u00abratificarse o no en segunda instancia\u00bb, de acuerdo a expertos legales, que precisaron que a\u00fan no es firme y puede ser apelada por los condenados.<\/p>\n<p>Tanto la pena como la retirada de los derechos pol\u00edticos en una sentencia definitiva antes de que concluya el a\u00f1o, podr\u00edan apartar definitivamente a Correa de cualquier intento por concurrir a unas elecciones en Ecuador, en el a\u00f1o previo a celebrar comicios presidenciales. EFE<\/p>\n<p>Impactos: 84<\/p>","protected":false},"excerpt":{"rendered":"<p>Servicios de Acento.com.do Quito, 7 abr (EFE).- El expresidente de Ecuador Rafael Correa ha sido condenado este martes a ocho a\u00f1os de c\u00e1rcel como<\/p>\n","protected":false},"author":3,"featured_media":9218,"comment_status":"closed","ping_status":"closed","sticky":false,"template":"","format":"standard","meta":[],"categories":[6],"tags":[],"_links":{"self":[{"href":"https:\/\/hormigaradio.com\/index.php?rest_route=\/wp\/v2\/posts\/9217"}],"collection":[{"href":"https:\/\/hormigaradio.com\/index.php?rest_route=\/wp\/v2\/posts"}],"about":[{"href":"https:\/\/hormigaradio.com\/index.php?rest_route=\/wp\/v2\/types\/post"}],"author":[{"embeddable":true,"href":"https:\/\/hormigaradio.com\/index.php?rest_route=\/wp\/v2\/users\/3"}],"replies":[{"embeddable":true,"href":"https:\/\/hormigaradio.com\/index.php?rest_route=%2Fwp%2Fv2%2Fcomments&post=9217"}],"version-history":[{"count":3,"href":"https:\/\/hormigaradio.com\/index.php?rest_route=\/wp\/v2\/posts\/9217\/revisions"}],"predecessor-version":[{"id":9221,"href":"https:\/\/hormigaradio.com\/index.php?rest_route=\/wp\/v2\/posts\/9217\/revisions\/9221"}],"wp:featuredmedia":[{"embeddable":true,"href":"https:\/\/hormigaradio.com\/index.php?rest_route=\/wp\/v2\/media\/9218"}],"wp:attachment":[{"href":"https:\/\/hormigaradio.com\/index.php?rest_route=%2Fwp%2Fv2%2Fmedia&parent=9217"}],"wp:term":[{"taxonomy":"category","embeddable":true,"href":"https:\/\/hormigaradio.com\/index.php?rest_route=%2Fwp%2Fv2%2Fcategories&post=9217"},{"taxonomy":"post_tag","embeddable":true,"href":"https:\/\/hormigaradio.com\/index.php?rest_route=%2Fwp%2Fv2%2Ftags&post=9217"}],"curies":[{"name":"wp","href":"https:\/\/api.w.org\/{rel}","templated":true}]}}