{"id":9222,"date":"2020-04-07T20:26:43","date_gmt":"2020-04-07T20:26:43","guid":{"rendered":"http:\/\/hormigaradio.com\/?p=9222"},"modified":"2020-04-07T20:32:24","modified_gmt":"2020-04-07T20:32:24","slug":"empleados-de-medios-sufren-efectos-de-crisis-economica-suspendidos-y-excluidos-del-subsidio-estatal","status":"publish","type":"post","link":"https:\/\/hormigaradio.com\/?p=9222","title":{"rendered":"EMPLEADOS DE MEDIOS SUFREN EFECTOS DE CRISIS ECON\u00d3MICA, SUSPENDIDOS Y EXCLUIDOS DEL SUBSIDIO ESTATAL"},"content":{"rendered":"<p><a href=\"https:\/\/acento.com.do\/author\/servicios\/\">Servicios de Acento.com.do<\/a><\/p>\n<p>SANTO DOMINGO, Rep\u00fablica Dominicana. \u2013 La situaci\u00f3n los empleados suspendidos en distintos medios de comunicaci\u00f3n queda tendida en un hilo de dudas ya que, de acuerdo al art\u00edculo 3 del decreto que cre\u00f3 el Fondo de Asistencia Solidaria al Empleado (FASE), los trabajadores de las empresas de telecomunicaciones quedan fuera de los beneficios que ofrece el programa a los suspendidos durante el periodo de emergencia nacional a causa del coronavirus (Covid-19).<\/p>\n<p><img loading=\"lazy\" class=\"aligncenter size-full wp-image-8802928\" src=\"https:\/\/acento.com.do\/wp-content\/uploads\/Caribe-suspensi%C3%B3n-CDN-y-el-Caribe2.jpg\" sizes=\"(max-width: 896px) 100vw, 896px\" srcset=\"https:\/\/acento.com.do\/wp-content\/uploads\/Caribe-suspensi\u00f3n-CDN-y-el-Caribe2.jpg 896w, https:\/\/acento.com.do\/wp-content\/uploads\/Caribe-suspensi\u00f3n-CDN-y-el-Caribe2-250x357.jpg 250w, https:\/\/acento.com.do\/wp-content\/uploads\/Caribe-suspensi\u00f3n-CDN-y-el-Caribe2-700x1000.jpg 700w, https:\/\/acento.com.do\/wp-content\/uploads\/Caribe-suspensi\u00f3n-CDN-y-el-Caribe2-768x1097.jpg 768w, https:\/\/acento.com.do\/wp-content\/uploads\/Caribe-suspensi\u00f3n-CDN-y-el-Caribe2-120x171.jpg 120w, https:\/\/acento.com.do\/wp-content\/uploads\/Caribe-suspensi\u00f3n-CDN-y-el-Caribe2-8x12.jpg 8w\" alt=\"\" width=\"896\" height=\"1280\" \/>\u00a0<img loading=\"lazy\" class=\"aligncenter size-full wp-image-8802929\" src=\"https:\/\/acento.com.do\/wp-content\/uploads\/Canal-19-suspensi%C3%B3n-empleados.jpg\" sizes=\"(max-width: 720px) 100vw, 720px\" srcset=\"https:\/\/acento.com.do\/wp-content\/uploads\/Canal-19-suspensi\u00f3n-empleados.jpg 720w, https:\/\/acento.com.do\/wp-content\/uploads\/Canal-19-suspensi\u00f3n-empleados-250x444.jpg 250w, https:\/\/acento.com.do\/wp-content\/uploads\/Canal-19-suspensi\u00f3n-empleados-700x1244.jpg 700w, https:\/\/acento.com.do\/wp-content\/uploads\/Canal-19-suspensi\u00f3n-empleados-120x213.jpg 120w, https:\/\/acento.com.do\/wp-content\/uploads\/Canal-19-suspensi\u00f3n-empleados-7x12.jpg 7w\" alt=\"\" width=\"720\" height=\"1280\" \/>\u00a0<img loading=\"lazy\" class=\"aligncenter size-full wp-image-8802930\" src=\"https:\/\/acento.com.do\/wp-content\/uploads\/Caribe-suspensi%C3%B3n-CDN-y-el-Caribe.jpg\" sizes=\"(max-width: 720px) 100vw, 720px\" srcset=\"https:\/\/acento.com.do\/wp-content\/uploads\/Caribe-suspensi\u00f3n-CDN-y-el-Caribe.jpg 720w, https:\/\/acento.com.do\/wp-content\/uploads\/Caribe-suspensi\u00f3n-CDN-y-el-Caribe-250x444.jpg 250w, https:\/\/acento.com.do\/wp-content\/uploads\/Caribe-suspensi\u00f3n-CDN-y-el-Caribe-700x1244.jpg 700w, https:\/\/acento.com.do\/wp-content\/uploads\/Caribe-suspensi\u00f3n-CDN-y-el-Caribe-120x213.jpg 120w, https:\/\/acento.com.do\/wp-content\/uploads\/Caribe-suspensi\u00f3n-CDN-y-el-Caribe-7x12.jpg 7w\" alt=\"\" width=\"720\" height=\"1280\" \/><\/p>\n<p>Se cuestiona el cierre temporal de medios de comunicaci\u00f3n tras ser de conocimiento p\u00fablico la suspensi\u00f3n de los contratos de sus empleados por un per\u00edodo de 60 o 90 d\u00edas, correspondiente a dos y tres meses, debido a la baja en sus operaciones y productividad<\/p>\n<p>CDN (Canal 37) y el peri\u00f3dico El Caribe, as\u00ed como Cinevisi\u00f3n (Canal 19), forman parte de los medios de comunicaci\u00f3n que confirmaron la suspensi\u00f3n laboral para su personal justo despu\u00e9s de conmemorarse el D\u00eda del Periodista.<\/p>\n<p>Hasta el momento, otros canales de televisi\u00f3n, emisoras de radio y peri\u00f3dicos nacionales han dado continuidad a sus servicios a trav\u00e9s de las plataformas digitales.<\/p>\n<p>Impactos: 105<\/p>","protected":false},"excerpt":{"rendered":"<p>Servicios de Acento.com.do SANTO DOMINGO, Rep\u00fablica Dominicana. \u2013 La situaci\u00f3n los empleados suspendidos en distintos medios de comunicaci\u00f3n queda tendida en un hilo de<\/p>\n","protected":false},"author":3,"featured_media":9224,"comment_status":"closed","ping_status":"closed","sticky":false,"template":"","format":"standard","meta":[],"categories":[3],"tags":[],"_links":{"self":[{"href":"https:\/\/hormigaradio.com\/index.php?rest_route=\/wp\/v2\/posts\/9222"}],"collection":[{"href":"https:\/\/hormigaradio.com\/index.php?rest_route=\/wp\/v2\/posts"}],"about":[{"href":"https:\/\/hormigaradio.com\/index.php?rest_route=\/wp\/v2\/types\/post"}],"author":[{"embeddable":true,"href":"https:\/\/hormigaradio.com\/index.php?rest_route=\/wp\/v2\/users\/3"}],"replies":[{"embeddable":true,"href":"https:\/\/hormigaradio.com\/index.php?rest_route=%2Fwp%2Fv2%2Fcomments&post=9222"}],"version-history":[{"count":1,"href":"https:\/\/hormigaradio.com\/index.php?rest_route=\/wp\/v2\/posts\/9222\/revisions"}],"predecessor-version":[{"id":9223,"href":"https:\/\/hormigaradio.com\/index.php?rest_route=\/wp\/v2\/posts\/9222\/revisions\/9223"}],"wp:featuredmedia":[{"embeddable":true,"href":"https:\/\/hormigaradio.com\/index.php?rest_route=\/wp\/v2\/media\/9224"}],"wp:attachment":[{"href":"https:\/\/hormigaradio.com\/index.php?rest_route=%2Fwp%2Fv2%2Fmedia&parent=9222"}],"wp:term":[{"taxonomy":"category","embeddable":true,"href":"https:\/\/hormigaradio.com\/index.php?rest_route=%2Fwp%2Fv2%2Fcategories&post=9222"},{"taxonomy":"post_tag","embeddable":true,"href":"https:\/\/hormigaradio.com\/index.php?rest_route=%2Fwp%2Fv2%2Ftags&post=9222"}],"curies":[{"name":"wp","href":"https:\/\/api.w.org\/{rel}","templated":true}]}}