{"id":9444,"date":"2020-04-30T20:40:49","date_gmt":"2020-04-30T20:40:49","guid":{"rendered":"http:\/\/hormigaradio.com\/?p=9444"},"modified":"2020-04-30T20:46:09","modified_gmt":"2020-04-30T20:46:09","slug":"salir-de-la-casas-a-lo-estrictamente-necesario-gobierno-extiende-medidas-hasta-el-17-de-mayo","status":"publish","type":"post","link":"https:\/\/hormigaradio.com\/?p=9444","title":{"rendered":"SALIR DE LA CASA A LO ESTRICTAMENTE NECESARIO; GOBIERNO EXTIENDE MEDIDAS HASTA EL 17 DE MAYO"},"content":{"rendered":"<p><a href=\"https:\/\/acento.com.do\/author\/servicios\/\">Servicios de Acento.com.do<\/a><\/p>\n<p>SANTO DOMINGO, Rep\u00fablica Dominicana.- El presidente Danilo Medina extendi\u00f3 este jueves 30 el toque de queda de 5:00 p.m. hasta las 6:00 a.m. en todo el territorio nacional hasta el domingo 17 de mayo de 2020,, como medida de prevenci\u00f3n por el coronavirus COVID-19.<\/p>\n<p>La decisi\u00f3n est\u00e1 contenida en el decreto 154-20, en el cual indica que todas las medidas de distanciamiento social adoptadas por el Poder Ejecutivo se mantendr\u00e1n sin variaci\u00f3n.<\/p>\n<p>Previamente, Medina hab\u00eda emitido el decreto 153-20, en el cual se prorrog\u00f3 el estado de emergencia en todo el territorio nacional por 17 d\u00edas.<\/p>\n<p><a href=\"https:\/\/acento.com.do\/wp-content\/uploads\/EW4BIrcXYAAwBTu.jpg\" data-slb-active=\"1\" data-slb-asset=\"975281434\" data-slb-internal=\"0\" data-slb-group=\"8812109\"><img loading=\"lazy\" class=\"aligncenter size-full wp-image-8812111\" src=\"https:\/\/acento.com.do\/wp-content\/uploads\/EW4BIrcXYAAwBTu.jpg\" sizes=\"(max-width: 682px) 100vw, 682px\" srcset=\"https:\/\/acento.com.do\/wp-content\/uploads\/EW4BIrcXYAAwBTu.jpg 682w, https:\/\/acento.com.do\/wp-content\/uploads\/EW4BIrcXYAAwBTu-250x329.jpg 250w, https:\/\/acento.com.do\/wp-content\/uploads\/EW4BIrcXYAAwBTu-120x158.jpg 120w, https:\/\/acento.com.do\/wp-content\/uploads\/EW4BIrcXYAAwBTu-9x12.jpg 9w\" alt=\"\" width=\"682\" height=\"900\" \/><\/a><\/p>\n<p>Impactos: 99<\/p>","protected":false},"excerpt":{"rendered":"<p>Servicios de Acento.com.do SANTO DOMINGO, Rep\u00fablica Dominicana.- El presidente Danilo Medina extendi\u00f3 este jueves 30 el toque de queda de 5:00 p.m. hasta las<\/p>\n","protected":false},"author":3,"featured_media":5924,"comment_status":"closed","ping_status":"closed","sticky":false,"template":"","format":"standard","meta":[],"categories":[3],"tags":[],"_links":{"self":[{"href":"https:\/\/hormigaradio.com\/index.php?rest_route=\/wp\/v2\/posts\/9444"}],"collection":[{"href":"https:\/\/hormigaradio.com\/index.php?rest_route=\/wp\/v2\/posts"}],"about":[{"href":"https:\/\/hormigaradio.com\/index.php?rest_route=\/wp\/v2\/types\/post"}],"author":[{"embeddable":true,"href":"https:\/\/hormigaradio.com\/index.php?rest_route=\/wp\/v2\/users\/3"}],"replies":[{"embeddable":true,"href":"https:\/\/hormigaradio.com\/index.php?rest_route=%2Fwp%2Fv2%2Fcomments&post=9444"}],"version-history":[{"count":3,"href":"https:\/\/hormigaradio.com\/index.php?rest_route=\/wp\/v2\/posts\/9444\/revisions"}],"predecessor-version":[{"id":9447,"href":"https:\/\/hormigaradio.com\/index.php?rest_route=\/wp\/v2\/posts\/9444\/revisions\/9447"}],"wp:featuredmedia":[{"embeddable":true,"href":"https:\/\/hormigaradio.com\/index.php?rest_route=\/wp\/v2\/media\/5924"}],"wp:attachment":[{"href":"https:\/\/hormigaradio.com\/index.php?rest_route=%2Fwp%2Fv2%2Fmedia&parent=9444"}],"wp:term":[{"taxonomy":"category","embeddable":true,"href":"https:\/\/hormigaradio.com\/index.php?rest_route=%2Fwp%2Fv2%2Fcategories&post=9444"},{"taxonomy":"post_tag","embeddable":true,"href":"https:\/\/hormigaradio.com\/index.php?rest_route=%2Fwp%2Fv2%2Ftags&post=9444"}],"curies":[{"name":"wp","href":"https:\/\/api.w.org\/{rel}","templated":true}]}}