{"id":9449,"date":"2020-05-01T19:00:53","date_gmt":"2020-05-01T19:00:53","guid":{"rendered":"http:\/\/hormigaradio.com\/?p=9449"},"modified":"2020-05-01T19:26:00","modified_gmt":"2020-05-01T19:26:00","slug":"9449","status":"publish","type":"post","link":"https:\/\/hormigaradio.com\/?p=9449","title":{"rendered":"CORONAVIRUS SUMA 7, 288 CC,  CON 312 MUERTES EN REP\u00daBLICA DOMININCANA 1, 387 SUPERAN ENFERMEDAD"},"content":{"rendered":"<p><a href=\"https:\/\/acento.com.do\/author\/servicios\/\">Servicios de Acento.com.do<\/a><\/p>\n<p>SANTO DOMINGO, Rep\u00fablica Dominicana.- El Ministerio de Salud P\u00fablica inform\u00f3 este viernes que los contagios por coronavirus ascendieron a 7,288 (316 nuevos casos respecto a la cifra de ayer), mientras que la de defunciones por la enfermedad, subi\u00f3 a 313 (12 fallecidos m\u00e1s que los reportados en el informe anterior).<\/p>\n<figure id=\"attachment_9452\" aria-describedby=\"caption-attachment-9452\" style=\"width: 300px\" class=\"wp-caption alignleft\"><img loading=\"lazy\" class=\"wp-image-9452 size-medium\" src=\"http:\/\/hormigaradio.com\/wp-content\/uploads\/2020\/05\/WhatsApp-Image-2020-05-01-at-3.02.58-PM-e1588360929978-300x225.jpeg\" alt=\"\" width=\"300\" height=\"225\" srcset=\"https:\/\/hormigaradio.com\/wp-content\/uploads\/2020\/05\/WhatsApp-Image-2020-05-01-at-3.02.58-PM-e1588360929978-300x225.jpeg 300w, https:\/\/hormigaradio.com\/wp-content\/uploads\/2020\/05\/WhatsApp-Image-2020-05-01-at-3.02.58-PM-e1588360929978-768x576.jpeg 768w, https:\/\/hormigaradio.com\/wp-content\/uploads\/2020\/05\/WhatsApp-Image-2020-05-01-at-3.02.58-PM-e1588360929978-1024x768.jpeg 1024w, https:\/\/hormigaradio.com\/wp-content\/uploads\/2020\/05\/WhatsApp-Image-2020-05-01-at-3.02.58-PM-e1588360929978.jpeg 1280w\" sizes=\"(max-width: 300px) 100vw, 300px\" \/><figcaption id=\"caption-attachment-9452\" class=\"wp-caption-text\"><em><strong>Ilustracci\u00f3n virus: Stheisy Rodr\u00edguez Valdez.<\/strong><\/em><\/figcaption><\/figure>\n<p>Al dar lectura al bolet\u00edn n\u00famero 43, el titular de Salud, Rafael S\u00e1nchez C\u00e1rdenas, indic\u00f3 que la tasa de letalidad del virus descendi\u00f3 a 4.29 %. Asimismo, expuso que las personas ingresadas en las unidades de cuidados intensivos son 108. De estos, 54 permanecen con ventilaci\u00f3n mec\u00e1nica.<\/p>\n<p>El n\u00famero de pacientes recuperados de COVID-19 en cl\u00ednicas y hospitales aument\u00f3 a 1,387.<\/p>\n<p>Sobre las pruebas de PCR, S\u00e1nchez C\u00e1rdenas indic\u00f3 que hasta el momento se han procesado 28,446 muestras, de las cuales 21,158 han sido descartadas.<\/p>\n<p><iframe loading=\"lazy\" id=\"ls_embed_1588340071\" src=\"https:\/\/livestream.com\/accounts\/2044704\/events\/9112955\/player?width=640&amp;height=360&amp;enableInfoAndActivity=true&amp;defaultDrawer=&amp;autoPlay=true&amp;mute=false\" width=\"100%\" height=\"500\" frameborder=\"0\" scrolling=\"no\" allowfullscreen=\"allowfullscreen\" data-mce-fragment=\"1\"><\/iframe><\/p>\n<p>De los casos nuevos, de acuerdo con la informaci\u00f3n, 90 se registraron en el Distrito Nacional, 68 en Santo Domingo, 29 en Santiago, 27 en Espaillat, 23 en Hermanas Mirabal, 15 en La Romana, 13 en La Vega, 7 en Azua, 6 en Monse\u00f1or Nouel, igual n\u00famero en Mar\u00eda Trinidad S\u00e1nchez, 5 en Puerto Plata y 5 m\u00e1s en Peravia.<\/p>\n<p>Los nuevos fallecimientos se registraron en Santo Domingo (3), Santiago (3), Valverde (2), el Distrito Nacional (1), Espaillat (1), La Vega (1) y San Crist\u00f3bal (1).<\/p>\n<p>Hasta el momento, se han procesado 28,446 pruebas PCR, las \u00fanicas que confirman la enfermedad, de las que se han descartado 21,157, seg\u00fan indic\u00f3 S\u00e1nchez C\u00e1rdenas, quien destac\u00f3 un aumento en el n\u00famero de pruebas realizadas en los \u00faltimos cinco d\u00edas.<\/p>\n<p>El 76,04 % de los fallecidos eran hombres que ten\u00eda antecedes de hipertensi\u00f3n arterial y diabetes.<\/p>\n<p>La tasa de letalidad se ubica en 4.29 %, de acuerdo con la informaci\u00f3n.<\/p>\n<p>La Rep\u00fablica Dominicana est\u00e1 en estado de emergencia desde el pasado 19 de marzo para combatir la pandemia de coronavirus.<\/p>\n<p>El presidente Danilo Medina decret\u00f3 ayer la extensi\u00f3n del toque de queda en vigor por otros 17 d\u00edas a partir de hoy, como medida de prevenci\u00f3n frente al nuevo coronavirus.<\/p>\n<p><strong>Con informaci\u00f3n de EFE<\/strong><\/p>\n<p><strong>Documento para descarga:<\/strong><\/p>\n<p><a href=\"https:\/\/acento.com.do\/wp-content\/uploads\/Bolet%C3%ADn-especial-43-COVID-19-30-04-2020.pdf\">Bolet\u00edn especial 43 \u2013 COVID-19 -30-04-2020<\/a><\/p>\n<p>Impactos: 100<\/p>","protected":false},"excerpt":{"rendered":"<p>Servicios de Acento.com.do SANTO DOMINGO, Rep\u00fablica Dominicana.- El Ministerio de Salud P\u00fablica inform\u00f3 este viernes que los contagios por coronavirus ascendieron a 7,288 (316<\/p>\n","protected":false},"author":3,"featured_media":9452,"comment_status":"closed","ping_status":"closed","sticky":false,"template":"","format":"standard","meta":[],"categories":[3],"tags":[],"_links":{"self":[{"href":"https:\/\/hormigaradio.com\/index.php?rest_route=\/wp\/v2\/posts\/9449"}],"collection":[{"href":"https:\/\/hormigaradio.com\/index.php?rest_route=\/wp\/v2\/posts"}],"about":[{"href":"https:\/\/hormigaradio.com\/index.php?rest_route=\/wp\/v2\/types\/post"}],"author":[{"embeddable":true,"href":"https:\/\/hormigaradio.com\/index.php?rest_route=\/wp\/v2\/users\/3"}],"replies":[{"embeddable":true,"href":"https:\/\/hormigaradio.com\/index.php?rest_route=%2Fwp%2Fv2%2Fcomments&post=9449"}],"version-history":[{"count":4,"href":"https:\/\/hormigaradio.com\/index.php?rest_route=\/wp\/v2\/posts\/9449\/revisions"}],"predecessor-version":[{"id":9454,"href":"https:\/\/hormigaradio.com\/index.php?rest_route=\/wp\/v2\/posts\/9449\/revisions\/9454"}],"wp:featuredmedia":[{"embeddable":true,"href":"https:\/\/hormigaradio.com\/index.php?rest_route=\/wp\/v2\/media\/9452"}],"wp:attachment":[{"href":"https:\/\/hormigaradio.com\/index.php?rest_route=%2Fwp%2Fv2%2Fmedia&parent=9449"}],"wp:term":[{"taxonomy":"category","embeddable":true,"href":"https:\/\/hormigaradio.com\/index.php?rest_route=%2Fwp%2Fv2%2Fcategories&post=9449"},{"taxonomy":"post_tag","embeddable":true,"href":"https:\/\/hormigaradio.com\/index.php?rest_route=%2Fwp%2Fv2%2Ftags&post=9449"}],"curies":[{"name":"wp","href":"https:\/\/api.w.org\/{rel}","templated":true}]}}