{"id":95,"date":"2017-11-11T00:41:02","date_gmt":"2017-11-11T00:41:02","guid":{"rendered":"http:\/\/hormigaradio.com\/?p=95"},"modified":"2017-11-11T00:42:47","modified_gmt":"2017-11-11T00:42:47","slug":"conuko-band-roots-la-meta-es-hacer-musica-para-dejar-un-legado","status":"publish","type":"post","link":"https:\/\/hormigaradio.com\/?p=95","title":{"rendered":"Conuko Band Roots: \u201cLa meta es hacer m\u00fasica para dejar un legado\u201d"},"content":{"rendered":"<p><span class=\"author\"><a href=\"https:\/\/acento.com.do\/author\/mlaureano\/\">M\u00e1ximo Laureano<\/a><\/span><\/p>\n<p><img class=\"attachment-full size-full wp-post-image\" src=\"https:\/\/acento-main-cdn-odsoluciones.netdna-ssl.com\/wp-content\/uploads\/conuko-1.jpg\" \/><\/p>\n<p>SANTIAGO, Rep\u00fablica Dominicana.-Ellos se hacen llamar musicultores, porque seg\u00fan sus planteamientos cultivan\u00a0 los g\u00e9neros musicales del Caribe, desde el reggae que tiene su cuna en Jamaica, hasta el merengue de la Rep\u00fablica Dominicana.<\/p>\n<p>Los \u201cmusicultores\u201d del grupo Conuko Band Roots son j\u00f3venes, pero no hacen m\u00fasica para una \u00fanica generaci\u00f3n, sino, para todos los tiempos y sobre todo procuran hacer aportes culturales con sus propuestas art\u00edsticas.<!--more--><\/p>\n<p>Destacan\u00a0 que pese a tener \u00a0la mirada puesta en el mercado para el producto discogr\u00e1fico que preparan, cuidan que cada tema est\u00e9 \u00a0sustentado en las ra\u00edces musicales de los ritmos tropicales y con un contenido en el cual las denuncias de las injusticias sociales, son prioridad.<\/p>\n<p>\u201cSoldado soy, caminando voy, escribiendo realidades\u00a0 en mi ciudad\u201d, este verso, describe\u00a0 la esencia social que lleva la Conuko Band Roots, en sus l\u00edricas.<\/p>\n<p>Para los \u201cmusicultores\u201d hacer un tema para buscar un nicho comercial, alej\u00e1ndose de las ra\u00edces de los ritmos tropicales del Caribe y con un contenido lesivo, es dejar de lados sus ideas de\u00a0 vivir en una sociedad m\u00e1s justa.<a href=\"https:\/\/acento-main-cdn-odsoluciones.netdna-ssl.com\/wp-content\/uploads\/biografia-de-musico.jpg\" data-slb-active=\"1\" data-slb-asset=\"1881043027\" data-slb-internal=\"0\" data-slb-group=\"8507448\"><img class=\"aligncenter size-large wp-image-8507482\" src=\"https:\/\/acento-main-cdn-odsoluciones.netdna-ssl.com\/wp-content\/uploads\/biografia-de-musico-700x905.jpg\" alt=\"\" \/><\/a><\/p>\n<p>De ah\u00ed que V\u00edctor Daniel Hiraldo Cruz (De Troya), afirma que procura siempre mejorar\u00a0 el contenido de sus temas, porque adem\u00e1s de apostar a la calidad,\u00a0 quieren que las denuncias que\u00a0 hacen en cada pieza, no caigan al vac\u00edo.<\/p>\n<p>\u201cCaballero, p\u00f3ngase el sombrero, si va pal \u00a0el sol, que por la acera se camina mejor. Caballero, p\u00f3ngase el sombrero, pa\u00b4 que no le caiga un aguacero\u201d, repite el coro de la canci\u00f3n \u201cCaballero\u201d, otro de los temas que marca la apuesta musical de este grupo alternativo.<\/p>\n<p>Ellos\u00a0 consideran que la m\u00fasica \u00a0es como su conuco,\u00a0 quienes trabajan all\u00ed, tienen la responsabilidad de cultivar los distintos ritmos musicales de los pueblos del Caribe, con la idea de hacerlo florecer y llevar sus frutos culturales a las nuevas generaciones y lograr la permanencia, en el tiempo.<\/p>\n<p>Separados cada uno de los \u201cmusicultores\u201d,\u00a0 tiene un mundo de ideas, pero juntos\u00a0 son la Conuko Band Roots,\u00a0 una integraci\u00f3n musical, sustentada en las ra\u00edces ind\u00edgenas que dieron origen a la cultura en los pueblos caribe\u00f1os, seg\u00fan afirma, De Troya, percusionista, compositor y cantante principal del grupo.<\/p>\n<p>\u201cNosotros, nos identificamos con el reggae, tenemos una base de reagae, pero le ponemos su saz\u00f3n tropical a todos los que hacemos\u201d, asegura De Troya,<\/p>\n<p>Agrega que lo que hacen es una fusi\u00f3n merengue, reagae, salsa, palos, son y otras expresiones culturales.<\/p>\n<p>Su centro musical, es el reggae,\u00a0 que tiene como cuna Jamaica, aunque la fusi\u00f3n de ritmos es la raz\u00f3n de ser de su presencia en el mundo del arte, afirma Johan\u00a0 Espino, manejador de la banda.<\/p>\n<p>Espino habla de los planes la Conuko Band Roots, una de sus metas es poner en el mercado la primera producci\u00f3n discogr\u00e1fica, con la cual garantizan que el p\u00fablico tendr\u00e1 en sus manos un producto para disfrutar de la fusi\u00f3n de los ritmos caribe\u00f1os y reflexionar en torno a la realidad social que envuelve, en la Rep\u00fablica Dominicana y en el contexto internacional.<a href=\"https:\/\/acento-main-cdn-odsoluciones.netdna-ssl.com\/wp-content\/uploads\/DSC_0044-3.jpg\" data-slb-active=\"1\" data-slb-asset=\"639945078\" data-slb-internal=\"0\" data-slb-group=\"8507448\"><img class=\"aligncenter size-large wp-image-8507481\" src=\"https:\/\/acento-main-cdn-odsoluciones.netdna-ssl.com\/wp-content\/uploads\/DSC_0044-3-700x467.jpg\" alt=\"\" \/><\/a><\/p>\n<p><strong>\u00bfHan hecho un tema con el cual se identifican?<\/strong><\/p>\n<p>\u201cSoldado, por ejemplo. Soldado es un tema que nos impacta, porque habla de las personas que andan en las calles y que nadie les da m\u00e9ritos, la gente que venden frutas, los limpiavidrios, limpiabotas, esa gente que trabaja en el mercado del hospedaje Yaque, que se levantan en la madrugada a trabajar, para llevarles comida a sus hijos. Es un tema que tambi\u00e9n enfoca el trabajo que pasan los estudiantes universitarios pobres, que sufren todo para terminar una carrera, este tema soldado, es una realidad, un retrato de la discriminaci\u00f3n que sufre la gente\u201d.<\/p>\n<p><strong>\u00bfPor qu\u00e9 inclinarse por lo alternativo y no grabar ritmos\u00a0 m\u00e1s f\u00e1ciles para el mercado?<\/strong><\/p>\n<p>Porque nosotros pensamos dejar algo, aqu\u00ed en Santiago y en Rep\u00fablica Dominicana, queremos dejar un legado, que no sea algo pasajero.<\/p>\n<p><strong>\u00bfHacia d\u00f3nde se encaminan con la Conuko Band Roots?.<\/strong><\/p>\n<p>Conuko ahora est\u00e1 abriendo muchas puertas, solo Dios nos gu\u00eda, y vamos pa lante, hasta alcanzar nuestro objetivo, que es tener una masa de p\u00fablico, que la gente se identifique con el proyecto, porque es un proyecto muy cultural, habla de campo, de la naturaleza. Tambi\u00e9n tenemos proyecciones internacionales, para que conozcan nuestra m\u00fasica en muchas partes del mundo.<\/p>\n<p><strong>Para descarga:<\/strong>\u00a0<a href=\"https:\/\/acento-main-cdn-odsoluciones.netdna-ssl.com\/wp-content\/uploads\/Conuko-Bio.pdf\">Conuko Bio<\/a><\/p>\n<p>Impactos: 240<\/p>","protected":false},"excerpt":{"rendered":"<p>M\u00e1ximo Laureano SANTIAGO, Rep\u00fablica Dominicana.-Ellos se hacen llamar musicultores, porque seg\u00fan sus planteamientos cultivan\u00a0 los g\u00e9neros musicales del Caribe, desde el reggae que tiene<\/p>\n","protected":false},"author":3,"featured_media":0,"comment_status":"open","ping_status":"closed","sticky":false,"template":"","format":"standard","meta":[],"categories":[4],"tags":[],"_links":{"self":[{"href":"https:\/\/hormigaradio.com\/index.php?rest_route=\/wp\/v2\/posts\/95"}],"collection":[{"href":"https:\/\/hormigaradio.com\/index.php?rest_route=\/wp\/v2\/posts"}],"about":[{"href":"https:\/\/hormigaradio.com\/index.php?rest_route=\/wp\/v2\/types\/post"}],"author":[{"embeddable":true,"href":"https:\/\/hormigaradio.com\/index.php?rest_route=\/wp\/v2\/users\/3"}],"replies":[{"embeddable":true,"href":"https:\/\/hormigaradio.com\/index.php?rest_route=%2Fwp%2Fv2%2Fcomments&post=95"}],"version-history":[{"count":1,"href":"https:\/\/hormigaradio.com\/index.php?rest_route=\/wp\/v2\/posts\/95\/revisions"}],"predecessor-version":[{"id":96,"href":"https:\/\/hormigaradio.com\/index.php?rest_route=\/wp\/v2\/posts\/95\/revisions\/96"}],"wp:attachment":[{"href":"https:\/\/hormigaradio.com\/index.php?rest_route=%2Fwp%2Fv2%2Fmedia&parent=95"}],"wp:term":[{"taxonomy":"category","embeddable":true,"href":"https:\/\/hormigaradio.com\/index.php?rest_route=%2Fwp%2Fv2%2Fcategories&post=95"},{"taxonomy":"post_tag","embeddable":true,"href":"https:\/\/hormigaradio.com\/index.php?rest_route=%2Fwp%2Fv2%2Ftags&post=95"}],"curies":[{"name":"wp","href":"https:\/\/api.w.org\/{rel}","templated":true}]}}