{"id":9695,"date":"2020-05-25T01:09:34","date_gmt":"2020-05-25T01:09:34","guid":{"rendered":"http:\/\/hormigaradio.com\/?p=9695"},"modified":"2020-05-25T02:02:32","modified_gmt":"2020-05-25T02:02:32","slug":"yo-no-merezco-ser-fiscal-si-yo-permito-esa-vagabunderia","status":"publish","type":"post","link":"https:\/\/hormigaradio.com\/?p=9695","title":{"rendered":"\u201cYO NO MEREZCO SER FISCAL, SI YO PERMITO ESA VAGABUNDER\u00cdA"},"content":{"rendered":"<div class=\"entry-content col-12 col-md-6 col-lg-8\">\n<p><a href=\"https:\/\/acento.com.do\/author\/mlaureano\/\">M\u00e1ximo Laureano<\/a><\/p>\n<p>SANTIAGO.- \u201cYo no merezco ser fiscal, si yo permito esa vagabunder\u00eda\u201d, afirma el fiscal titular de Santiago, Jos\u00e9 Francisco N\u00fa\u00f1ez Ledesma, al referirse a la situaci\u00f3n de un abogado, que habr\u00eda agredido a una fiscal, adem\u00e1s de romper algunos mobiliarios de la Procuradur\u00eda, en esta sede judicial.<\/p>\n<p>Al responder sobre el tema a reporteros gr\u00e1ficos y periodistas, Francisco N\u00fa\u00f1ez Ledesma, anunci\u00f3 que el profesional del derecho involucrado en esta acci\u00f3n, ha sido apresado y se conocer\u00e1 medida de coerci\u00f3n en su contra.<\/p>\n<p>En tono no muy amigable, el funcionario advirti\u00f3 que no permitir\u00eda este tipo de actuaciones contra personal del Ministerio P\u00fablico y menos a una mujer.<\/p>\n<p>Seg\u00fan ha informado el fiscal titular, N\u00fa\u00f1ez Ledesma, el abogado Francisco Emilio Monegro ser\u00e1 enviado a los tribunales, por supuesta agresi\u00f3n a la fiscal y la destrucci\u00f3n de propiedades del Ministerio P\u00fablico.<\/p>\n<p>El abogado habr\u00eda actuado de manera airada, en momento que procuraba informaci\u00f3n relacionada a la confiscaci\u00f3n de un veh\u00edculo de un cliente, el cual presuntamente era usado por personal de la Fiscal\u00eda.<\/p>\n<p>N\u00fa\u00f1ez ha dicho que el abogado Monegro, debi\u00f3 usar los medios que le otorga la ley para que hiciera los reclamos, porque para esos conoce los procedimientos en este tipo de situaciones.<\/p>\n<\/div>\n<p>Impactos: 187<\/p>","protected":false},"excerpt":{"rendered":"<p>M\u00e1ximo Laureano SANTIAGO.- \u201cYo no merezco ser fiscal, si yo permito esa vagabunder\u00eda\u201d, afirma el fiscal titular de Santiago, Jos\u00e9 Francisco N\u00fa\u00f1ez Ledesma, al<\/p>\n","protected":false},"author":3,"featured_media":9698,"comment_status":"closed","ping_status":"closed","sticky":false,"template":"","format":"standard","meta":[],"categories":[3],"tags":[],"_links":{"self":[{"href":"https:\/\/hormigaradio.com\/index.php?rest_route=\/wp\/v2\/posts\/9695"}],"collection":[{"href":"https:\/\/hormigaradio.com\/index.php?rest_route=\/wp\/v2\/posts"}],"about":[{"href":"https:\/\/hormigaradio.com\/index.php?rest_route=\/wp\/v2\/types\/post"}],"author":[{"embeddable":true,"href":"https:\/\/hormigaradio.com\/index.php?rest_route=\/wp\/v2\/users\/3"}],"replies":[{"embeddable":true,"href":"https:\/\/hormigaradio.com\/index.php?rest_route=%2Fwp%2Fv2%2Fcomments&post=9695"}],"version-history":[{"count":1,"href":"https:\/\/hormigaradio.com\/index.php?rest_route=\/wp\/v2\/posts\/9695\/revisions"}],"predecessor-version":[{"id":9696,"href":"https:\/\/hormigaradio.com\/index.php?rest_route=\/wp\/v2\/posts\/9695\/revisions\/9696"}],"wp:featuredmedia":[{"embeddable":true,"href":"https:\/\/hormigaradio.com\/index.php?rest_route=\/wp\/v2\/media\/9698"}],"wp:attachment":[{"href":"https:\/\/hormigaradio.com\/index.php?rest_route=%2Fwp%2Fv2%2Fmedia&parent=9695"}],"wp:term":[{"taxonomy":"category","embeddable":true,"href":"https:\/\/hormigaradio.com\/index.php?rest_route=%2Fwp%2Fv2%2Fcategories&post=9695"},{"taxonomy":"post_tag","embeddable":true,"href":"https:\/\/hormigaradio.com\/index.php?rest_route=%2Fwp%2Fv2%2Ftags&post=9695"}],"curies":[{"name":"wp","href":"https:\/\/api.w.org\/{rel}","templated":true}]}}