{"id":9710,"date":"2020-05-26T12:59:31","date_gmt":"2020-05-26T12:59:31","guid":{"rendered":"http:\/\/hormigaradio.com\/?p=9710"},"modified":"2020-05-26T13:00:54","modified_gmt":"2020-05-26T13:00:54","slug":"gobierno-autoriza-tiendas-plazas-para-compras-de-las-madres","status":"publish","type":"post","link":"https:\/\/hormigaradio.com\/?p=9710","title":{"rendered":"GOBIERNO AUTORIZA  TIENDAS PLAZAS PARA  COMPRAS DE LAS MADRES"},"content":{"rendered":"<p><span class=\"author\"><a href=\"https:\/\/acento.com.do\/author\/servicios\/\">Servicios de Acento.com.do<\/a>\u00a0<\/span><span class=\"date\">\u00a0<\/span><\/p>\n<figure style=\"width: 1300px\" class=\"wp-caption alignnone\"><img loading=\"lazy\" class=\"attachment-full wp-post-image\" src=\"https:\/\/acento.com.do\/wp-content\/uploads\/271809_1590444457_large.jpeg\" sizes=\"(max-width: 1300px) 100vw, 1300px\" srcset=\"https:\/\/acento.com.do\/wp-content\/uploads\/271809_1590444457_large.jpeg 1300w, https:\/\/acento.com.do\/wp-content\/uploads\/271809_1590444457_large-250x140.jpeg 250w, https:\/\/acento.com.do\/wp-content\/uploads\/271809_1590444457_large-700x393.jpeg 700w, https:\/\/acento.com.do\/wp-content\/uploads\/271809_1590444457_large-768x432.jpeg 768w, https:\/\/acento.com.do\/wp-content\/uploads\/271809_1590444457_large-1080x607.jpeg 1080w, https:\/\/acento.com.do\/wp-content\/uploads\/271809_1590444457_large-120x67.jpeg 120w, https:\/\/acento.com.do\/wp-content\/uploads\/271809_1590444457_large-12x7.jpeg 12w\" alt=\"\" width=\"1300\" height=\"731\" \/><figcaption class=\"wp-caption-text\"><strong>Gustavo Montalvo.<\/strong><\/figcaption><\/figure>\n<p>La Comisi\u00f3n de Alto Nivel para la Prevenci\u00f3n y Control del Coronavirus (COVID-19) ha autorizado la apertura de las tiendas de los centros comerciales, desde hoy, bajo el estricto cumplimiento de los protocolos generales y sectoriales.<\/p>\n<p>La medida fue anunciada por el ministro de la Presidencia y coordinador de la referida comisi\u00f3n, Gustavo Montalvo, a trav\u00e9s de su cuenta de Twitter @GMontalvoFranco.<\/p>\n<p>Obedece al prop\u00f3sito de facilitar las compras de regalos de cara al D\u00eda de las Madres, as\u00ed como tambi\u00e9n de otros art\u00edculos durante los d\u00edas de la semana y evitar as\u00ed una multitud de clientes los s\u00e1bados y domingos.<\/p>\n<p>\u201cQuiero recordar que los comercios deben cumplir las medidas de higiene y de distanciamiento, adem\u00e1s del n\u00famero m\u00e1ximo de trabajadores permitidos en esta primera fase de la desescalada en la que nos encontramos\u201d, destac\u00f3 el ministro Montalvo.<\/p>\n<p>Asimismo, aclar\u00f3 que se mantienen cerradas las \u00e1reas de alimentos, juegos y establecimientos de recreaci\u00f3n para evitar posibles aglomeraciones de personas.<\/p>\n<p>Primera fase de desescalada<\/p>\n<p>La reapertura ordenada y gradual de las actividades econ\u00f3micas, cuya primera fase inici\u00f3 el pasado mi\u00e9rcoles 20, ha venido acompa\u00f1ada de la aplicaci\u00f3n de protocolos obligatorios de prevenci\u00f3n en todos los sectores, sin excepci\u00f3n.<\/p>\n<p>En la desescalada denominada \u201cConvivir con el COVID-19 de forma segura\u201d, se estableci\u00f3 un protocolo general, en consenso con el sector privado, que incluye, adem\u00e1s, de las medidas de distanciamiento, higiene y prevenci\u00f3n, la realizaci\u00f3n de pruebas de COVID-19 y toma de temperatura.<\/p>\n<p>Asimismo, se han establecido protocolos espec\u00edficos para los diferentes sectores, adaptados a cada una de las actividades.<\/p>\n<p>Desde el pasado 18 de mayo, el horario del toque de queda es de lunes a s\u00e1bado de 7 de la noche a 5 de la ma\u00f1ana y los domingos a partir de las 5 de la tarde hasta las 5 de la ma\u00f1ana.<\/p>\n<p>Hasta el momento, se est\u00e1 permitiendo operar parcialmente a las empresas de acuerdo a su tama\u00f1o y al n\u00famero de empleados.<\/p>\n<p>As\u00ed, en las microempresas, que pueden tener hasta 10 empleados, pueden trabajar hasta 5 empleados o no m\u00e1s del 50% del personal; en las peque\u00f1as, que son aquellas de entre 10 y 50, un m\u00ednimo de 10 personas y no m\u00e1s del 50% de su personal.<\/p>\n<p>Mientras, las empresas medianas y grandes tienen permitidop operar, como m\u00e1ximo, con el 25% del personal.<\/p>\n<p>Impactos: 90<\/p>","protected":false},"excerpt":{"rendered":"<p>Servicios de Acento.com.do\u00a0\u00a0 La Comisi\u00f3n de Alto Nivel para la Prevenci\u00f3n y Control del Coronavirus (COVID-19) ha autorizado la apertura de las tiendas de<\/p>\n","protected":false},"author":3,"featured_media":9188,"comment_status":"closed","ping_status":"closed","sticky":false,"template":"","format":"standard","meta":[],"categories":[3],"tags":[],"_links":{"self":[{"href":"https:\/\/hormigaradio.com\/index.php?rest_route=\/wp\/v2\/posts\/9710"}],"collection":[{"href":"https:\/\/hormigaradio.com\/index.php?rest_route=\/wp\/v2\/posts"}],"about":[{"href":"https:\/\/hormigaradio.com\/index.php?rest_route=\/wp\/v2\/types\/post"}],"author":[{"embeddable":true,"href":"https:\/\/hormigaradio.com\/index.php?rest_route=\/wp\/v2\/users\/3"}],"replies":[{"embeddable":true,"href":"https:\/\/hormigaradio.com\/index.php?rest_route=%2Fwp%2Fv2%2Fcomments&post=9710"}],"version-history":[{"count":3,"href":"https:\/\/hormigaradio.com\/index.php?rest_route=\/wp\/v2\/posts\/9710\/revisions"}],"predecessor-version":[{"id":9713,"href":"https:\/\/hormigaradio.com\/index.php?rest_route=\/wp\/v2\/posts\/9710\/revisions\/9713"}],"wp:featuredmedia":[{"embeddable":true,"href":"https:\/\/hormigaradio.com\/index.php?rest_route=\/wp\/v2\/media\/9188"}],"wp:attachment":[{"href":"https:\/\/hormigaradio.com\/index.php?rest_route=%2Fwp%2Fv2%2Fmedia&parent=9710"}],"wp:term":[{"taxonomy":"category","embeddable":true,"href":"https:\/\/hormigaradio.com\/index.php?rest_route=%2Fwp%2Fv2%2Fcategories&post=9710"},{"taxonomy":"post_tag","embeddable":true,"href":"https:\/\/hormigaradio.com\/index.php?rest_route=%2Fwp%2Fv2%2Ftags&post=9710"}],"curies":[{"name":"wp","href":"https:\/\/api.w.org\/{rel}","templated":true}]}}